{"id":130200,"date":"2021-12-27T21:04:15","date_gmt":"2021-12-28T02:04:15","guid":{"rendered":"https:\/\/www.bibula.com\/?p=130200"},"modified":"2021-12-28T10:26:55","modified_gmt":"2021-12-28T15:26:55","slug":"kolejny-pilkarz-nie-zyje-po-bezpiecznej-szczepionce","status":"publish","type":"post","link":"https:\/\/www.bibula.com\/?p=130200","title":{"rendered":"Kolejny pi\u0142karz nie \u017cyje po &#8222;bezpiecznej szczepionce&#8221;"},"content":{"rendered":"<p class=\"has-drop-cap\">Argenty\u0144ski pi\u0142karz Diego Armando Montiel zmar\u0142 w kilka miesi\u0119cy po przyj\u0119ciu eksperymentalego preparatu genetycznego reklamowanego jako &#8222;szczepionka przeciwko Covid-19&#8221;.<\/p>\r\n<p>&nbsp;<\/p>\r\n<p>O \u015bmierci 25-letniego pi\u0142karza powiadomi\u0142 jego poprzedni klub Atl\u00e9tico Rafaela w twitterowym wpisie.<\/p>\r\n<p>&nbsp;<\/p>\r\n<blockquote class=\"twitter-tweet\">\r\n<p dir=\"ltr\" lang=\"es\">Desde Atl\u00e9tico de Rafaela lamentamos el fallecimiento de Diego Armando Montiel, quien defendiera nuestra camiseta en Divisiones Inferiores y Primera Divisi\u00f3n. Deseamos una pronta resignaci\u00f3n para su familia y elevamos nuestras oraciones para su eterno descanso. QEPD. <a href=\"https:\/\/t.co\/S8V2lRgDxn\">pic.twitter.com\/S8V2lRgDxn<\/a><\/p>\r\n\r\n\u2014 Atl\u00e9tico de Rafaela (@OficialAMSyD) <a href=\"https:\/\/twitter.com\/OficialAMSyD\/status\/1475191531099279374?ref_src=twsrc%5Etfw\">December 26, 2021<\/a><\/blockquote>\r\n<p><script async=\"\" src=\"https:\/\/platform.twitter.com\/widgets.js\" charset=\"utf-8\"><\/script><\/p>\r\n<p>&nbsp;<\/p>\r\n<p>Montiel zaszczepi\u0142 si\u0119 w po\u0142owie roku, co wywo\u0142a\u0142o nag\u0142e skutki uboczne. 31 lipca pi\u0142karz wpisa\u0142 na twitterze, \u017ce &#8222;<em>Jestem na kraw\u0119dzi samob\u00f3jstwa, <strong>Nigdy ju\u017c si\u0119 nie zaszczepi\u0119<\/strong><\/em>\u201d.<\/p>\r\n<p>W dzie\u0144 Bo\u017cego Narodzenia, Montiel zosta\u0142 zabrany do szpitala w Santo Tom\u00e9 z nag\u0142ym przypadkiem zapalenia opon m\u00f3zgowych. Zmar\u0142 dzie\u0144 p\u00f3\u017aniej. RIP.<\/p>\r\n<p>&nbsp;<\/p>\r\n<p>Przypadek \u015bmierci argenty\u0144skiego pi\u0142karza wpisuje si\u0119 w seri\u0119 &#8222;niewyja\u015bnionych&#8221; nag\u0142ych zgon\u00f3w b\u0105d\u017a powa\u017cnych zdrowotnych problem\u00f3w sportowc\u00f3w, z kt\u00f3rych wszyscy to osoby zdrowe &#8211; do momentu przyj\u0119cia &#8222;szczepionki przeciwko Covid-19&#8221;.<\/p>\r\n<p>Wed\u0142ug <span style=\"text-decoration: underline;\"><a href=\"https:\/\/thecovidworld.com\/analysis-of-football-injury-data-from-2015-2021-are-heart-related-injuries-more-frequent-in-year-2021\/\">analizy<\/a><\/span> przeprowadzonej na podstawie ogromnych danych zgromadzonych na stronie internetowej <em>TransferMarkt<\/em>, specjalizuj\u0105cej si\u0119 w pi\u0142ce no\u017cnej, wy\u0142ania si\u0119 obraz gwa\u0142townego wzrostu przypadk\u00f3w \u015bmierci b\u0105d\u017a utraty zdrowia w\u015br\u00f3d zaszczepionych pi\u0142karzy.<\/p>\r\n<p>Zanalizowano profile 900 tysi\u0119cy zawodowych pi\u0142karzy z ca\u0142ego \u015bwiata i w latach 2015-2020 zanotowano 89 217 kontuzji, w tym 100 przypadk\u00f3w zdrowotnych zwi\u0105zanych z sercem (0,11%). Natomiast w roku 2021 zanotowano 19 912 kontuzji, w tym 44 przypadki z problemami serca (0,22 %), co stanowi <strong>wzrost o 100%<\/strong>.<\/p>\r\n<p>Aczkolwiek trudno jest ustali\u0107 czy niemal milion analizowanych sportowc\u00f3w to osoby zaszczepione czy te\u017c nie, to nag\u0142y wzrost o 100 procent w roku, w kt\u00f3rym przeprowadzono kampani\u0119 wyszczepiania spo\u0142ecze\u0144stw oraz zmuszania sportowc\u00f3w do przyjmowania tych gro\u017anych preparat\u00f3w, trudno jest uzna\u0107 za przypadek, zbieg okoliczno\u015bci, czy te\u017c wyt\u0142umaczy\u0107 w inny racjonalny spos\u00f3b.<\/p>\r\n<p>Media, w tym te sportowe tak ch\u0119tnie opisuj\u0105ce plotki czy \u017cycie osobiste pi\u0142karzy-celebryt\u00f3w, zupe\u0142nie milcz\u0105 na temat przyj\u0119cia &#8222;szczepionki&#8221; i natychmiastowych b\u0105d\u017a p\u00f3\u017aniejszych problem\u00f3w zdrowotnych. Barbarzy\u0144scy &#8222;u\u015bmiechni\u0119ci&#8221; dziennikarze sportowi zachowuj\u0105 si\u0119 jak dzikie plemi\u0119 z buszu nie potrafi\u0105ce skojarzy\u0107 aktu kopulacji z ci\u0105\u017c\u0105.<\/p>\r\n<p class=\"zrodlo\">Oprac. www.bibula.com<br>\r\n2021-12-27<br>\r\nna podstawie <a href=\"https:\/\/thecovidworld.com\/analysis-of-football-injury-data-from-2015-2021-are-heart-related-injuries-more-frequent-in-year-2021\/\">The Covid World<\/a><\/p>\r\n<p>&nbsp;<\/p>\r\n<blockquote>\r\n<p><strong>CZYTAJ R\u00d3WNIE\u017b:<\/strong><\/p>\r\n<ul>\r\n\t<li><a href=\"https:\/\/www.bibula.com\/?p=128957\"> Zawodowy kolarz hospitalizowany po \u201ebezpiecznej\u201d szczepionce<\/a><\/li>\r\n\t<li><a href=\"https:\/\/www.bibula.com\/?p=129781\">Nadmierny wysi\u0142ek po przyj\u0119ciu preparatu firmy Pfizer niewskazany?<\/a><\/li>\r\n\t<li><a href=\"https:\/\/www.bibula.com\/?p=127776\">Wielki powr\u00f3t odwo\u0142any. W pe\u0142ni zaszczepiony pi\u0119\u015bciarski mistrz olimpijski zachorowa\u0142 i trafi\u0142 do szpitala <\/a><\/li>\r\n\t<li><a href=\"https:\/\/www.bibula.com\/?p=127490\">Zakrzepy w m\u00f3zgu, krwotok, zgon. Dochodzenie potwierdzi\u0142o, \u017ce 44-letnia prezenterka BBC zmar\u0142a na skutek przyj\u0119cia szczepionki AstraZeneca <\/a><\/li>\r\n\t<li><a href=\"https:\/\/www.bibula.com\/?p=126416\">Wreszcie oficjalna odpowied\u017a w sprawie pi\u0142karza Eriksena\u2026 Nadal nic nie wiemy\u2026 <\/a><\/li>\r\n\t<li><a href=\"https:\/\/www.bibula.com\/?p=126386\">Kolejne 2 przypadki niewyja\u015bnionego za\u0142abni\u0119cia sportowc\u00f3w. Media milcz\u0105. Przyczyna \u201enieznana\u201d <\/a><\/li>\r\n\t<li><a href=\"https:\/\/www.bibula.com\/?p=126095\">Adam Kszczot rezygnuje z Olimpady w Tokio. Po zaszczepieniu si\u0119 \u201eorganizm odm\u00f3wi\u0142 pos\u0142usze\u0144stwa\u201d\u2026 <\/a><\/li>\r\n\t<li><a href=\"https:\/\/www.bibula.com\/?p=126035\">Czy Eriksen by\u0142 \u201ezaszczepiony\u201d? \u201eSzczepionki\u201d \u2013 temat tabu, gdy dzieje si\u0119 co\u015b z\u0142ego <\/a><\/li>\r\n<\/ul>\r\n<\/blockquote>","protected":false},"excerpt":{"rendered":"Argenty\u0144ski pi\u0142karz Diego Armando Montiel zmar\u0142 w kilka miesi\u0119cy po przyj\u0119ciu eksperymentalego preparatu genetycznego reklamowanego jako &#8222;szczepionka przeciwko Covid-19&#8221;. &nbsp; O \u015bmierci 25-letniego pi\u0142karza powiadomi\u0142 jego poprzedni klub Atl\u00e9tico Rafaela w twitterowym wpisie. &nbsp; Desde Atl\u00e9tico de Rafaela lamentamos el fallecimiento de Diego Armando Montiel, quien defendiera nuestra camiseta en Divisiones Inferiores y Primera Divisi\u00f3n. [&hellip;]","protected":false},"author":1,"featured_media":0,"comment_status":"closed","ping_status":"closed","sticky":false,"template":"","format":"standard","meta":{"_acf_changed":false,"_monsterinsights_skip_tracking":false,"ngg_post_thumbnail":0,"footnotes":"","_wp_rev_ctl_limit":""},"categories":[13],"tags":[433,20,213,452],"acf":[],"_links":{"self":[{"href":"https:\/\/www.bibula.com\/index.php?rest_route=\/wp\/v2\/posts\/130200"}],"collection":[{"href":"https:\/\/www.bibula.com\/index.php?rest_route=\/wp\/v2\/posts"}],"about":[{"href":"https:\/\/www.bibula.com\/index.php?rest_route=\/wp\/v2\/types\/post"}],"author":[{"embeddable":true,"href":"https:\/\/www.bibula.com\/index.php?rest_route=\/wp\/v2\/users\/1"}],"replies":[{"embeddable":true,"href":"https:\/\/www.bibula.com\/index.php?rest_route=%2Fwp%2Fv2%2Fcomments&post=130200"}],"version-history":[{"count":10,"href":"https:\/\/www.bibula.com\/index.php?rest_route=\/wp\/v2\/posts\/130200\/revisions"}],"predecessor-version":[{"id":130217,"href":"https:\/\/www.bibula.com\/index.php?rest_route=\/wp\/v2\/posts\/130200\/revisions\/130217"}],"wp:attachment":[{"href":"https:\/\/www.bibula.com\/index.php?rest_route=%2Fwp%2Fv2%2Fmedia&parent=130200"}],"wp:term":[{"taxonomy":"category","embeddable":true,"href":"https:\/\/www.bibula.com\/index.php?rest_route=%2Fwp%2Fv2%2Fcategories&post=130200"},{"taxonomy":"post_tag","embeddable":true,"href":"https:\/\/www.bibula.com\/index.php?rest_route=%2Fwp%2Fv2%2Ftags&post=130200"}],"curies":[{"name":"wp","href":"https:\/\/api.w.org\/{rel}","templated":true}]}}