{"id":130009,"date":"2021-12-19T11:34:25","date_gmt":"2021-12-19T16:34:25","guid":{"rendered":"https:\/\/www.bibula.com\/?p=130009"},"modified":"2021-12-19T11:34:25","modified_gmt":"2021-12-19T16:34:25","slug":"watykan-oglasza-surowe-restrykcje-dotyczace-tradycyjnej-mszy-i-sakramentow-michael-hayness","status":"publish","type":"post","link":"https:\/\/www.bibula.com\/?p=130009","title":{"rendered":"Watykan og\u0142asza surowe restrykcje dotycz\u0105ce tradycyjnej Mszy i sakrament\u00f3w &#8211; <em>Michael Hayness<\/em>"},"content":{"rendered":"<p><strong><em>Ujawniony dokument ogranicza tradycyjn\u0105 celebracj\u0119 sakrament\u00f3w, sugeruje przysz\u0142e wycofanie pozwolenia na odprawianie tradycyjnej Mszy w og\u00f3le i przewiduje kary dla ksi\u0119\u017cy, kt\u00f3rzy nie b\u0119d\u0105 koncelebrowa\u0107.<\/em><\/strong><\/p>\r\n<p>&nbsp;<\/p>\r\n<p>VATICAN CITY (LifeSiteNews) &#8211; Watykan rozpocz\u0105\u0142 dzi\u015b nowy atak na tradycyjn\u0105 \u0142aci\u0144sk\u0105 msz\u0119, kiedy Kongregacja ds. Kultu Bo\u017cego i Dyscypliny Sakrament\u00f3w (KdsKBiDS) wyda\u0142a <em>Responsa <\/em>(Odpwowied\u017a) na jedena\u015bcie pyta\u0144 dotycz\u0105cych \u0142aci\u0144skiej mszy.<\/p>\r\n<p><em>Responsa<\/em> nak\u0142ada surowe ograniczenia na sprawowanie sakrament\u00f3w w spos\u00f3b tradycyjny, jak r\u00f3wnie\u017c na ksi\u0119\u017cy, kt\u00f3rzy odmawiaj\u0105 koncelebry.<\/p>\r\n<p>Dokument zosta\u0142 podpisany przez zagorza\u0142ego antytradycjonalistycznego szefa KdsKBiDS, Anglika, arcybiskupa Arthura Roche. Dokument nosi dat\u0119 4 grudnia, ale zosta\u0142 opublikowany 18 grudnia. Zosta\u0142 on zatwierdzony przez papie\u017ca Franciszka w listopadzie.&nbsp;<\/p>\r\n<p>&nbsp;<\/p>\r\n<h4>Tradycyjne sakramenty &#8211; wykopane<\/h4>\r\n<p>Dokument jest bezkompromisowy w swojej postawie wobec tradycyjnych ceremonii towarzysz\u0105cych siedmiu sakramentom.&nbsp;<\/p>\r\n<p>&#8222;Czy jest mo\u017cliwe, zgodnie z postanowieniami Motu Proprio <em>Traditionis Custodes<\/em>, sprawowanie sakrament\u00f3w przy u\u017cyciu <em>Rituale Romanum<\/em> i <em>Pontificale Romanum<\/em>, kt\u00f3re poprzedzaj\u0105 reform\u0119 liturgiczn\u0105 Soboru Watyka\u0144skiego II?&#8221; &#8211; pyta\u0142a jedna z <em>Dubii<\/em>, czyli oficjalnych pyta\u0144.&nbsp;<\/p>\r\n<p>Kongregacja odpowiedzia\u0142a: &#8222;Nie&#8221;.&nbsp;<\/p>\r\n<p>Zastrzeg\u0142a ona, \u017ce biskupi diecezjalni mog\u0105 jedynie udzieli\u0107 pozwolenia na u\u017cywanie &#8222;<span style=\"text-decoration: underline;\"><a href=\"https:\/\/liturgia.it\/content\/ritrom.pdf\"><em>Rituale Romanum<\/em><\/a><\/span> (ostatnia editio typica 1952)&#8221;, a pozwolenie to mo\u017ce by\u0107 udzielone jedynie w &#8222;parafiach personalnych erygowanych kanonicznie&#8221;, takich jak te nale\u017c\u0105ce do Instytutu Chrystusa Kr\u00f3la (ICKSP), Bractwa \u015awi\u0119tego Piotra (FSSP) czy Instytutu Dobrego Pasterza (IBP). Pi\u0119\u0107 z siedmiu sakrament\u00f3w jest zawartych w Rytuale Rzymskim: chrzest, pokuta, Komunia \u015awi\u0119ta, ma\u0142\u017ce\u0144stwo i skrajne unaradawianie.&nbsp;<\/p>\r\n<p>Pozwolenie episkopatu na u\u017cywanie <em>Rituale<\/em> powinno by\u0107 udzielone przez biskupa diecezjalnego tylko &#8222;po uprzednim rozeznaniu&#8221;.<\/p>\r\n<p>Responsa wyra\u017anie wyklucza udzielanie przez biskup\u00f3w pozwolenia na u\u017cywanie <em>Pontificale Romanum<\/em>, kt\u00f3re zawiera sakramenty bierzmowania i \u015bwi\u0119ce\u0144.<\/p>\r\n<p>Cel wyparcia tradycyjnej Mszy \u0142aci\u0144skiej jest jasny. Kongregacja przypomnia\u0142a biskupom, \u017ce <em>Traditionis Custodes<\/em> &#8222;zamierza przywr\u00f3ci\u0107 w ca\u0142ym Ko\u015bciele Rytu Rzymskiego jedn\u0105 i identyczn\u0105 modlitw\u0119 wyra\u017caj\u0105c\u0105 jego jedno\u015b\u0107&#8221;, najwyra\u017aniej w zgodzie z Soborem Watyka\u0144skim II i &#8222;tradycj\u0105 Ko\u015bcio\u0142a&#8221;.<\/p>\r\n<p>W zwi\u0105zku z tym, w celu d\u0105\u017cenia do &#8222;post\u0119pu&#8221; po\u017c\u0105danego przez <em>Traditionis Custodes<\/em> (TC), Kongregacja zarz\u0105dzi\u0142a, \u017ce &#8222;nie b\u0119dzie udziela\u0107 pozwolenia na u\u017cywanie <em>Rituale Romanum<\/em> i <em>Pontificale Romanum<\/em>, kt\u00f3re poprzedzaj\u0105 reform\u0119 liturgiczn\u0105&#8221;, poniewa\u017c zosta\u0142y one &#8222;uchylone&#8221; zgodnie z warunkami TC.<\/p>\r\n<p>W tych warunkach pozostaje niejasne, czy Kongregacja zezwoli tradycyjnym zakonom na udzielanie \u015bwi\u0119ce\u0144 w staro\u017cytnej formie liturgicznej, czy te\u017c b\u0119d\u0105 one zmuszone do odbywania ich wed\u0142ug Novus Ordo.<\/p>\r\n<p>&nbsp;<\/p>\r\n<h4>Ksi\u0119\u017ca, kt\u00f3rzy nie koncelebruj\u0105, nie mog\u0105 odprawia\u0107 Mszy \u0142aci\u0144skiej<\/h4>\r\n<p>Koncelebracja jest szeroko rozpowszechniona w Novus Ordo, a Kongregacja promuje t\u0119 praktyk\u0119 liturgiczn\u0105 poprzez nak\u0142adanie surowych ogranicze\u0144 na ksi\u0119\u017cy, kt\u00f3rzy jej nie sprawuj\u0105.<\/p>\r\n<p>I tak, je\u015bli kap\u0142an, kt\u00f3remu obecnie wolno odprawia\u0107 Msz\u0119 \u0142aci\u0144sk\u0105 (czy to diecezjaln\u0105, czy te\u017c nale\u017c\u0105c\u0105 do zakonu tradycyjnego, gdy\u017c <em>Responsa<\/em> nie wprowadza rozr\u00f3\u017cnienia), &#8222;nie uznaje wa\u017cno\u015bci i prawowito\u015bci koncelebry &#8211; odmawiaj\u0105c koncelebry, w szczeg\u00f3lno\u015bci podczas Mszy \u015bw. chrzcielnej&#8221;, powinien zosta\u0107 pozbawiony mo\u017cliwo\u015bci odprawiania Mszy tradycyjnej.<\/p>\r\n<p>Zanim biskup na\u0142o\u017cy na kap\u0142ana t\u0119 ci\u0119\u017ck\u0105 kar\u0119, powinien &#8222;nawi\u0105za\u0107 z nim braterski dialog, aby upewni\u0107 si\u0119, \u017ce jego postawa nie wyklucza wa\u017cno\u015bci i prawowito\u015bci reformy liturgicznej, nauczania Soboru Watyka\u0144skiego II i Magisterium Najwy\u017cszych Kap\u0142an\u00f3w, oraz towarzyszy\u0107 mu w zrozumieniu warto\u015bci koncelebry, zw\u0142aszcza podczas Mszy \u015bw. chrzcielnej&#8221;.&nbsp;<\/p>\r\n<p>Powodem tego ma by\u0107 wzmocnienie twierdzenia papie\u017ca Franciszka w <em>Traditionis Custodes<\/em>, \u017ce zwolennicy Mszy \u0142aci\u0144skiej odrzucaj\u0105 liturgiczn\u0105 &#8222;reform\u0119&#8221;, poniewa\u017c &#8222;zdradza ona Tradycj\u0119 i 'prawdziwy Ko\u015bci\u00f3\u0142&#8217;.&#8221;<\/p>\r\n<p>&#8222;Wyra\u017ana odmowa nieuczestniczenia w koncelebrze, zw\u0142aszcza podczas Mszy \u015bw. chrzcielnej, wydaje si\u0119 wyra\u017ca\u0107 brak akceptacji reformy liturgicznej i brak ko\u015bcielnej komunii z biskupem, przy czym oba te elementy s\u0105 koniecznymi wymogami, aby m\u00f3c skorzysta\u0107 z koncesji na odprawianie wed\u0142ug <em>Missale Romanum<\/em> z 1962 roku&#8221; &#8211; o\u015bwiadczy\u0142a <em>Responsa<\/em> Kongregacji.<\/p>\r\n<p>Takie stwierdzenie zosta\u0142o jednak uznane za naruszenie Kanonu 902 Prawa Kanonicznego Ko\u015bcio\u0142a, kt\u00f3ry zachowuje prawo kap\u0142an\u00f3w do koncelebry, ale tylko wtedy, gdy sami tego chc\u0105.<\/p>\r\n<p>&nbsp;<\/p>\r\n<h4>Msza w ko\u015bciele parafialnym &#8211; dozwolona w bardzo ograniczonych okoliczno\u015bciach<\/h4>\r\n<p>Chocia\u017c <em>Traditionis Custodes<\/em> zabrania\u0142a odprawiania Mszy \u0142aci\u0144skiej w ko\u015bcio\u0142ach parafialnych, <em>Responsa<\/em> zezwoli\u0142a na u\u017cywanie ko\u015bcio\u0142\u00f3w parafialnych do odprawiania Mszy w miejscach, gdzie &#8222;nie mo\u017cna znale\u017a\u0107 ko\u015bcio\u0142a, oratorium lub kaplicy, kt\u00f3re by\u0142yby dost\u0119pne, aby pomie\u015bci\u0107 wiernych&#8221;.<\/p>\r\n<p>Wyja\u015bniaj\u0105c, dlaczego zakaz korzystania z ko\u015bcio\u0142a parafialnego zosta\u0142 przewidziany w TC, <em>Responsa<\/em> stwierdzi\u0142a, \u017ce: &#8222;Wykluczenie ko\u015bcio\u0142a parafialnego ma na celu potwierdzenie, \u017ce sprawowanie Eucharystii wed\u0142ug poprzedniego obrz\u0105dku, b\u0119d\u0105c koncesj\u0105 ograniczon\u0105 do tych grup, nie nale\u017cy do zwyczajnego \u017cycia wsp\u00f3lnoty parafialnej&#8221;.<\/p>\r\n<p>Zgodnie z postanowieniami <em>Responsy<\/em>, biskup diecezjalny musi &#8222;prosi\u0107&#8221; o mo\u017cliwo\u015b\u0107 korzystania z ko\u015bcio\u0142a parafialnego, &#8222;tylko wtedy, gdy zostanie stwierdzone, \u017ce niemo\u017cliwe jest korzystanie z innego ko\u015bcio\u0142a, oratorium lub kaplicy&#8221;. Ocena tej niemo\u017cno\u015bci musi by\u0107 dokonana z najwy\u017csz\u0105 staranno\u015bci\u0105.&#8221;<\/p>\r\n<p>Ponadto, je\u015bli ko\u015bci\u00f3\u0142 parafialny jest u\u017cywany do odprawiania Mszy \u0142aci\u0144skiej, uczestnicy s\u0105 nara\u017ceni na ostracyzm, gdy\u017c <em>Responsa<\/em> nakazuje, aby Msza &#8222;nie by\u0142a w\u0142\u0105czona do planu Mszy parafialnych&#8221; i &#8222;nie by\u0142a odprawiana w tym samym czasie, co dzia\u0142alno\u015b\u0107 duszpasterska wsp\u00f3lnoty parafialnej&#8221;. Kongregacja twierdzi jednak, \u017ce nie ma zamiaru &#8222;marginalizowa\u0107 wiernych&#8221; oddanych tradycyjnej Mszy \u015bw.<\/p>\r\n<p>&nbsp;<\/p>\r\n<h4>U\u017cywanie t\u0142umacze\u0144 biblijnych<\/h4>\r\n<p><em>Responsa<\/em>, odpowiadaj\u0105c na dekret papie\u017ca Franciszka, aby niekt\u00f3re czytania we Mszy \u0142aci\u0144skiej by\u0142y proklamowane w j\u0119zyku wernakularnym, zezwoli\u0142a na u\u017cycie &#8222;pe\u0142nego tekstu Biblii do czyta\u0144, wybieraj\u0105c perykopy wskazane w Mszale.&#8221;<\/p>\r\n<p>Zezwolenie takie zosta\u0142o udzielone, poniewa\u017c &#8222;[nie wolno] publikowa\u0107 lekcjonarzy wernakularnych, kt\u00f3re odtwarzaj\u0105 cykl czyta\u0144 poprzedniego obrz\u0105dku.&#8221;<\/p>\r\n<p>Broni\u0105c nakazu u\u017cywania wernakularnego dla niekt\u00f3rych cz\u0119\u015bci tradycyjnej Mszy, Kongregacja stwierdzi\u0142a, \u017ce lekcjonarz Novus Ordo jest &#8222;jednym z najcenniejszych owoc\u00f3w reformy liturgicznej Soboru Watyka\u0144skiego II.&#8221;<\/p>\r\n<p>&nbsp;<\/p>\r\n<h4>Przyszli ksi\u0119\u017ca maj\u0105 by\u0107 zmuszeni do odprawiania Novus Ordo i Mszy \u0142aci\u0144skiej?<\/h4>\r\n<p><em>Responsa<\/em> zwr\u00f3ci\u0142a si\u0119 nast\u0119pnie ku przepisom zawartym w TC dla ksi\u0119\u017cy wy\u015bwi\u0119conych po 16 lipca, kt\u00f3rzy chcieliby odprawia\u0107 tradycyjn\u0105 Msz\u0119 \u0142aci\u0144sk\u0105.&nbsp;<\/p>\r\n<p>Kongregacja orzek\u0142a, \u017ce takie pozwolenie nadal obowi\u0105zuje, z zastrze\u017ceniem procedur przedstawionych w <em>Traditionis Custodes<\/em>, przewiduj\u0105cych, \u017ce biskup diecezjalny musi oceni\u0107 ka\u017cdy przypadek i uzyska\u0107 pozwolenie Watykanu, zanim pozwoli nowemu ordynariuszowi odprawia\u0107 tradycyjn\u0105 Msz\u0119.&nbsp;<\/p>\r\n<p>Jednak\u017ce, wyja\u015bnienie tego konkretnego pytania zdawa\u0142o si\u0119 wskazywa\u0107, \u017ce ksi\u0119\u017ca mog\u0105 by\u0107 zmuszani do odprawiania zar\u00f3wno Mszy Novus Ordo jak i Mszy \u0142aci\u0144skiej. Paw\u0142a VI i Jana Paw\u0142a II&#8221; &#8211; Novus Ordo &#8211; jako &#8222;unikalny wyraz <em>lex orandi<\/em> rytu rzymskiego&#8221;, Kongregacja napisa\u0142a: &#8222;jest zatem absolutnie konieczne, aby kap\u0142ani wy\u015bwi\u0119ceni po opublikowaniu Motu Proprio podzielali to pragnienie Ojca \u015awi\u0119tego&#8221;.<\/p>\r\n<p>&#8222;Wszystkich formator\u00f3w seminaryjnych, pragn\u0105cych kroczy\u0107 z trosk\u0105 w kierunku wskazanym przez papie\u017ca Franciszka, zach\u0119ca si\u0119, aby towarzyszyli przysz\u0142ym diakonom i kap\u0142anom w zrozumieniu i do\u015bwiadczeniu bogactwa reformy liturgicznej, do kt\u00f3rej wezwa\u0142 Sob\u00f3r Watyka\u0144ski II&#8221; &#8211; doda\u0142a Kongregacja.<\/p>\r\n<p>&#8222;Reforma ta wzbogaci\u0142a ka\u017cdy element Rytu Rzymskiego i sprzyja\u0142a &#8211; zgodnie z nadziej\u0105 Ojc\u00f3w Soboru &#8211; pe\u0142nemu, \u015bwiadomemu i czynnemu uczestnictwu ca\u0142ego Ludu Bo\u017cego w liturgii (por. Sacrosanctum Concilium nr 14), b\u0119d\u0105cej podstawowym \u017ar\u00f3d\u0142em autentycznej duchowo\u015bci chrze\u015bcija\u0144skiej.&#8221;<\/p>\r\n<p>&nbsp;<\/p>\r\n<h4>Sugerowanie zako\u0144czenia wszelkich pozwole\u0144 na odprawianie Mszy \u0142aci\u0144skiej<\/h4>\r\n<p>Zastrzegaj\u0105c, \u017ce nowi kap\u0142ani mog\u0105 odprawia\u0107 Msz\u0119 \u015bw. po \u0142acinie, z zachowaniem nakre\u015blonych przepis\u00f3w, Kongregacja zasugerowa\u0142a jednocze\u015bnie, \u017ce w przysz\u0142o\u015bci pozwolenie to mo\u017ce zosta\u0107 wycofane. <em>Responsa<\/em> m\u00f3wi\u0142a o pozwoleniu na u\u017cywanie tradycyjnego msza\u0142u &#8222;na okre\u015blony czas&#8221;, kt\u00f3ry mo\u017ce si\u0119 sko\u0144czy\u0107 decyzj\u0105 miejscowego biskupa.<\/p>\r\n<p>&#8222;Mo\u017cliwo\u015b\u0107 udzielenia pozwolenia na u\u017cywanie <em>Missale Romanum<\/em> z 1962 roku na okre\u015blony czas &#8211; okres, kt\u00f3ry biskup diecezjalny uzna za stosowny &#8211; jest nie tylko mo\u017cliwa, ale i zalecana: koniec okre\u015blonego okresu daje mo\u017cliwo\u015b\u0107 upewnienia si\u0119, \u017ce wszystko jest zgodne z kierunkiem wyznaczonym przez Motu Proprio. Wynik tej oceny mo\u017ce stanowi\u0107 podstaw\u0119 do przed\u0142u\u017cenia lub zawieszenia pozwolenia&#8221;.<\/p>\r\n<p>Co znamienne, sekcja ta nie zawiera \u017cadnego wy\u0142\u0105czenia dla takiego przysz\u0142ego zakazu Mszy \u0142aci\u0144skiej dla cz\u0142onk\u00f3w zakon\u00f3w tradycyjnych.<\/p>\r\n<p>&nbsp;<\/p>\r\n<h4>Lokalne zezwolenia tylko na Msz\u0119 \u0142aci\u0144sk\u0105<\/h4>\r\n<p>W tym, co b\u0119dzie ciosem szczeg\u00f3lnie dla cz\u0142onk\u00f3w wsp\u00f3lnot tradycyjnych, kt\u00f3rzy cz\u0119sto podr\u00f3\u017cuj\u0105 mi\u0119dzy diecezjami, aby odprawia\u0107 tradycyjn\u0105 Msz\u0119 \u0142aci\u0144sk\u0105, Kongregacja orzek\u0142a, \u017ce pozwolenie na odprawianie tradycyjnych obrz\u0119d\u00f3w obowi\u0105zuje tylko w ka\u017cdej konkretnej diecezji. Tak wi\u0119c, podczas gdy jedna diecezja mo\u017ce zezwoli\u0107 kap\u0142anowi na sprawowanie staro\u017cytnej liturgii, s\u0105siednia diecezja nie mo\u017ce mu tego pozwolenia udzieli\u0107.<\/p>\r\n<p>&nbsp;<\/p>\r\n<h4>Ksi\u0119\u017ca nie mog\u0105 odprawia\u0107 Mszy \u0142aci\u0144skiej w dni, w kt\u00f3rych odprawiaj\u0105 r\u00f3wnie\u017c Novus Ordo<\/h4>\r\n<p>W zakazie, kt\u00f3ry powa\u017cnie dotknie kap\u0142an\u00f3w diecezjalnych oferuj\u0105cych Msz\u0119 \u0142aci\u0144sk\u0105, Kongregacja wyra\u017anie zabroni\u0142a oferowania Mszy \u0142aci\u0144skiej w dniach, w kt\u00f3rych kap\u0142an odprawia r\u00f3wnie\u017c Novus Ordo.&nbsp;<\/p>\r\n<p>Zakaz taki zosta\u0142 obroniony, poniewa\u017c &#8222;nie istnieje 's\u0142uszna przyczyna&#8217; lub 'konieczno\u015b\u0107 duszpasterska&#8217;, jak wymaga tego kanon 905 \u00a72: &#8222;prawo wiernych do sprawowania Eucharystii nie jest w \u017caden spos\u00f3b negowane, poniewa\u017c oferuje si\u0119 im mo\u017cliwo\u015b\u0107 uczestniczenia w Eucharystii w jej aktualnej formie rytualnej.&#8221;<\/p>\r\n<p>Taki zakaz wprowadza si\u0119 nawet w przypadku prywatnej Mszy, poniewa\u017c kap\u0142anowi zabrania si\u0119 ofiarowania dw\u00f3ch Mszy &#8222;czy to z grup\u0105, czy prywatnie.&#8221;<\/p>\r\n<p>B\u0119dzie to du\u017cym obci\u0105\u017ceniem dla ko\u015bcio\u0142\u00f3w nie obs\u0142ugiwanych przez tradycyjne zakony (ICKSP, FSSP, IBP), ale przez ksi\u0119\u017cy diecezjalnych, kt\u00f3rym pozwolono nadal oferowa\u0107 Msz\u0119 \u0142aci\u0144sk\u0105 obok Novus Ordo.&nbsp;<\/p>\r\n<p>Data 4 grudnia zosta\u0142a specjalnie wybrana na podpisanie <em>Responsa<\/em>, poniewa\u017c jest to 58 rocznica promulgacji dokumentu Vaticanum II o liturgii, <em>Sacrosanctum Concilium<\/em>. Podobnie jak w przypadku <em>Traditionis Custodes<\/em>, opublikowanego 16 lipca (\u015bwi\u0119to Matki Bo\u017cej z G\u00f3ry Karmel), <em>Responsa<\/em> zosta\u0142y wydane w inn\u0105 tradycyjn\u0105 uroczysto\u015b\u0107 maryjn\u0105, w \u015bwi\u0119to Oczekiwania Maryi.<\/p>\r\n<p>Broni\u0105c <em>Traditionis Custodes<\/em> jako &#8222;w ci\u0105g\u0142ym poszukiwaniu ko\u015bcielnej komunii&#8221;, <em>Responsa<\/em> Kongregacji powt\u00f3rzy\u0142a papieskie oskar\u017cenie, \u017ce tradycyjna Msza \u0142aci\u0144ska sta\u0142a si\u0119 &#8222;przyczyn\u0105 podzia\u0142\u00f3w&#8221;.<\/p>\r\n<p>&#8222;Smutno jest patrze\u0107, jak najg\u0142\u0119bsza wi\u0119\u017a jedno\u015bci, udzia\u0142 w jednym Chlebie \u0142amanym, kt\u00f3ry jest Jego Cia\u0142em ofiarowanym, aby wszyscy stanowili jedno (por. J 17, 21), staje si\u0119 przyczyn\u0105 podzia\u0142\u00f3w&#8221; &#8211; napisa\u0142a Kongregacja.<\/p>\r\n<p>&nbsp;<\/p>\r\n<h4>Reakcje<\/h4>\r\n<p><span style=\"text-decoration: underline;\"><a href=\"https:\/\/twitter.com\/dianemontagna\/status\/1472165485211013122\">Komentuj\u0105c<\/a><\/span> dokument, watyka\u0144ska dziennikarka Diane Montagna powiedzia\u0142a, \u017ce wygl\u0105da na to, i\u017c Watykan &#8222;wywiera teraz maksymaln\u0105 presj\u0119 i kontrol\u0119 nad katolickimi biskupami w kwestii tradycyjnej \u0142aci\u0144skiej Mszy&#8221;.<\/p>\r\n<p>Pojawi\u0142y si\u0119 r\u00f3wnie\u017c <span style=\"text-decoration: underline;\"><a href=\"https:\/\/twitter.com\/CatholicSat\/status\/1472179301386752001\">obawy<\/a><\/span> o przysz\u0142o\u015b\u0107 tradycyjnych zakon\u00f3w, kt\u00f3re zosta\u0142y zagro\u017cone przez nowe restrykcje.&nbsp;<\/p>\r\n<p>Wypowiadaj\u0105c si\u0119 dla LifeSiteNews, diakon Nick Donnelly przedstawi\u0142 swoje wst\u0119pne reakcje na &#8222;okrutny&#8221; dokument Kongregacji: &#8222;Gro\u017aba cofni\u0119cia 'koncesji&#8217; na odprawianie tradycyjnej Mszy \u0142aci\u0144skiej dla ksi\u0119\u017cy, kt\u00f3rzy odmawiaj\u0105 udzia\u0142u w tak zwanej 'koncelebrze&#8217; jest niepotrzebnym i tak szokuj\u0105co brutalnym nadu\u017cyciem w\u0142adzy w Ko\u015bciele&#8221; &#8211; powiedzia\u0142.&nbsp;&nbsp;<\/p>\r\n<p>&#8222;Koncelebra zosta\u0142a wprowadzona dopiero na Soborze Watyka\u0144skim II i mo\u017ce odci\u0105ga\u0107 od symbolicznej rzeczywisto\u015bci kap\u0142ana dzia\u0142aj\u0105cego <em>in persona Christi<\/em>&#8221; &#8211; kontynuowa\u0142 diakon.&nbsp;<\/p>\r\n<p>&#8222;W momencie konsekracji kap\u0142an jest Chrystusem sk\u0142adaj\u0105cym Ojcu ofiar\u0119 ze swego Naj\u015bwi\u0119tszego Cia\u0142a i swej Przenajdro\u017cszej Krwi w przeb\u0142aganiu za grzechy ludzko\u015bci. Obecno\u015b\u0107 wielu ksi\u0119\u017cy w sanktuarium 'koncelebruj\u0105cych&#8217; podczas konsekracji mo\u017ce ukry\u0107 to \u015bwi\u0119te sakramentalne znaczenie.&#8221;&nbsp;<\/p>\r\n<p>Donnelly doda\u0142: &#8222;Nie ma potrzeby, aby papie\u017c Franciszek stawia\u0142 ksi\u0119\u017cy w niemo\u017cliwej sytuacji niemo\u017cno\u015bci odprawiania tradycyjnej \u0142aci\u0144skiej Mszy w tradycyjny spos\u00f3b.&#8221;&nbsp;<\/p>\r\n<p>&#8222;Jest to tak nieuzasadnione, \u017ce wydaje si\u0119 okrutne&#8221;.<\/p>\r\n<p>Rzecznik Restoring the Faith Media okre\u015bli\u0142 dokument jako b\u0119d\u0105cy &#8222;otwartym zaproszeniem do rozpaczy&#8221;.<\/p>\r\n<p>&#8222;Ta Responsa stawia nas na bardzo wyra\u017anej r\u00f3wni pochy\u0142ej w kierunku ca\u0142kowitego, jawnego st\u0142umienia Mszy Wiek\u00f3w&#8221; &#8211; powiedzia\u0142 rzecznik w rozmowie z LifeSiteNews. &#8222;Tworzy chmur\u0119 zag\u0142ady, rzucaj\u0105c z\u0142owrogi cie\u0144 na przysz\u0142o\u015b\u0107 Tradycji i wydaje si\u0119 by\u0107 zaprojektowana specjalnie po to, by wzbudza\u0107 w wiernych uczucia niepokoju, nietrwa\u0142o\u015bci i zw\u0105tpienia. Kr\u00f3tko m\u00f3wi\u0105c, jest to antyteza nadziei; otwarte zaproszenie do rozpaczy.&#8221;<\/p>\r\n<p class=\"zrodlo\">\u0179r\u00f3d\u0142o: <a href=\"https:\/\/www.lifesitenews.com\/opinion\/rome-drops-new-bombshells-on-traditional-mass\/\">Lifesitenews (December 2021) &#8211; &#8222;Michael Hayness, Vatican announces harsh restrictions on traditional Mass, sacraments&#8221;<\/a><\/p>\r\n<h4>&nbsp;<\/h4>\r\n<hr style=\"background-color: #000000; border-width: 0; color: #000000; height: 2px; line-height: 0; text-align: center; width: 100%;\">\r\n<h4>&nbsp;<\/h4>\r\n<blockquote>\r\n<p><strong>KOMENTARZ <em>BIBU\u0141Y<\/em><\/strong>: Trudno odnosi\u0107 si\u0119 do tego be\u0142kotu produkcji Franciszka-Bergoglio et consortes, ale jak wida\u0107 wszystko idzie w kierunku \u015bwiatowego Resetu, kt\u00f3ry nie mo\u017ce zaistnie\u0107 bez satanistycznych si\u0142 watyka\u0144skich.<\/p>\r\n<p>Szatan nienawidzi tradycyjnej Mszy \u015bwi\u0119tej i nie ulega w\u0105tpliwo\u015bci, \u017ce upozorowa\u0142 si\u0119 jako Duch \u015awi\u0119ty podczas Soboru Watyka\u0144skiego II. Z zadowoleniem zaciera teraz r\u0119ce patrz\u0105c na owoce swojego dzie\u0142a, na pogubionych katolik\u00f3w, sprzedajnych hierarch\u00f3w i podmienionych Papie\u017cy.<\/p>\r\n<\/blockquote>\r\n<h4>&nbsp;<\/h4>\r\n<hr style=\"background-color: #000000; border-width: 0; color: #000000; height: 2px; line-height: 0; text-align: center; width: 100%;\">\r\n<h4>&nbsp;<\/h4>","protected":false},"excerpt":{"rendered":"Ujawniony dokument ogranicza tradycyjn\u0105 celebracj\u0119 sakrament\u00f3w, sugeruje przysz\u0142e wycofanie pozwolenia na odprawianie tradycyjnej Mszy w og\u00f3le i przewiduje kary dla ksi\u0119\u017cy, kt\u00f3rzy nie b\u0119d\u0105 koncelebrowa\u0107. &nbsp; VATICAN CITY (LifeSiteNews) &#8211; Watykan rozpocz\u0105\u0142 dzi\u015b nowy atak na tradycyjn\u0105 \u0142aci\u0144sk\u0105 msz\u0119, kiedy Kongregacja ds. Kultu Bo\u017cego i Dyscypliny Sakrament\u00f3w (KdsKBiDS) wyda\u0142a Responsa (Odpwowied\u017a) na jedena\u015bcie pyta\u0144 dotycz\u0105cych [&hellip;]","protected":false},"author":1,"featured_media":0,"comment_status":"closed","ping_status":"closed","sticky":false,"template":"","format":"standard","meta":{"_acf_changed":false,"_monsterinsights_skip_tracking":false,"_monsterinsights_sitenote_active":false,"_monsterinsights_sitenote_note":"","_monsterinsights_sitenote_category":0,"ngg_post_thumbnail":0,"footnotes":"","_wp_rev_ctl_limit":""},"categories":[13,3],"tags":[301,24,33],"acf":[],"_links":{"self":[{"href":"https:\/\/www.bibula.com\/index.php?rest_route=\/wp\/v2\/posts\/130009"}],"collection":[{"href":"https:\/\/www.bibula.com\/index.php?rest_route=\/wp\/v2\/posts"}],"about":[{"href":"https:\/\/www.bibula.com\/index.php?rest_route=\/wp\/v2\/types\/post"}],"author":[{"embeddable":true,"href":"https:\/\/www.bibula.com\/index.php?rest_route=\/wp\/v2\/users\/1"}],"replies":[{"embeddable":true,"href":"https:\/\/www.bibula.com\/index.php?rest_route=%2Fwp%2Fv2%2Fcomments&post=130009"}],"version-history":[{"count":3,"href":"https:\/\/www.bibula.com\/index.php?rest_route=\/wp\/v2\/posts\/130009\/revisions"}],"predecessor-version":[{"id":130013,"href":"https:\/\/www.bibula.com\/index.php?rest_route=\/wp\/v2\/posts\/130009\/revisions\/130013"}],"wp:attachment":[{"href":"https:\/\/www.bibula.com\/index.php?rest_route=%2Fwp%2Fv2%2Fmedia&parent=130009"}],"wp:term":[{"taxonomy":"category","embeddable":true,"href":"https:\/\/www.bibula.com\/index.php?rest_route=%2Fwp%2Fv2%2Fcategories&post=130009"},{"taxonomy":"post_tag","embeddable":true,"href":"https:\/\/www.bibula.com\/index.php?rest_route=%2Fwp%2Fv2%2Ftags&post=130009"}],"curies":[{"name":"wp","href":"https:\/\/api.w.org\/{rel}","templated":true}]}}