{"id":129978,"date":"2021-12-18T11:53:33","date_gmt":"2021-12-18T16:53:33","guid":{"rendered":"https:\/\/www.bibula.com\/?p=129978"},"modified":"2021-12-18T11:53:33","modified_gmt":"2021-12-18T16:53:33","slug":"ida-faszysci-podnosza-klangor-stanislaw-michalkiewicz","status":"publish","type":"post","link":"https:\/\/www.bibula.com\/?p=129978","title":{"rendered":"Id\u0105 faszy\u015bci, podnosz\u0105 klangor &#8211; <em>Stanis\u0142aw Michalkiewicz<\/em>"},"content":{"rendered":"<p>W \u201cDziejach Apostolskich\u201d mo\u017cemy przeczyta\u0107, a w drugi dzie\u0144 Bo\u017cego Narodzenia nawet us\u0142ysze\u0107 \u2013 dop\u00f3ki oczywi\u015bcie nie zostanie zakazany, albo przynajmniej ocenzurowany \u2013 opis dyskusji mi\u0119dzy synagog\u0105 Aleksandryjczyk\u00f3w i Libertyn\u00f3w z chrze\u015bcijaninem, diakonem Szczepanem, kt\u00f3ry w Ko\u015bciele katolickim czczony jest, jako pierwszy m\u0119czennik. Ot\u00f3\u017c kiedy reprezentanci obydwu synagog nie mogli sprosta\u0107 Szczepanowi w argumentacji, \u201czatkali sobie uszy\u201d i podnie\u015bli \u201cwielki krzyk\u201d, a potem wywlekli Szczepana na zewn\u0105trz i zat\u0142ukli kamieniami. To bardzo pouczaj\u0105cy a w dodatku niezwykle aktualny opis, jako \u017ce tak\u0105 metod\u0119 dyskusji notorycznie uprawia \u201cGazeta Wyborcza\u201d pod redakcj\u0105 potomka sowieckich kolaborant\u00f3w, pana red. Adama Michnika. Najpierw klangor, a potem lincz.<\/p>\r\n<p>Do\u015bwiadczy\u0142em tego na w\u0142asnej sk\u00f3rze podczas tzw. afery felietonowej, kiedy w marcu 2006 roku na antenie Radia Maryja powiedzia\u0142em, \u017ce podczas gdy my jeste\u015bmy zaj\u0119ci wprowadzaniem demokracji na Ukrainie i Bia\u0142orusi, od ty\u0142u zachodz\u0105 nas Judeczykowie, pragn\u0105cy wymusi\u0107 na Polsce haracz w postaci tzw. \u201croszcze\u0144\u201d. \u201cGazeta Wyborcza\u201d podnios\u0142a klangor, a na sygna\u0142 znajomej tr\u0105bki do akcji ruszyli ormowcy, \u017ceby mnie zlinczowa\u0107, chocia\u017c musz\u0119 powiedzie\u0107, \u017ce z uwagi na wrodzone tch\u00f3rzostwo nie fizycznie, a za po\u015brednictwem niezale\u017cnej prokuratury i niezawis\u0142ych s\u0105d\u00f3w.&nbsp; Delatorskie stowarzyszenie \u201cOtwarta Rzeczpospolita\u201d oskar\u017cy\u0142o mnie o \u201czniewa\u017cenie narodu \u017cydowskiego\u201d \u2013 jakoby okre\u015blenie \u201cJudejczykowie\u201d by\u0142o obel\u017cywe, a pan Bogdan Bia\u0142ek z delatorskiego stowarzyszenia im, Jana Karskiego \u2013 nawet o \u201czaprzeczanie holokaustowi\u201d. Nawiasem m\u00f3wi\u0105c, ten pan Bia\u0142ek dokona\u0142&nbsp; niedawno odkrycia, \u017ce Prawda le\u017cy tam, gdzie redaktor Michnik. Nie wiadomo, czy tam gdzie on stoi, czy tam gdzie on le\u017cy \u2013 bo je\u015bli nawet le\u017cy, to le\u017cy z Prawd\u0105 \u2013 no i \u2013 co najwa\u017cniejsze \u2013 co dzieje si\u0119 z Prawd\u0105, gdy pan redaktor Michnik si\u0119 przemieszcza&nbsp; i raz stoi, albo le\u017cy tam, a za chwil\u0119 \u2013 gdzie indziej? Poniewa\u017c liczba wyznawc\u00f3w pana red. Michnika jest chyba wi\u0119ksza, ni\u017c nawet Naczelnika Pa\u0144stwa, to tylko patrze\u0107, jak pan redaktor zostanie wyniesiony na o\u0142tarze \u2013 oczywi\u015bcie w \u201cko\u015bciele otwartym\u201d. Innym \u201csygnalist\u0105\u201d, kt\u00f3ry pr\u00f3bowa\u0142 mnie zlinczowa\u0107 za po\u015brednictwem australijskich s\u0142u\u017cb granicznych, by\u0142 pan Aleksander Gancarz, co to uwija si\u0119 wok\u00f3\u0142 stosunk\u00f3w polsko-\u017cydowskich. Okaza\u0142o si\u0119, \u017ce \u201csygnalizuje\u201d on ju\u017c od dawna, bo w IPN odnalaz\u0142y si\u0119 dokumenty, \u017ce \u201csygnalizowa\u0142\u201d do S\u0142u\u017cby Bezpiecze\u0144stwa od 22 wrze\u015bnia 1976 roku, czyli jeszcze w PRL, jako tajny wsp\u00f3\u0142pracownik o pseudonimie \u201cBoles\u0142aw\u201d. Wypada mi tylko pogratulowa\u0107 australijskim s\u0142u\u017cbom granicznym takiego wsp\u00f3\u0142pracownika, a W\u0142adzom Australii \u2013 takiego obywatela.<\/p>\r\n<p>Ale do\u015b\u0107 ju\u017c tych wspomink\u00f3w, bo przecie\u017c nie chodzi o to, by rozpami\u0119tywa\u0107 przesz\u0142o\u015b\u0107 w sytuacji, gdy znowu zosta\u0142 podniesiony klangor, w dodatku w sprawie jak najbardziej aktualnej. Oto Konfederacja urz\u0105dzi\u0142a protest przeciwko planowanej przez naszych Umi\u0142owanych Przyw\u00f3dc\u00f3w segregacji sanitarnej, kt\u00f3ra polega na ograniczeniu \u2013 jeszcze nie wiemy, jak daleko si\u0119gaj\u0105cym \u2013 praw obywateli, kt\u00f3rzy nie chc\u0105 si\u0119 zaszczepi\u0107. Podczas tej demonstracji rozwini\u0119ty zosta\u0142 transparent z napisem: \u201cSzczepionka czyni wolnym\u201d, kt\u00f3ry nie tylko merytorycznie nawi\u0105zywa\u0142 do napisu na bramie do o\u015bwi\u0119cimskiego obozu, ale r\u00f3wnie\u017c graficznie. Wola\u0142bym co prawda, gdyby napis by\u0142 ca\u0142kowicie w j\u0119zyku niemieckim: np. Spritze macht frei, bo nawi\u0105zanie do tamtej tradycji by\u0142oby pe\u0142niejsze, ale m\u00f3wi si\u0119: trudno. Cz\u0119\u015b\u0107 Wielce Czcigodnych pos\u0142\u00f3w, zw\u0142aszcza tych bardziej post\u0119powych, podnios\u0142a klangor, \u017ce \u201cprecz z faszyzmem!\u201d \u2013 pod adresem pos\u0142\u00f3w Konfederacji. W ka\u017cdej sytuacji jest jaki\u015b mimowolny efekt komiczny i tutaj te\u017c, bo do wyrugowania faszyzmu nawo\u0142ywali w\u0142a\u015bnie faszy\u015bci. Chodzi o to, \u017ce \u201cfaszyzm\u201d w ustach tych niedouk\u00f3w utraci\u0142 merytoryczne znaczenie i sta\u0142 si\u0119 inwektyw\u0105, kt\u00f3r\u0105 obrzuca si\u0119 przeciwnik\u00f3w politycznych. Tymczasem \u201cfaszyzm\u201d niesie ze sob\u0105 konkretne tre\u015bci, w\u015br\u00f3d kt\u00f3rych bardzo wa\u017cna jest statolatria, czyli przekonanie, \u017ce pa\u0144stwu wszystko wolno. Tak w\u0142a\u015bnie widzia\u0142 to tw\u00f3rca faszyzmu, Benito Mussolini: \u201cwszystko w pa\u0144stwie, nic poza pa\u0144stwem, nic przeciwko pa\u0144stwu\u201d. Je\u015bli zatem sejmowa \u201cbanda czworga\u201d, to znaczy \u2013 PiS, KO, Lewica i PSL opowiada si\u0119 za segregacj\u0105 sanitarn\u0105, czyli ograniczeniem praw obywateli, kt\u00f3rzy pr\u00f3buj\u0105 korzysta\u0107 z konstytucyjnej gwarancji, \u017ce nikogo nie mo\u017cna zmusza\u0107 wbrew jego woli do udzia\u0142u w ekspedrymencie medycznym, to musi by\u0107 przekonana, \u017ce pa\u0144stwu wolno to zrobi\u0107, a skoro tak, to wyznaje statolatri\u0119, czyli \u2013 \u017ce to w\u0142a\u015bnie s\u0105 faszy\u015bci. By\u0107 mo\u017ce \u201cbez swojej wiedzy i zgody\u201d, bo wy\u017csze szko\u0142y gotowania na gazie takich rzeczy nie ucz\u0105 \u2013 ale to nic nie szkodzi, bo pan Jourdain te\u017c nie wiedzia\u0142, \u017ce m\u00f3wi proz\u0105 \u2013 a m\u00f3wi\u0142.<\/p>\r\n<p>Te tendecje objawi\u0142y si\u0119 zreszt\u0105 jeszcze przed epidemi\u0105, za rz\u0105d\u00f3w Platformy Obywatelskiej i PSL, gdzie ministrem sprawiedliwo\u015bci by\u0142 pobo\u017cny Jaros\u0142aw Gowin. To w\u0142a\u015bnie on utworzy\u0142 pierwszy w Polsce po transformacji ustrojowej ob\u00f3z koncentracyjny w Gostyninie, w kt\u00f3rym, na podstawie tzw. \u201clex Trynkiewicz\u201d, bezterminowo umieszcza si\u0119 osoby pod pretekstem, \u017ce \u201cmog\u0105 stwarza\u0107 zagro\u017cenie\u201d. Ciekawe, \u017ce \u017caden z p\u0142omiennych obro\u0144c\u00f3w konstytucji z panem Adamem Bodnarem na czele, nawet nie pisn\u0105\u0142 s\u0142owa przeciwko temu faszystowskiemu prawu. To pokazuje, \u017ce zar\u00f3wno w obozie dobrej zmiany, jak i w obozie zdrady i zaprza\u0144stwa, co do faszyzmu panuje porozumienie ponad podzia\u0142ami. Wynika to zreszt\u0105 z dyrektyw Komisji Europejskiej, w kt\u00f3rej tak\u017ce zasiadaj\u0105 faszy\u015bci, kt\u00f3rzy \u2013 podobnie jak faszy\u015bci tubylczy \u2013 zwalczaj\u0105 swoich przeciwnik\u00f3w politycznych przy pomocy oskar\u017cania ich o \u201cfaszyzm\u201d.<\/p>\r\n<p>Przypomina mi to dyskusj\u0119, w jak\u0105 jeszcze w pocz\u0105tkach lat 90, wraz z kol. Januszem Korwin-Mikke, wdali\u015bmy si\u0119 z dwoma jegomo\u015bciami z Unii Demokratycznej. Zaproponowali\u015bmy, by na pocz\u0105tek zdefiniowa\u0107 poj\u0119cie wolno\u015bci, a potem przedziemy do szczeg\u00f3\u0142\u00f3w. To si\u0119&nbsp; jednak nie uda\u0142o, wi\u0119c od razu przeszli\u015bmy do szczeg\u00f3\u0142\u00f3w i JK-M zapyta\u0142, czyje prawa i wolno\u015bci narusza, je\u015bli nie chce si\u0119 pod przymusem ubezpieczy\u0107. Nasi przeciwnicy na to, \u017ce niczyich praw, ani wolno\u015bci pan nie narusza, ale tak nie mo\u017cna. TAK NIE MO\u017bNA! Na to my \u2013 \u017ce z faszystami nie chcemy mie\u0107 nic wsp\u00f3lnego i na tym dyskusja si\u0119 zako\u0144czy\u0142a. Bo faszy\u015bci nie maj\u0105 \u017cadnych argument\u00f3w merytorycznych, wobec tego nie pozostaje im nic innego, jak albo si\u0119 obrazi\u0107 \u2013 jak pan premier Morawiecki \u2013 albo podnie\u015b\u0107 klangor \u2013 jak to zrobili w Sejmie faszy\u015bci drobniejszego p\u0142azu.<\/p>\r\n<p><strong><em>Stanis\u0142aw Michalkiewicz<\/em><\/strong><\/p>","protected":false},"excerpt":{"rendered":"W \u201cDziejach Apostolskich\u201d mo\u017cemy przeczyta\u0107, a w drugi dzie\u0144 Bo\u017cego Narodzenia nawet us\u0142ysze\u0107 \u2013 dop\u00f3ki oczywi\u015bcie nie zostanie zakazany, albo przynajmniej ocenzurowany \u2013 opis dyskusji mi\u0119dzy synagog\u0105 Aleksandryjczyk\u00f3w i Libertyn\u00f3w z chrze\u015bcijaninem, diakonem Szczepanem, kt\u00f3ry w Ko\u015bciele katolickim czczony jest, jako pierwszy m\u0119czennik. Ot\u00f3\u017c kiedy reprezentanci obydwu synagog nie mogli sprosta\u0107 Szczepanowi w argumentacji, \u201czatkali [&hellip;]","protected":false},"author":1,"featured_media":0,"comment_status":"closed","ping_status":"closed","sticky":false,"template":"","format":"standard","meta":{"_acf_changed":false,"_monsterinsights_skip_tracking":false,"_monsterinsights_sitenote_active":false,"_monsterinsights_sitenote_note":"","_monsterinsights_sitenote_category":0,"ngg_post_thumbnail":0,"footnotes":"","_wp_rev_ctl_limit":""},"categories":[13,9],"tags":[16,433,53,34,20,452],"acf":[],"_links":{"self":[{"href":"https:\/\/www.bibula.com\/index.php?rest_route=\/wp\/v2\/posts\/129978"}],"collection":[{"href":"https:\/\/www.bibula.com\/index.php?rest_route=\/wp\/v2\/posts"}],"about":[{"href":"https:\/\/www.bibula.com\/index.php?rest_route=\/wp\/v2\/types\/post"}],"author":[{"embeddable":true,"href":"https:\/\/www.bibula.com\/index.php?rest_route=\/wp\/v2\/users\/1"}],"replies":[{"embeddable":true,"href":"https:\/\/www.bibula.com\/index.php?rest_route=%2Fwp%2Fv2%2Fcomments&post=129978"}],"version-history":[{"count":1,"href":"https:\/\/www.bibula.com\/index.php?rest_route=\/wp\/v2\/posts\/129978\/revisions"}],"predecessor-version":[{"id":129979,"href":"https:\/\/www.bibula.com\/index.php?rest_route=\/wp\/v2\/posts\/129978\/revisions\/129979"}],"wp:attachment":[{"href":"https:\/\/www.bibula.com\/index.php?rest_route=%2Fwp%2Fv2%2Fmedia&parent=129978"}],"wp:term":[{"taxonomy":"category","embeddable":true,"href":"https:\/\/www.bibula.com\/index.php?rest_route=%2Fwp%2Fv2%2Fcategories&post=129978"},{"taxonomy":"post_tag","embeddable":true,"href":"https:\/\/www.bibula.com\/index.php?rest_route=%2Fwp%2Fv2%2Ftags&post=129978"}],"curies":[{"name":"wp","href":"https:\/\/api.w.org\/{rel}","templated":true}]}}