{"id":129926,"date":"2021-12-17T11:08:23","date_gmt":"2021-12-17T16:08:23","guid":{"rendered":"https:\/\/www.bibula.com\/?p=129926"},"modified":"2021-12-18T11:16:57","modified_gmt":"2021-12-18T16:16:57","slug":"niedzielski-w-tv-trwam-brednie-i-zero-powaznych-pytan","status":"publish","type":"post","link":"https:\/\/www.bibula.com\/?p=129926","title":{"rendered":"Niedzielski w TV Trwam: brednie i zero powa\u017cnych pyta\u0144"},"content":{"rendered":"<p><strong>Seria niewygodnych pyta\u0144 w TV Trwam. \u201eMinister pandemii\u201d Adam Niedzielski zosta\u0142 skonfrontowany m.in. ze s\u0142owami prof. Andrzeja Horbana. Pad\u0142o te\u017c pytanie o to, czy zostali\u015bmy oszukani przez koncerny farmaceutyczne.<\/strong><\/p>\r\n<p>Konrad Janik w \u201ePolskim punkcie widzenia\u201d zapyta\u0142 Adama Niedzielskiego, czy trzecia dawka szprycy b\u0119dzie t\u0105 ostatni\u0105. <em>\u2013 Wida\u0107 wyra\u017anie, \u017ce tak jak w przypadku szczepienia na gryp\u0119, te szczepienia powinny mie\u0107 charakter sezonowy. Widzimy na badaniach bardzo wyra\u017anie, \u017ce ta odporno\u015b\u0107 i przeciwcia\u0142a utrzymuj\u0105 si\u0119 mniej wi\u0119cej 5-6 miesi\u0119cy, potem zaczyna si\u0119 spadek odporno\u015bci, wi\u0119c takie dawki przypominaj\u0105ce maj\u0105 sens, szczeg\u00f3lnie zreszt\u0105 u os\u00f3b, kt\u00f3re s\u0105 bardziej nara\u017cone \u2013 tu m\u00f3wi\u0119 przede wszystkim o osobach w zaawansowanym wieku albo osobach obci\u0105\u017conych tzw. wielochorobowo\u015bci\u0105 \u2013<\/em> twierdzi\u0142 Niedzielski.<\/p>\r\n<p><em>\u2013 Trzeba si\u0119 liczy\u0107 z tym, \u017ce ta rytmika szczepie\u0144, rytmika te\u017c przypominania naszemu systemowi immunologicznemu o tym, \u017ceby \u201etrenowa\u0142\u201d (\u2026) swoj\u0105 odporno\u015b\u0107, to jest bardzo wa\u017cne i prawdopodobnie b\u0119dziemy musieli to kontynuowa\u0107 \u2013<\/em> doda\u0142.<\/p>\r\n<p>Dziennikarz jednak nie przyj\u0105\u0142 g\u0142adko zapowiedzi o nieko\u0144cz\u0105cej si\u0119 \u201eostatniej prostej\u201d. Skonfrontowa\u0142 \u201eministra pandemii\u201d ze s\u0142owami prof. Horbana z ubieg\u0142ego roku.<\/p>\r\n<p><em>\u2013 To jest panie ministrze dosy\u0107 zaskakuj\u0105ca informacja, bo na pocz\u0105tku przekaz by\u0142 zupe\u0142nie inny. Ja zacytuj\u0119 g\u0142\u00f3wnego doradc\u0119 premiera ds. Covid prof. Andrzeja Horbana: \u201eZaszczepieni przeciwko Covid-19 nie b\u0119d\u0105 zara\u017cali, bo nie b\u0119d\u0105 zaka\u017ceni\u201d. Tak\u0105 opini\u0119 powtarzali w\u0142a\u015bciwie wszyscy eksperci. Dzisiaj widzimy, \u017ce jest to nieprawdziwa opinia. Czy uwa\u017ca pan, \u017ce zostali\u015bmy oszukani przez koncerny farmaceutyczne? \u2013<\/em> zapyta\u0142 Janik.<\/p>\r\n<p><em>\u2013 Oczywi\u015bcie, \u017ce zawsze gdzie\u015b z ty\u0142u g\u0142owy, jak podejmujemy decyzje, to patrzymy r\u00f3wnie\u017c z tego punktu widzenia, ile jest warto\u015bci dodanej w takim szczepieniu, czy ono rzeczywi\u015bcie uodparnia. I my teraz wiemy zdecydowanie wi\u0119cej, prowadzimy w\u0142asne badania, m.in. pan prof. Horban prowadzi bardzo zaawansowane badania, pokazuj\u0105ce jak zachowuje si\u0119 odporno\u015b\u0107, i ta nasza wiedza, kt\u00f3ra na pocz\u0105tku by\u0142a mocno niedoskona\u0142a, staje si\u0119 po prostu coraz lepsza. I pod tym wzgl\u0119dem to jest normalny proces uczenia, \u017ce teraz wiemy wi\u0119cej i potrafimy w bardziej odpowiedzialny spos\u00f3b si\u0119 wypowiada\u0107 \u2013<\/em> t\u0142umaczy\u0142 si\u0119 Niedzielski.<\/p>\r\n<p>Przyzna\u0142 te\u017c, \u017ce informacje podawane na pocz\u0105tku by\u0142y nierzetelne. <em>\u2013 By\u0107 mo\u017ce pierwsze s\u0105dy, kt\u00f3re by\u0142y formu\u0142owane, sz\u0142y mo\u017ce za daleko, by\u0142y oparte na zbyt du\u017cej pewno\u015bci, ale musimy po prostu bra\u0107 pod uwag\u0119 to, co nam wynika w\u0142a\u015bnie z tego, co obserwujemy \u2013<\/em> twierdzi\u0142.<\/p>\r\n<p>Niedzielski przypomnia\u0142 te\u017c, \u017ce \u201eod samego pocz\u0105tku m\u00f3wi\u0142, \u017ce najwa\u017cniejszym zagadnieniem w szczepieniu i najwa\u017cniejszym zakresem ochrony to nie jest ochrona przed zaka\u017ceniem, tylko ochrona przed ci\u0119\u017ckim przechodzeniem Covidu\u201d.<\/p>\r\n<p><em>\u2013 I tutaj te parametry by\u0142y stosunkowo wysokie i one si\u0119 stosunkowo wysokie utrzymuj\u0105, bo nie jest problemem z punktu widzenia pacjenta czy systemu opieki zdrowotnej, \u017ce kto\u015b b\u0119dzie nosicielem i nie b\u0119dzie przechodzi\u0142 tego w spos\u00f3b objawowy, bo wtedy nie ma tego zagro\u017cenia dla zdrowia<\/em> \u2013 utrzymywa\u0142 Niedzielski.<\/p>\r\n<p><iframe title=\"Polski punkt widzenia 15.12.2021\" src=\"https:\/\/www.youtube.com\/embed\/nqRBnjXKvCY?feature=oembed\" allowfullscreen=\"allowfullscreen\" data-mce-fragment=\"1\" width=\"100%\" height=\"392\" frameborder=\"0\"><\/iframe><\/p>\r\n<p>\u0179r\u00f3d\u0142o: TV Trwam<\/p>\r\n<p class=\"zrodlo\">Za: <a href=\"https:\/\/nczas.com\/2021\/12\/16\/niedzielski-przyparty-do-muru-niewygodne-pytania-w-tv-trwam-prowadzacy-przypomnial-te-slowa-video\/\">Najwy\u017cszy Czas! (16 grudnia 2021)<\/a> &#8211; [Org. tytu\u0142: \u00abNiedzielski przyparty do muru. Niewygodne pytania w TV Trwam. Prowadz\u0105cy przypomnia\u0142 TE s\u0142owa [VIDEO]\u00bb]<\/p>\r\n<h4>&nbsp;<\/h4>\r\n<hr style=\"background-color: #000000; border-width: 0; color: #000000; height: 2px; line-height: 0; text-align: center; width: 100%;\">\r\n<h4>&nbsp;<\/h4>\r\n<blockquote>\r\n<p><strong>KOMENTARZ <em>BIBU\u0141Y<\/em><\/strong>: Po pierwsze, niech media ojca Tadeusza Rydzyka (Radio Maryja, TVTrwam, Nasz Dziennik) nie pr\u00f3buj\u0105 teraz udawa\u0107 &#8222;dociekliwych&#8221;, bo niestety od pocz\u0105tku &#8211; a\u017c do teraz &#8211; uczestniczy\u0142y\/uczestnicz\u0105 w antyrozs\u0105dkowej, antynaukowej, antymedycznej a w pe\u0142ni ideologicznej nagonce na Polak\u00f3w, indoktrynuj\u0105c, wprowadzaj\u0105c w b\u0142\u0105d i strasz\u0105c, nieustannie strasz\u0105c.<\/p>\r\n<p>Radio Maryja JEST ODPOWIEDZIALNE w du\u017cym stopniu za to co wydarzy\u0142o si\u0119 w Polsce podczas tzw. pandemii, najpierw non-stop podkr\u0119caj\u0105c atmosfer\u0119 z podawaniem &#8222;liczby chorych&#8221;, &#8222;zaka\u017ce\u0144&#8221;, &#8222;zgon\u00f3w na Covid&#8221;; w mi\u0119dzyczasie womituj\u0105c audycjami o maseczkach, \u017celach i przy\u0142bicach wmawiaj\u0105c s\u0142uchaczom jakie one wszystkie potrzebne, niezb\u0119dne, konieczne do przetrwania ludzko\u015bci, a potem naganiaj\u0105c zdezorientowanych ludzi do wyszczepiania.<\/p>\r\n<p>Gdyby Radio Maryja &#8211; ze swoim autorytetem, wszak miliony wierzy\u0142o temu Radio jak w jakie objawienie &#8211; nie przy\u0142\u0105czy\u0142o si\u0119 do tego propagandowego rz\u0105dowego be\u0142kotu, to du\u017cy procent spo\u0142ecze\u0144stwa zachowa\u0142oby ja\u015bniejsze spojrzenie na pLandemi\u0119 i nie podda\u0142oby si\u0119 wyszczepieniu gro\u017anym preparatom zwanym &#8222;szczepionkami przeciwko Covid-19&#8221;. Tak wi\u0119c osoby uczestnicz\u0105ce w tym procederze &#8211; pracownicy Radia Maryja, dziennikarze, pomocnicy, uczestnicy pogadanek-naganianek, oraz oczywi\u015bcie sam Wielce Czcigodny &#8211; s\u0105 WSP\u00d3\u0141ODPOWIEDZIALNI za obecn\u0105 sytuacj\u0119 ORAZ WSP\u00d3\u0141ODPOWIEDZIALNI za pogarszaj\u0105ce si\u0119 zdrowie Polak\u00f3w ORAZ WSP\u00d3\u0141ODPOWIEDZIALNI za liczne ofiary propagandy ORAZ WSP\u00d3\u0141ODPOWIEDZIALNI za coraz liczniejsze ofiary &#8222;szczepionek&#8221;. Dzisiaj, po takich katastroficznych b\u0142\u0119dach nie jest ju\u017c mo\u017cliwe odzyskanie nawet cz\u0105stki reputacji, kt\u00f3r\u0105 chciano si\u0119 kiedy\u015b chlubi\u0107. Pierwsze 10 lat dawa\u0142o nadziej\u0119, drugie 10 by\u0142o jazd\u0105 na osi\u0105gni\u0119ciach, a trzecia 10 to ju\u017c totalny upadek. Radio Maryja <em>en masse<\/em> sta\u0142o si\u0119 takim samym szambem jak media Kurskiego, media brookly\u0144skiego \u017byda czy media z Czerskiej. Ka\u017cde ma sw\u00f3j specyficzny zapach, lecz wszystkie \u015bmierdz\u0105.<\/p>\r\n<p>&nbsp;<\/p>\r\n<p>To po pierwsze, a po drugie co do tego ekonoma wypowiadaj\u0105cego si\u0119 w TVTrwam, obecnie szefuj\u0105cego Ministerstwu Chor\u00f3b i \u015amierci, kt\u00f3ry t\u0142umaczy si\u0119, \u017ce &#8222;<em>od samego pocz\u0105tku &#8230; najwa\u017cniejszym zagadnieniem w szczepieniu i najwa\u017cniejszym zakresem ochrony to nie jest ochrona przed zaka\u017ceniem, tylko ochrona przed ci\u0119\u017ckim przechodzeniem Covidu<\/em>\u201d.<\/p>\r\n<p>No poka\u017c cz\u0142owieczku cho\u0107 jeden dokument, cho\u0107 jedno pojedyncze badanie &#8211; czy to producenta, czy FDA, czy innej kryminalnej jednostki &#8211; potwierdzaj\u0105ce, \u017ce badano tzw. ci\u0119\u017ckie przypadki Covida! Nie poka\u017cesz cz\u0142owieczku, bo albo wiesz &#8211; a wi\u0119c jeste\u015b wstr\u0119tnym kr\u0119taczem i gadasz co\u015b przeciwnego &#8211; albo nie wiesz &#8211; a wi\u0119c jeste\u015b niekompetentnym wstr\u0119tnym pajacem &#8211; \u017ce producent prowadzi\u0142 tylko tzw. badania LEKKICH PRZYPADK\u00d3W, czyli &#8222;bada\u0142&#8221; jak produkt dzia\u0142a na przezi\u0119bienie, katar czy lekk\u0105 gor\u0105czk\u0119. NIGDY I NIGDZIE nie badano czy ten\u017ce genetyczny produkt &#8222;chroni przed ci\u0119\u017ckimi przypadkami Covidu&#8221;. Na dodatek, te &#8222;badania&#8221; by\u0142y prowadzone przy pomocy wspania\u0142ego testu PCR, kt\u00f3rego dok\u0142adno\u015b\u0107 i wiarygodno\u015b\u0107 jest r\u00f3wna zeru. Gdyby zaprzestano &#8222;test\u00f3w na Covid&#8221; to z dnia na dzie\u0144 znikn\u0119\u0142aby ca\u0142a &#8222;pandemia&#8221;, wszystko wr\u00f3ci\u0142o do stanu poprzedniego; oczywi\u015bcie z wyj\u0105tkiem rzeczy nie do naprawienia przez dwa lata antyludzkiej polityki.<\/p>\r\n<div class=\"td-post-content tagdiv-type\">Tak wi\u0119c, nie badano tego\u017c produktu, bo on NIE CHRONI PRZED NICZYM, gdy\u017c wska\u017anik ARR by\u0142 na pocz\u0105tku oko\u0142o 1% (w czasie gdy reklamowano go bezu\u017cytecznym RRR jako &#8222;skuteczno\u015b\u0107 95%&#8221;), a teraz ta spadaj\u0105ca &#8222;skuteczno\u015b\u0107&#8221; s\u0142u\u017c\u0105ca boosterowej propagandzie, wynosi zaledwie u\u0142amek procenta. Tak wi\u0119c ten\u017ce produkt NIE CHRONI PRZED NICZYM, nie tylko przed &#8211; nigdy nie badanymi &#8211; przypadkami ci\u0119\u017ckimi, lecz r\u00f3wnie\u017c przed lekkimi. Ma\u0142o tego, ostatnie badania kliniczne pokazuj\u0105, \u017ce <strong>ten\u017ce produkt PRZYCZYNIA si\u0119 do zwi\u0119kszenia chor\u00f3b<\/strong>, innymi s\u0142owy: osoby zaszczepione choruj\u0105 cz\u0119\u015bciej, r\u00f3wnie\u017c na tzw. Covid, zreszt\u0105 chorob\u0119 dotychczas okre\u015blan\u0105 jako grypa (ZERO r\u00f3\u017cnic objawowych; r\u00f3\u017cnice w stanie pacjenta wyst\u0119puj\u0105 dopiero gdy lekarze-rze\u017anicy zastostowuj\u0105 &#8222;leczenie&#8221; przy pomocy trucizn, np. Remdesiviru).<\/div>\r\n<div>&nbsp;<\/div>\r\n<div>Tak wi\u0119c je\u015bli &#8222;katolicki g\u0142os&#8221; zaprasza tak skompromitowanego cz\u0142owieczka to wypada przynajmniej przygotowa\u0107 sobie powa\u017cne pytania. W\u0105ptliwe aby cz\u0142owieczek odpowiedzia\u0142 na nie, ale przynajmniej zad\u0142awi\u0142by si\u0119 i zszed\u0142, przynajmniej z publicznej sceny. Z po\u017cytkiem dla zdrowia Polak\u00f3w.<\/div>\r\n<div class=\"td-post-content tagdiv-type\">\r\n<h4>&nbsp;<\/h4>\r\n<hr style=\"background-color: #000000; border-width: 0; color: #000000; height: 2px; line-height: 0; text-align: center; width: 100%;\">\r\n<h4>&nbsp;<\/h4>\r\n<\/div>\r\n<\/blockquote>","protected":false},"excerpt":{"rendered":"Seria niewygodnych pyta\u0144 w TV Trwam. \u201eMinister pandemii\u201d Adam Niedzielski zosta\u0142 skonfrontowany m.in. ze s\u0142owami prof. Andrzeja Horbana. Pad\u0142o te\u017c pytanie o to, czy zostali\u015bmy oszukani przez koncerny farmaceutyczne. Konrad Janik w \u201ePolskim punkcie widzenia\u201d zapyta\u0142 Adama Niedzielskiego, czy trzecia dawka szprycy b\u0119dzie t\u0105 ostatni\u0105. \u2013 Wida\u0107 wyra\u017anie, \u017ce tak jak w przypadku szczepienia na [&hellip;]","protected":false},"author":1,"featured_media":0,"comment_status":"closed","ping_status":"closed","sticky":false,"template":"","format":"standard","meta":{"_acf_changed":false,"_monsterinsights_skip_tracking":false,"_monsterinsights_sitenote_active":false,"_monsterinsights_sitenote_note":"","_monsterinsights_sitenote_category":0,"ngg_post_thumbnail":0,"footnotes":"","_wp_rev_ctl_limit":""},"categories":[13,8],"tags":[433,98,83,20,452],"acf":[],"_links":{"self":[{"href":"https:\/\/www.bibula.com\/index.php?rest_route=\/wp\/v2\/posts\/129926"}],"collection":[{"href":"https:\/\/www.bibula.com\/index.php?rest_route=\/wp\/v2\/posts"}],"about":[{"href":"https:\/\/www.bibula.com\/index.php?rest_route=\/wp\/v2\/types\/post"}],"author":[{"embeddable":true,"href":"https:\/\/www.bibula.com\/index.php?rest_route=\/wp\/v2\/users\/1"}],"replies":[{"embeddable":true,"href":"https:\/\/www.bibula.com\/index.php?rest_route=%2Fwp%2Fv2%2Fcomments&post=129926"}],"version-history":[{"count":10,"href":"https:\/\/www.bibula.com\/index.php?rest_route=\/wp\/v2\/posts\/129926\/revisions"}],"predecessor-version":[{"id":129977,"href":"https:\/\/www.bibula.com\/index.php?rest_route=\/wp\/v2\/posts\/129926\/revisions\/129977"}],"wp:attachment":[{"href":"https:\/\/www.bibula.com\/index.php?rest_route=%2Fwp%2Fv2%2Fmedia&parent=129926"}],"wp:term":[{"taxonomy":"category","embeddable":true,"href":"https:\/\/www.bibula.com\/index.php?rest_route=%2Fwp%2Fv2%2Fcategories&post=129926"},{"taxonomy":"post_tag","embeddable":true,"href":"https:\/\/www.bibula.com\/index.php?rest_route=%2Fwp%2Fv2%2Ftags&post=129926"}],"curies":[{"name":"wp","href":"https:\/\/api.w.org\/{rel}","templated":true}]}}