{"id":129724,"date":"2021-12-11T16:20:33","date_gmt":"2021-12-11T21:20:33","guid":{"rendered":"https:\/\/www.bibula.com\/?p=129724"},"modified":"2021-12-11T16:20:33","modified_gmt":"2021-12-11T21:20:33","slug":"synodalnosc-czyli-konsultacje-spoleczne-stanislaw-michalkiewicz","status":"publish","type":"post","link":"https:\/\/www.bibula.com\/?p=129724","title":{"rendered":"Synodalno\u015b\u0107, czyli \u201ekonsultacje spo\u0142eczne\u201d &#8211; <em>Stanis\u0142aw Michalkiewicz<\/em>"},"content":{"rendered":"<p>Za pierwszej komuny, kiedy kierownictwu partyjnemu z tych lub innych powod\u00f3w zaczyna\u0142 pali\u0107 si\u0119 grunt pod nogami, inicjowano \u201e<i>konsultacje spo\u0142eczne<\/i>\u201d. Tak by\u0142o u schy\u0142ku epoki W\u0142adys\u0142awa Gomu\u0142ki, zapocz\u0105tkowanego tzw. \u201e<i>wydarzeniami marcowymi<\/i>\u201d. Wprawdzie \u201e<i>towarzysz Wies\u0142aw<\/i>\u201d jeszcze je spacyfikowa\u0142, ale ju\u017c na zje\u017adzie partii jedna cz\u0119\u015b\u0107 sali po staremu skandowa\u0142a: \u201e<i>Wies\u0142aw, Wies\u0142aw!<\/i>\u201d, ale druga &#8211; ju\u017c po nowemu: \u201e<i>Gierek, Gierek!<\/i>\u201d, na co Gomu\u0142ka zareagowa\u0142 uwag\u0105, \u017ce \u201e<i>nie b\u0119dzie \u017cadnych gierek<\/i>\u201d. Wi\u0119c \u201e<i>wydarzenia<\/i>\u201d zosta\u0142y jeszcze spacyfikowane, ale tym bardziej kierownictwo partii pragn\u0119\u0142o odbudowa\u0107 \u2013 jak si\u0119 wtedy m\u00f3wi\u0142o &#8211; \u201e<i>wi\u0119\u017a z masami<\/i>\u201d, to znaczy \u2013 wymy\u015bli\u0107 jakie\u015b makagigi, kt\u00f3rymi mo\u017cna by zaabsorbowa\u0107 opini\u0119 publiczn\u0105. Tote\u017c towarzysz Boles\u0142aw Jaszczuk wykombinowa\u0142 \u201e<i>system bod\u017ac\u00f3w ekonomicznych materialnego zainteresowania<\/i>\u201d. Mia\u0142o to by\u0107 panaceum na wszystkie \u201e<i>bol\u0105czki<\/i>\u201d i \u201e<i>niedoci\u0105gni\u0119cia<\/i>\u201d, kt\u00f3re \u201e<i>tu i \u00f3wdzie<\/i>\u201d jeszcze si\u0119 zdarza\u0142y, ale chyba samo kierownictwo nie by\u0142o do nich do ko\u0144ca przekonane, bo na wszelki wypadek nakaza\u0142o \u201e<i>konsultacje spo\u0142eczne<\/i>\u201d. Ich celem by\u0142o rozmycie ewentualnej odpowiedzialno\u015bci, bo gdyby z \u201e<i>bod\u017acami<\/i>\u201d co\u015b posz\u0142o nie tak, zawsze mo\u017cna by\u0142o powiedzie\u0107, \u017ce to nie partia, tylko ca\u0142y nar\u00f3d tak w konsultacjach zdecydowa\u0142. W og\u00f3le konsultacje s\u0105 szalenie wygodn\u0105 formu\u0142\u0105. Je\u015bli na przyk\u0142ad powiedzia\u0142bym komu\u015b: panie zaraz poder\u017cn\u0119 panu gard\u0142o \u2013 i co pan na to? &#8211; a on odpowiedzia\u0142by, \u017ce jest temu przeciwny, to nawet gdybym rzeczywi\u015bcie gard\u0142o mu poder\u017cn\u0105\u0142, nikt nie m\u00f3g\u0142by postawi\u0107 mi zarzutu, \u017ce si\u0119 z poder\u017cni\u0119tym nie skonsultowa\u0142em. Tote\u017c, chocia\u017c \u201e<i>ca\u0142y nar\u00f3d<\/i>\u201d w tych konsultacjach wzi\u0105\u0142 udzia\u0142, to partia jednak nie zdo\u0142a\u0142a odzyska\u0107 \u201e<i>wi\u0119zi z masami<\/i>\u201d, bo wkr\u00f3tce potem nast\u0105pi\u0142y \u201e<i>wydarzenia grudniowe<\/i>\u201d, w nast\u0119pstwie kt\u00f3rych W\u0142adys\u0142aw Gomu\u0142ka zosta\u0142 obalony. Edward Gierek swoje urz\u0119dowanie nawet zacz\u0105\u0142 od konsultacji, bo pojecha\u0142 do Gda\u0144ska i tam, w gronie zaufanych, potiomkinowskich robotnik\u00f3w, w\u015br\u00f3d kt\u00f3rych znajdowa\u0142 si\u0119 ju\u017c Kukuniek, zapyta\u0142: \u201e<i>Pomo\u017cecie?<\/i>\u201d &#8211; na co robotnicy spontanicznie odpowiedzieli: \u201e<i>pomo\u017cemy!<\/i>\u201d Tak rozpocz\u0105\u0142 si\u0119 okres \u201e<i>dynamicznego rozwoju<\/i>\u201d, kiedy to \u201e<i>Polska ros\u0142a w si\u0142\u0119, a ludzie \u017cyli dostatniej<\/i>\u201d, ale d\u0142ugo to nie trwa\u0142o, bo ju\u017c 24 czerwca 1976 roku pierwszy minister Edwarda Gierka, Piotr Jaroszewicz, z trybuny sejmowej og\u0142osi\u0142 podwy\u017ck\u0119 cen \u2013 oczywi\u015bcie poprzedzon\u0105 szerokimi \u201e<i>konsultacjami spo\u0142ecznymi<\/i>\u201d. Ale \u201e<i>warcho\u0142y<\/i>\u201d i \u201e<i>kolesie<\/i>\u201d &#8211; jak nazywa\u0142a ich czo\u0142owa gwiazda \u00f3wczesnej publicystyki, pan red. Wies\u0142aw Gornicki, zacz\u0119li pali\u0107 partyjne komitety i w og\u00f3le \u2013 sprzeciwia\u0107 si\u0119 partii. Wprawdzie przy pomocy \u201e<i>\u015bcie\u017cek zdrowia<\/i>\u201d i niezawis\u0142ych s\u0105d\u00f3w, kt\u00f3re sypa\u0142y \u201e<i>pi\u0119kne wyroki<\/i>\u201d, sytuacja zosta\u0142a opanowana, ale nie na tyle, by te uprzednio wykonsultowane spo\u0142ecznie podwy\u017cki cen utrzyma\u0107. Na spotkaniu w Berlinie Bre\u017cniew zabroni\u0142 Gierkowi dalszych podwy\u017cek, tote\u017c jeszcze tego samego dnia premier Jaroszewicz, nie ukrywaj\u0105c w\u015bciek\u0142o\u015bci, podwy\u017cki odwo\u0142a\u0142, bo \u201dw toku spo\u0142ecznych konsultacji z\u0142o\u017cono ogromnie du\u017co propozycji, zas\u0142uguj\u0105cych na bardzo wnikliwe rozpatrzenie\u201d. Jak widzimy, konsultacje s\u0105 dobre na wszystko: i na podwy\u017cszanie cen i na odwo\u0142ywanie podwy\u017cek, a kto wie, czy przypadkiem r\u00f3wnie\u017c \u2013 jak \u015bpiewali starsi panowie, co prawda o piosence, niemniej jednak \u2013 \u201e<i>na \u0142adn\u0105 niewinn\u0105 panienk\u0119<\/i>\u201d &#8211; chocia\u017c Leonid Bre\u017aniew w niczym jej nie przypomina\u0142.<\/p>\r\n<p>Wspominam o tym wszystkim, bo wydaje mi si\u0119 \u2013 o czym zreszt\u0105 wiele razy pisa\u0142em \u2013 \u017ce Ko\u015bci\u00f3\u0142, a \u015bci\u015blej \u2013 przewielebne duchowie\u0144stwo, upodobni\u0142o si\u0119 do partii i to w jej okresie schy\u0142kowym. Nie chodzi ju\u017c nawet o to, \u017ce w owym schy\u0142kowym okresie nie tylko partyjniacy, ale i cz\u0142onkowie aparatu w \u017caden komunizm ju\u017c nie wierzyli, tylko pilnowali synekur, dzi\u0119ki kt\u00f3rym mogli wypi\u0107 i zak\u0105si\u0107, a \u017ce wymaga\u0142o to rozmaitych rytualnych deklamacji, no to c\u00f3\u017c; ten biznes mia\u0142 tak\u0105 specyfik\u0119. Przede wszystkim chodzi o to, \u017ce po II Soborze Watyka\u0144skim, przewielebne duchowie\u0144stwo stopniowo skupi\u0142o ca\u0142\u0105 uwag\u0119 na sobie i w\u0142asnych problemach, w znacznej cze\u015bci seksualnych, co zaowocowa\u0142o nie tylko ponawiaj\u0105cymi si\u0119 postulatami zniesienia celibatu, ale otworzy\u0142o te\u017c drzwi przed \u201e<i>lawendow\u0105 mafi\u0105<\/i>\u201d, o kt\u00f3rej bez ogr\u00f3dek pisz\u0105 znawcy przedmiotu. W rezultacie, zamiast zapowiadanej przez soborowych entuzjast\u00f3w \u201e<i>wiosny Ko\u015bcio\u0142a<\/i>\u201d, mamy raczej symptomy proces\u00f3w rozk\u0142adowych, zw\u0142aszcza w Europie i Ameryce P\u00f3\u0142nocnej, bo w Afryce i Ameryce Po\u0142udniowej sytuacja podobno wygl\u0105da inaczej. Kto wie, czy ta okoliczno\u015b\u0107 nie sk\u0142oni\u0142a Kolegium Kardynalskiego do wyboru obecnego papie\u017ca Franciszka po abdykacji Benedykta XVI? Uzasadnienie tej abdykacji nie wytrzymuje krytyki, bo chocia\u017c up\u0142yn\u0119\u0142o od niej ju\u017c ponad 8 lat, 95-letni papie\u017c-emeryt nadal cieszy si\u0119, jak na sw\u00f3j wiek, dobrym zdrowiem i znakomit\u0105 form\u0105 intelektualn\u0105, podobnie jak rok starsza od niego brytyjska kr\u00f3lowa El\u017cbieta II. Chyba nie o zdrowie tu chodzi\u0142o \u2013 ale mniejsza z tym.<\/p>\r\n<p>Papie\u017c Franciszek od 8 lat zaskakuje katolik\u00f3w, mo\u017ce z wyj\u0105tkiem tych najbardziej oddanych post\u0119pactwu. A to urz\u0105dza ceremoni\u0119 z jakim\u015b amazo\u0144skim bo\u017ckiem, a to wpisuje do katechizmu i\u017c kara \u015bmieci sprzeczna jest z chrze\u015bcija\u0144stwem, co wzbudza rozmaite rozterki. Przez ostatnie 2000 lat sprzeczna z chrze\u015bcija\u0144stwem nie by\u0142a i dopiero teraz papie\u017c spenetrowa\u0142 prawd\u0119. Oznacza to jednak, ze przez ostatnie 2000 lat Ko\u015bci\u00f3\u0142 si\u0119 myli\u0142 i to w takiej wa\u017cnej sprawie. Skoro tak, to sk\u0105d mo\u017cemy czerpa\u0107 pewno\u015b\u0107, \u017ce nie myli si\u0119 teraz? Tymczasem ludzie potrzebuj\u0105 Ko\u015bcio\u0142a przede wszystkim po to, by dostarcza\u0142 im pewno\u015bci. Je\u015bli zamiast pewno\u015bci zacznie dostarcza\u0107 im coraz wi\u0119cej rozterek, to czy b\u0119dzie nadal jeszcze do czego\u015b potrzebny?<\/p>\r\n<p>W takiej sytuacji papie\u017c Franciszek zainaugurowa\u0142 \u201e<i>synodalno\u015b\u0107<\/i>\u201d. Jest ona bardzo podobna do wspomnianych \u201e<i>konsultacji spo\u0142ecznych<\/i>\u201d, bo ma wszelkie cechy operacji socjotechnicznej, rodzaju organizacyjnej krz\u0105taniny, maj\u0105cej ukry\u0107 bezradno\u015b\u0107 i \u2013 trzeba to powiedzie\u0107 \u2013 brak odwagi. Je\u015bli np. do konsultacji zaprasza si\u0119 ostentacyjnych sodomit\u00f3w, kt\u00f3rzy butnie o\u015bwiadczaj\u0105, jakoby byli \u201e<i>darem<\/i>\u201d dla Ko\u015bcio\u0142a, to cisn\u0105 si\u0119 na usta s\u0142owa przypisywane przez Wergiliusza Laokoonowi: \u201dtimeo Danaos et dona ferentes\u201d, co si\u0119 wyk\u0142ada, \u017ce boj\u0119 si\u0119 Grek\u00f3w nawet jak przychodz\u0105 z darami. Czy\u017c \u201e<i>synodalno\u015b\u0107<\/i>\u201d nie jest aby pretekstem, by sodomia i gomoria zyska\u0142a w ko\u015bciele prawo obywatelstwa \u2013 bo ju\u017cci; skoro zapraszamy ich do \u201e<i>konsultacji<\/i>\u201d, to przecie\u017c nie po to, by stawia\u0107 przeszkody, czy wr\u0119cz sprzeciwia\u0107 si\u0119 g\u0142oszonej przez nich ideologii? Wreszcie \u2013 co najwa\u017cniejsze \u2013 czy \u201e<i>synodalno\u015b\u0107<\/i>\u201d nie oznacza aby usankcjonowania kryzysu przyw\u00f3dztwa \u2013 bo czy pasterze oddaj\u0105cy przewodnictwo stadu s\u0105 jeszcze pasterzami?<\/p>\r\n<p><strong><em>Stanis\u0142aw Michalkiewicz<\/em><\/strong><\/p>\r\n<p>Felieton &nbsp;<b>\u2022<\/b>&nbsp; tygodnik \u201eNajwy\u017cszy Czas!\u201d &nbsp;<b>\u2022<\/b>&nbsp; 7 grudnia 2021<\/p>\r\n<p><i>Sta\u0142y komentarz Stanis\u0142awa Michalkiewicza ukazuje si\u0119 w ka\u017cdym numerze tygodnika \u201eNajwy\u017cszy Czas!\u201d.<\/i><\/p>\r\n<p>&nbsp;<\/p>","protected":false},"excerpt":{"rendered":"Za pierwszej komuny, kiedy kierownictwu partyjnemu z tych lub innych powod\u00f3w zaczyna\u0142 pali\u0107 si\u0119 grunt pod nogami, inicjowano \u201ekonsultacje spo\u0142eczne\u201d. Tak by\u0142o u schy\u0142ku epoki W\u0142adys\u0142awa Gomu\u0142ki, zapocz\u0105tkowanego tzw. \u201ewydarzeniami marcowymi\u201d. Wprawdzie \u201etowarzysz Wies\u0142aw\u201d jeszcze je spacyfikowa\u0142, ale ju\u017c na zje\u017adzie partii jedna cz\u0119\u015b\u0107 sali po staremu skandowa\u0142a: \u201eWies\u0142aw, Wies\u0142aw!\u201d, ale druga &#8211; ju\u017c po [&hellip;]","protected":false},"author":1,"featured_media":0,"comment_status":"closed","ping_status":"closed","sticky":false,"template":"","format":"standard","meta":{"_acf_changed":false,"_monsterinsights_skip_tracking":false,"_monsterinsights_sitenote_active":false,"_monsterinsights_sitenote_note":"","_monsterinsights_sitenote_category":0,"ngg_post_thumbnail":0,"footnotes":"","_wp_rev_ctl_limit":""},"categories":[13,9],"tags":[301,26,34,81,33],"acf":[],"_links":{"self":[{"href":"https:\/\/www.bibula.com\/index.php?rest_route=\/wp\/v2\/posts\/129724"}],"collection":[{"href":"https:\/\/www.bibula.com\/index.php?rest_route=\/wp\/v2\/posts"}],"about":[{"href":"https:\/\/www.bibula.com\/index.php?rest_route=\/wp\/v2\/types\/post"}],"author":[{"embeddable":true,"href":"https:\/\/www.bibula.com\/index.php?rest_route=\/wp\/v2\/users\/1"}],"replies":[{"embeddable":true,"href":"https:\/\/www.bibula.com\/index.php?rest_route=%2Fwp%2Fv2%2Fcomments&post=129724"}],"version-history":[{"count":2,"href":"https:\/\/www.bibula.com\/index.php?rest_route=\/wp\/v2\/posts\/129724\/revisions"}],"predecessor-version":[{"id":129726,"href":"https:\/\/www.bibula.com\/index.php?rest_route=\/wp\/v2\/posts\/129724\/revisions\/129726"}],"wp:attachment":[{"href":"https:\/\/www.bibula.com\/index.php?rest_route=%2Fwp%2Fv2%2Fmedia&parent=129724"}],"wp:term":[{"taxonomy":"category","embeddable":true,"href":"https:\/\/www.bibula.com\/index.php?rest_route=%2Fwp%2Fv2%2Fcategories&post=129724"},{"taxonomy":"post_tag","embeddable":true,"href":"https:\/\/www.bibula.com\/index.php?rest_route=%2Fwp%2Fv2%2Ftags&post=129724"}],"curies":[{"name":"wp","href":"https:\/\/api.w.org\/{rel}","templated":true}]}}