{"id":129708,"date":"2021-12-11T14:31:47","date_gmt":"2021-12-11T19:31:47","guid":{"rendered":"https:\/\/www.bibula.com\/?p=129708"},"modified":"2021-12-11T14:31:47","modified_gmt":"2021-12-11T19:31:47","slug":"przy-antykulturowym-ataku-na-zwykle-miedzyludzkie-relacje-praktykujmy-je-bo-moga-nadejsc-jeszcze-ciezsze-czasy-szymon-banka-fsspx","status":"publish","type":"post","link":"https:\/\/www.bibula.com\/?p=129708","title":{"rendered":"Przy antykulturowym ataku na zwyk\u0142e mi\u0119dzyludzkie relacje, praktykujmy je, bo mog\u0105 nadej\u015b\u0107 jeszcze ci\u0119\u017csze czasy &#8211; <em>Szymon Ba\u0144ka, FSSPX<\/em>"},"content":{"rendered":"<p><strong>Wyst\u0105pienie ksi\u0119dza Szymona Ba\u0144ki (Bractwo Kap\u0142a\u0144skie \u015bw. Piusa X \u2013 FSSPX) wyg\u0142oszone na kanale internetowym <a href=\"https:\/\/www.youtube.com\/channel\/UCjgohSpp-TsIXgnvl0NxKzQ\/videos\">Szko\u0142y Akwinaty<\/a><\/strong><\/p>\r\n<p>&nbsp;<\/p>\r\n<p class=\"has-drop-cap\">Niech b\u0119dzie pochwalony Jezus Chrystus!<\/p>\r\n<p>Dzisiaj troch\u0119 bardziej osobisty materia\u0142, jednak z mora\u0142em skierowanym do wszystkich. Jak zmieni\u0142y nas wydarzenia ostatnich lat? Pokolenie ludzi, kt\u00f3rzy nie pami\u0119taj\u0105 czas\u00f3w PRL-u, a nawet je\u015bli pami\u0119taj\u0105, lecz nie byli represjonowani, nie do\u015bwiadczyli wielu trudno\u015bci zwi\u0105zanych z \u017cyciem w kraju socjalistycznym. Dla takich os\u00f3b ten \u015bwiat, mimo wszystko m\u00f3g\u0142 si\u0119 wydawa\u0107 w miar\u0119 spokojnym, ogarni\u0119tym miejscem. Oczywi\u015bcie by\u0142o s\u0142ycha\u0107 tu i tam o r\u00f3\u017cnych kryzysach, wojnach itd. Natomiast z mojej perspektywy \u017cycie na prze\u0142omie XX i XXI wieku to by\u0142o \u017cycie dosy\u0107 spokojne. Do\u015bwiadczenia mog\u0105 by\u0107 r\u00f3\u017cne, natomiast bardzo wielu, czy nawet wi\u0119kszo\u015b\u0107 Polak\u00f3w z mojego pokolenia pami\u0119ta ten czas raczej jako w miar\u0119 spokojny.<\/p>\r\n<p>Zasadniczo jest to stan dobry, jednak ma to bardzo powa\u017cne wady. Gdy cz\u0142owiek przyzwyczaja si\u0119 do pewnego spokoju, do pewnego komfortu, to nie wyrabia pewnych umiej\u0119tno\u015bci, pewnych zdolno\u015bci, kt\u00f3re wyrabia w\u00f3wczas, gdy musi si\u0119 przeboksowa\u0107, gdy musi pokona\u0107 jakie\u015b przeciwno\u015bci. Bez w\u0105tpienia s\u0105 osoby, kt\u00f3re za m\u0142odu do\u015bwiadczy\u0142y wi\u0119kszych trudno\u015bci i poradzi\u0142y sobie z nimi. Nie mam tu na my\u015bli takich trudno\u015bci, kt\u00f3re mia\u017cd\u017c\u0105, kt\u00f3re psychicznie cz\u0142owieka niszcz\u0105, a raczej jakie\u015b nieprzyjemne zewn\u0119trzne \u015brodowisko, zewn\u0119trznie nieprzyjemne do\u015bwiadczenia, kt\u00f3re nie s\u0105 w granicach czego\u015b absolutnie patologicznego, ale jednak jako\u015b tam cz\u0142owieka hartuj\u0105. Moim zdaniem te ostatnie dwa lata z mojej perspektywy by\u0142 to w\u0142a\u015bnie taki czas delikatnie nas zahartowa\u0142.<\/p>\r\n<p>Co konkretnie mam na my\u015bli? Sam fakt istnienia tego kana\u0142u, jest spowodowany przez r\u00f3\u017cnego rodzaju ograniczenia. Gdyby nie to, \u017ce by\u0142y ograniczenia w sposobie poruszania si\u0119, ograniczenia w dzia\u0142aniu szko\u0142y, gdyby nie ca\u0142a ta sytuacja, nie dosz\u0142oby do powstania tego kana\u0142u (<em>Szko\u0142y Akwinaty \u2013 przyp. red.<\/em>) Istnienie tego kana\u0142y ma dla mnie, na poziomie charakterologicznym, bardzo du\u017ce znaczenie. Wcze\u015bniej by\u0142em zdecydowanie mniej pewny je\u015bli chodzi o prezentowanie swoich pogl\u0105d\u00f3w, zdecydowanie mniej pewny je\u015bli chodzi o prowadzenie dyskusji. Moim zdaniem b\u0119d\u0105c zmuszony do wycofania si\u0119, ale jednocze\u015bnie rozz\u0142oszczony tym co si\u0119 dzieje, zosta\u0142em sprowokowany, \u017ceby zadzia\u0142a\u0107. To by\u0142o to \u201eagere contra\u201d, \u017ceby jednak powiedzie\u0107 co\u015b do tego \u015bwiata, to co my\u015bl\u0119. I to faktycznie wyrobi\u0142o we mnie nowe umiej\u0119tno\u015bci i sprawi\u0142o, \u017ce jestem teraz cz\u0142owiekiem du\u017co spokojniej prezentuj\u0105cym swoje pogl\u0105dy, z du\u017co wi\u0119ksz\u0105 pewno\u015bci\u0105. Jest to potrzebne. Ma to r\u00f3wnie\u017c zwi\u0105zek z tym, \u017ce mia\u0142em tutaj r\u00f3wnie\u017c okazj\u0119 konfrontowa\u0107 si\u0119 z r\u00f3\u017cnymi pogl\u0105dami, mia\u0142em okazj\u0119 do\u015bwiadczy\u0107 r\u00f3\u017cnych argument\u00f3w i do\u015bwiadczy\u0107 tego, \u017ce moje argumenty s\u0105 dobre, \u017ce nie jest wcale tak \u0142atwo je zbi\u0107, \u017ce nie znalaz\u0142 si\u0119 do tej pory kto\u015b, kto przedstawi\u0142by istotne argumenty je\u015bli chodzi o kryzys Ko\u015bcio\u0142a czy w og\u00f3le o wiar\u0119, kto\u015b kto by mnie jako\u015b zaniepokoi\u0142 swoimi odpowiedziami, swoimi argumentami. To s\u0105 do\u015bwiadczenia bardzo potrzebne.<\/p>\r\n<p>Dlaczego w og\u00f3le o takich osobistych rzeczach m\u00f3wi\u0119? Dlatego, \u017ce uwa\u017cam, \u017ce dla polskiego spo\u0142ecze\u0144stwa mo\u017ce to by\u0107 r\u00f3wnie\u017c takie do\u015bwiadczenie. Zach\u0119cam do tego, aby nie skupia\u0107 si\u0119 tylko na negatywach obecnej sytuacji, ale te\u017c dostrzec, \u017ce coraz trudniejsze warunki maj\u0105 na nas r\u00f3wnie\u017c pozytywny wp\u0142yw. I w og\u00f3le nie chodzi o to, aby w tej chwili zlekcewa\u017cy\u0107, pomniejszy\u0107 z\u0142o r\u00f3\u017cnych sytuacji, w kt\u00f3rych si\u0119 obecnie znajdujemy. Nie\u2026 Je\u015bli chodzi o nasze swobody obywatelskie mamy obowi\u0105zek ich broni\u0107. Zach\u0119cam wszystkich, kt\u00f3rzy maj\u0105 co\u015b do powiedzenia, maj\u0105 jakie\u015b kana\u0142y na youtubie czy inne media, kt\u00f3rymi si\u0119 pos\u0142uguj\u0105, do wyra\u017canie sprzeciwu wobec ograniczania swob\u00f3d obywatelskich i pochwa\u0142y tam, gdzie te swobody zosta\u0142y przywr\u00f3cone, czy nie s\u0105 atakowane. Wa\u017cne jest \u017ceby ten g\u0142os by\u0142 s\u0142yszalny. Mam wra\u017cenie, \u017ce tego w ostatnim czasie troch\u0119 brakowa\u0142o. Brakowa\u0142o w przestrzeni publicznej g\u0142osu tych, kt\u00f3rzy po prostu wyra\u017caj\u0105 swoje zaniepokojenie, \u017ce jakie\u015b swobody zostaj\u0105 ograniczone, albo wyra\u017caj\u0105 swoje zadowolenie, \u017ce nie zosta\u0142y ograniczone. Je\u015bli chodzi o Europ\u0119, czy w og\u00f3le \u015bwiat, to nasza Ojczyzna wypada w obecnym czasie mimo wszystko du\u017co bardziej wolno\u015bciowo, du\u017co bardziej zdroworozs\u0105dkowo ni\u017c wi\u0119kszo\u015b\u0107 kraj\u00f3w europejskich czy innych kraj\u00f3w tzw. cywilizowanego \u015bwiata\u2026<\/p>\r\n<p>Wr\u00f3\u0107my jednak do naszego zasadniczego tematu, czyli do tego jak trudne okoliczno\u015bci wp\u0142ywaj\u0105 na nas, jak one nas zmieniaj\u0105. Moim zdaniem powinni\u015bmy je jak najbardziej wykorzysta\u0107, powinni\u015bmy je potraktowa\u0107 jako takie delikatne szturchni\u0119cie, jako co\u015b co warto wykorzysta\u0107, \u017ceby si\u0119 zahartowa\u0107. Naprawd\u0119 mogli\u015bmy od razu by\u0107 uderzeni czym\u015b bardzo powa\u017cnym, mogli\u015bmy by\u0107 postawieni w takiej sytuacji, jak te pokolenia, kt\u00f3rych m\u0142odo\u015b\u0107 przypad\u0142a na wybuch II wojny \u015bwiatowej, pokolenia, kt\u00f3re \u017cy\u0142y ju\u017c w wolnej Polsce, zabor\u00f3w i I wojny nie pami\u0119ta\u0142y, a p\u00f3\u017aniej z pewnego spokoju i dobrobytu od razu zostali rzuceni w ryk bombowc\u00f3w i niemieckich czo\u0142g\u00f3w. My mamy tutaj pewien strza\u0142 ostrzegawczy, mamy sytuacje, kt\u00f3re najpierw by\u0142y przera\u017caj\u0105ce, p\u00f3\u017aniej nieprzyjemne \u2013 ograniczenie r\u00f3\u017cnych swob\u00f3d. Mamy sytuacje, w kt\u00f3rych mo\u017cemy si\u0119 zahartowa\u0107, w kt\u00f3rych mo\u017cemy sobie poradzi\u0107 z pewnym strachem, zostajemy skonfrontowani z r\u00f3\u017cnymi trudno\u015bciami, chocia\u017cby z naporem medi\u00f3w, kt\u00f3re pr\u00f3buj\u0105 w nas wla\u0107 strach. Mamy okazj\u0119 poradzi\u0107 sobie z tym, mamy okazj\u0119 w sobie to przepracowa\u0107, mamy okazj\u0119 wyrobi\u0107 w sobie pewno\u015b\u0107 siebie w relacjach z najbli\u017cszymi czy po prostu w relacjach z lud\u017ami, bo dzi\u015b podej\u015bcie do cz\u0142owieka przez niekt\u00f3re media jest traktowane jako jaki\u015b rodzaj zbrodni. Chc\u0105c zachowa\u0107 normalno\u015b\u0107 wystawiamy si\u0119 na pewne zagro\u017cenia, wystawiamy si\u0119 na ostracyzm, na okazywanie niech\u0119ci ze strony innych ludzi. \u017byjemy w czasach trudniejszych ni\u017c jeszcze 3-4 lata temu. Opr\u00f3cz wskazywania na b\u0142\u0119dy, wskazywania na to, co trzeba naprawi\u0107, bo to te\u017c trzeba robi\u0107, warto spojrze\u0107 na to jak na okazj\u0119 do zahartowanie si\u0119, do \u0107wiczenia si\u0119 w walce ze strachem, z tym, co ludzie powiedz\u0105. To jest okazja do tego, \u017ceby praktykowa\u0107 prost\u0105, zdrow\u0105 mi\u0142o\u015b\u0107 bli\u017aniego w relacjach z najbli\u017cszymi, nawet wtedy, gdy ludzie uwa\u017caj\u0105, \u017ce jest to co\u015b z\u0142ego, co\u015b strasznego, wr\u0119cz zbrodniczego. Mamy okazj\u0119 do\u015bwiadczy\u0107 wielkiej, g\u0142\u0119bokiej pogardy, bo z czym\u015b takim r\u00f3wnie\u017c si\u0119 spotykamy na wi\u0119ksz\u0105 skal\u0119 ni\u017c wcze\u015bniej. Wystarczy, \u017ce wyrazisz si\u0119 dzisiaj sceptycznie na przyk\u0142ad o wprowadzonych regulacjach, zaraz przez wielu b\u0119dzie to uznane za swego rodzaju oszo\u0142omstwo, kt\u00f3re ma nas pozbawi\u0107 cz\u0142owiecze\u0144stwa. Nawi\u0105zuj\u0119 tutaj do materia\u0142u, kt\u00f3ry niedawno widzia\u0142em, w kt\u00f3rym jaki\u015b niemiecki policjant deklarowa\u0142, \u017ce dla niego cz\u0142owiek, kt\u00f3ry nie chce si\u0119 zaszczepi\u0107, to nie jest cz\u0142owiek \u2013 utraci\u0142 on swoje cz\u0142owiecze\u0144stwo dlatego, \u017ce jest got\u00f3w nara\u017ca\u0107 innych na niebezpiecze\u0144stwo.<\/p>\r\n<p>Takie postawy niestety wyst\u0119puj\u0105, mo\u017cna je spotka\u0107 r\u00f3wnie\u017c w Polsce. Opr\u00f3cz patologiczno\u015bci wielu tych sytuacji warto \u015bwiadomie wykorzysta\u0107 je do zahartowania si\u0119, do wypracowywania w sobie dobrych nawyk\u00f3w np. niepoddawania si\u0119 presji. \u201eAgere contra\u201d przeciwko tym ograniczeniom, je\u015bli chodzi o kontakty mi\u0119dzyludzkie. Warto praktykowa\u0107, \u015bwi\u0119towa\u0107, celebrowa\u0107 te kontakty mi\u0119dzyludzkie, bo skoro wida\u0107 ewidentnie taki antykulturowy atak na zwyk\u0142e mi\u0119dzyludzkie relacje, na spotkania, to warto im przeciwdzia\u0142a\u0107 i celebrowa\u0107 nawet na przek\u00f3r \u015bwiatu. Niech wiedz\u0105, \u017ce nie dajmy si\u0119 przez strach zap\u0119dzi\u0107 do ciemnej kom\u00f3rki i nie b\u0119dziemy tam siedzie\u0107 przed ekranem, tak jak \u201ew\u0142adcy tego \u015bwiata\u201d by tego chcieli. Nie! My jeste\u015bmy wolnymi lud\u017ami i nie pozwolimy si\u0119 traktowa\u0107 gorzej od niewolnik\u00f3w. Nikt nie b\u0119dzie decydowa\u0142 o tym z kim mo\u017cemy si\u0119 spotka\u0107, a z kim nie. Nie pozwolimy na to, by w\u0142adza pa\u0144stwowa decydowa\u0142a o tym, jak mamy \u017cy\u0107.<\/p>\r\n<p>W tym warto si\u0119 \u0107wiczy\u0107, warto to praktykowa\u0107. Mog\u0105 nadej\u015b\u0107 jeszcze ci\u0119\u017csze czasy i wtedy nam si\u0119 bardzo przydadz\u0105 te umiej\u0119tno\u015bci do stawiania zdrowego oporu, do bronienia swojej wolno\u015bci, swojej godno\u015bci. W ten spos\u00f3b cz\u0142owiek broni swojej godno\u015bci wolnej jednostki. \u015awiadomie wykorzystajmy te trudne czasy jako trening, jako moment do wypracowania dobrych nawyk\u00f3w, roztropnych nawyk\u00f3w, zgodnych z nasz\u0105 wiar\u0105.<\/p>\r\n<p>Mamy te\u017c okazj\u0119, \u017ceby zawalczy\u0107 o podstawowe prawa je\u015bli chodzi o cze\u015b\u0107 Bo\u017c\u0105. Jak najbardziej mamy prawo Panu Bogu cze\u015b\u0107 oddawa\u0107. \u201eW\u0142adcy tego \u015bwiata\u201d bardzo ch\u0119tnie ograniczaj\u0105 nasze mo\u017cliwo\u015bci je\u015bli chodzi o s\u0142u\u017cb\u0119 Bo\u017c\u0105. W ostatnim czasie by\u0142o lepiej, natomiast bywa\u0142y czasy, kiedy by\u0142o bardzo ci\u0119\u017cko. W pierwszej chwili to by\u0142 dla nas szok, to by\u0142o co\u015b niezwyk\u0142ego. Teraz ju\u017c potrafimy sobie jako tako z tym poradzi\u0107. I tutaj te\u017c praktykujmy, wyrabiajmy w sobie te nawyki, chocia\u017cby pr\u00f3bowali nas odci\u0105gn\u0105\u0107 od ko\u015bcio\u0142\u00f3w, od Pana Jezusa w Naj\u015bwi\u0119tszym Sakramencie. B\u0105d\u017amy \u015bwiadomi, wolni i m\u0119\u017cni. Nie ulegajmy tym, kt\u00f3rzy nas strasz\u0105, kt\u00f3rzy pr\u00f3buj\u0105 nas od Pana Jezusa odci\u0105gn\u0105\u0107. Je\u015bli dla kogo\u015b strach i choroba s\u0105 tak strasznymi wizjami, je\u015bli kogo\u015b tak bardzo te rzeczy przera\u017caj\u0105, \u017ce a\u017c nie jest w stanie spe\u0142ni\u0107 swojego podstawowego, fundamentalnego, kluczowego obowi\u0105zku \u2013 oddania Panu Bogu czci w niedzielnej Mszy \u015awi\u0119tej, to nie wiem czy mo\u017ce si\u0119 on nazywa\u0107 wolnym cz\u0142owiekiem, a ju\u017c na pewno nie powinien si\u0119 nazywa\u0107 chrze\u015bcijaninem, katolikiem.<\/p>\r\n<p>Praktykujmy zdroworozs\u0105dkowe zachowania, te kt\u00f3re w\u0142a\u015bnie teraz s\u0105 niepoprawne politycznie, te kt\u00f3re w\u0142a\u015bnie teraz s\u0105 przez wielu postrzegane jako niemal\u017ce zbrodnicze. \u0106wiczmy si\u0119 w walce o nasz\u0105 wiar\u0119, o zdrowy rozs\u0105dek, o t\u0105 zdrow\u0105, ludzk\u0105, naturaln\u0105 wolno\u015b\u0107. Wykorzystajmy ten czas \u015bwiadomie, ciesz\u0105c si\u0119, \u017ce mamy okazj\u0119 na taki ma\u0142y sparing po to, \u017ceby przygotowa\u0107 si\u0119, czy to na czas pokoju, a wtedy nie zaszkodz\u0105 nam te umiej\u0119tno\u015bci, czy te\u017c na prawdziwe zmagania.<\/p>\r\n<p><em><strong>Ks. Szymon Ba\u0144ka (FSSPX)<\/strong><\/em><\/p>\r\n<p class=\"zrodlo\">\u0179r\u00f3d\u0142o: <a href=\"https:\/\/www.youtube.com\/watch?v=HfPvcy22ehM&amp;ab_channel=Szko%C5%82yAkwinaty\">Szko\u0142y Akwinaty<\/a><\/p>","protected":false},"excerpt":{"rendered":"Wyst\u0105pienie ksi\u0119dza Szymona Ba\u0144ki (Bractwo Kap\u0142a\u0144skie \u015bw. Piusa X \u2013 FSSPX) wyg\u0142oszone na kanale internetowym Szko\u0142y Akwinaty &nbsp; Niech b\u0119dzie pochwalony Jezus Chrystus! Dzisiaj troch\u0119 bardziej osobisty materia\u0142, jednak z mora\u0142em skierowanym do wszystkich. Jak zmieni\u0142y nas wydarzenia ostatnich lat? Pokolenie ludzi, kt\u00f3rzy nie pami\u0119taj\u0105 czas\u00f3w PRL-u, a nawet je\u015bli pami\u0119taj\u0105, lecz nie byli represjonowani, [&hellip;]","protected":false},"author":1,"featured_media":0,"comment_status":"closed","ping_status":"closed","sticky":false,"template":"","format":"standard","meta":{"_acf_changed":false,"_monsterinsights_skip_tracking":false,"_monsterinsights_sitenote_active":false,"_monsterinsights_sitenote_note":"","_monsterinsights_sitenote_category":0,"ngg_post_thumbnail":0,"footnotes":"","_wp_rev_ctl_limit":""},"categories":[8],"tags":[433,32,98],"acf":[],"_links":{"self":[{"href":"https:\/\/www.bibula.com\/index.php?rest_route=\/wp\/v2\/posts\/129708"}],"collection":[{"href":"https:\/\/www.bibula.com\/index.php?rest_route=\/wp\/v2\/posts"}],"about":[{"href":"https:\/\/www.bibula.com\/index.php?rest_route=\/wp\/v2\/types\/post"}],"author":[{"embeddable":true,"href":"https:\/\/www.bibula.com\/index.php?rest_route=\/wp\/v2\/users\/1"}],"replies":[{"embeddable":true,"href":"https:\/\/www.bibula.com\/index.php?rest_route=%2Fwp%2Fv2%2Fcomments&post=129708"}],"version-history":[{"count":4,"href":"https:\/\/www.bibula.com\/index.php?rest_route=\/wp\/v2\/posts\/129708\/revisions"}],"predecessor-version":[{"id":129712,"href":"https:\/\/www.bibula.com\/index.php?rest_route=\/wp\/v2\/posts\/129708\/revisions\/129712"}],"wp:attachment":[{"href":"https:\/\/www.bibula.com\/index.php?rest_route=%2Fwp%2Fv2%2Fmedia&parent=129708"}],"wp:term":[{"taxonomy":"category","embeddable":true,"href":"https:\/\/www.bibula.com\/index.php?rest_route=%2Fwp%2Fv2%2Fcategories&post=129708"},{"taxonomy":"post_tag","embeddable":true,"href":"https:\/\/www.bibula.com\/index.php?rest_route=%2Fwp%2Fv2%2Ftags&post=129708"}],"curies":[{"name":"wp","href":"https:\/\/api.w.org\/{rel}","templated":true}]}}