{"id":129554,"date":"2021-12-03T19:09:54","date_gmt":"2021-12-04T00:09:54","guid":{"rendered":"https:\/\/www.bibula.com\/?p=129554"},"modified":"2021-12-03T21:33:47","modified_gmt":"2021-12-04T02:33:47","slug":"dr-robert-malone-razem-z-arcybiskupem-vigano-wzywa-do-sojuszu-antyglobalistycznego","status":"publish","type":"post","link":"https:\/\/www.bibula.com\/?p=129554","title":{"rendered":"Dr Robert Malone przy\u0142\u0105cza si\u0119 do apelu arcybiskupa Vigan\u00f2 o budow\u0119 Sojuszu Antyglobalistycznego"},"content":{"rendered":"<p class=\"has-drop-cap\">W obliczu tworz\u0105cej si\u0119 na naszych oczach globalnej tyranii, 18 listopada 2021 roku arcybiskup Carlo Maria Vigan\u00f2, by\u0142y nuncjusz apostolski w Stanach Zjednoczonych, wezwa\u0142 do zawi\u0105zania Sojuszu Antyglobalistycznego.<\/p>\r\n<p>&nbsp;<\/p>\r\n<p>Abp Vigan\u00f2 m\u00f3wi\u0142 m.in.:<\/p>\r\n<blockquote>\r\n<p>&#8222;<em>Od dw\u00f3ch lat jeste\u015bmy \u015bwiadkami globalnego zamachu stanu, w kt\u00f3rym elita finansowa i ideologiczna zdo\u0142a\u0142a przej\u0105\u0107 kontrol\u0119 nad cz\u0119\u015bci\u0105 rz\u0105d\u00f3w krajowych, instytucjami publicznymi i prywatnymi, mediami, s\u0105downictwem, politykami i przyw\u00f3dcami religijnymi. Wszyscy oni, bez wyj\u0105tku, stali si\u0119 niewolnikami tych nowych pan\u00f3w, kt\u00f3rzy zapewniaj\u0105 w\u0142adz\u0119, pieni\u0105dze i poparcie spo\u0142eczne swoim wsp\u00f3lnikom. Podstawowe prawa, kt\u00f3re jeszcze do wczoraj by\u0142y prezentowane jako nienaruszalne, zosta\u0142y podeptane w imi\u0119 nag\u0142ych kryzys\u00f3w. Dzi\u015b jest to zagro\u017cenie sanitarne, jutro ekologiczne, a po nim zagro\u017cenie dla internetu.<\/em>&#8222;<\/p>\r\n<p>[Ca\u0142o\u015b\u0107: <span style=\"text-decoration: underline;\"><a href=\"https:\/\/www.bibula.com\/?p=129174\">&#8222;Abp Vigan\u00f2 wzywa do sojuszu antyglobalistycznego celem powstrzymania globalnego zniewolenia ludzko\u015bci&#8221;<\/a><\/span>]<\/p>\r\n<\/blockquote>\r\n<p>&nbsp;<\/p>\r\n<p>Do apelu abp. Vigan\u00f2 do\u0142\u0105czy\u0142 si\u0119 znany naukowiec, dr Robert Malone, tw\u00f3rca technologii mRNA b\u0119d\u0105cej platform\u0105 dla szczepionek mRNA. Dr Malone, ze znanego niemal jedynie w kr\u0119gach naukowych skromnego cz\u0142owieka, sta\u0142 si\u0119 nagle przedmiotem w\u015bciek\u0142ego ataku, gdy wzi\u0105\u0142 udzia\u0142 w programie internetowym, w kt\u00f3rym powiedzia\u0142 kilka s\u0142\u00f3w prawdy o obecnych tzw. &#8222;szczepionkach przeciwko Covid-19&#8221;, przestrzegaj\u0105c przed ich przyjmowaniem (zob. &#8222;<span style=\"text-decoration: underline;\"><a href=\"https:\/\/www.bibula.com\/?p=126324\">Dr Robert Malone o zagro\u017ceniach terapii genowych na C-19<\/a><\/span>&#8222;). Od tego momentu kampania nienawi\u015bci wobec jego oraz jego rodziny, doprowadzi\u0142a do cenzury w mediach, w periodykach naukowych, a on sam nie ugi\u0105\u0142 si\u0119, lecz podj\u0105\u0142 odwa\u017cn\u0105 walk\u0119 z dezinformacj\u0105 i o przekazywanie prawdy.<\/p>\r\n<p>Jest to tym bardziej buduj\u0105ce, \u017ce wezwanie abp. Vigan\u00f2 dotyczy tworzenia i udzia\u0142u antyglobalistycznego sojuszu, kt\u00f3ry ma mie\u0107 podstawy wynikaj\u0105ce z warto\u015bci chrze\u015bcija\u0144skich i powrotu do katolickiej Tradycji, a sam dr Malone nie okre\u015bla siebie jako cz\u0142owieka religijnego. Mimo to, widz\u0105c taki Sojusz jako jedyn\u0105 mo\u017cliwo\u015b\u0107 walki ze z\u0142em, dr Malone m\u00f3wi:<\/p>\r\n<blockquote>\r\n<p>&#8211; <em>Przekona\u0142em si\u0119, tak jak on [abp Vigan\u00f2], \u017ce <strong>mamy do czynienia z celami wykraczaj\u0105cymi poza masowe wyszczepianie oraz &#8222;zdrowie publiczne&#8221;<\/strong>, i chocia\u017c nie chcia\u0142em penetrowa\u0107 tych intelektualnych zagadnie\u0144, to jednak nie jest niemo\u017cliwe wyci\u0105gni\u0119cie takich wniosk\u00f3w z tego co si\u0119 teraz dzieje na \u015bwiecie &#8211; z [oficjalnych] t\u0142umacze\u0144, \u017ce chodzi o zdrowie publiczne, szczepienia i walk\u0119 z wirusami &#8211; \u017ce mamy do czynienia z erozj\u0105 naszych praw, i \u017ce <strong>stoi za tym jaka\u015b wi\u0119ksza si\u0142a<\/strong>.<\/em><\/p>\r\n<\/blockquote>\r\n<p>&nbsp;<\/p>\r\n<p>Przypomnijmy, \u017ce abp Vigan\u00f2 wielokrotnie wskazywa\u0142, \u017ce za projektem i realizacj\u0105 &#8222;pandemii&#8221; oraz Wielkiego Resetu stoi G\u0142\u0119bokie pa\u0144stwo oraz <span style=\"text-decoration: underline;\"><a href=\"https:\/\/www.bibula.com\/?p=128417\">&#8222;pandemiczny Sanhedryn&#8221;<\/a><\/span>. [zob. &#8222;<span style=\"text-decoration: underline;\"><a href=\"https:\/\/www.bibula.com\/?p=127733\">Rozwa\u017cania Arcybiskupa Vigan\u00f2 na temat Wielkiego Resetu i Nowego Porz\u0105dku \u015awiata<\/a><\/span>&#8222;]<\/p>\r\n<p>Dr Malone kontynuuje:<\/p>\r\n<blockquote>\r\n<p><em>&#8211; Mam koleg\u00f3w, kt\u00f3rzy obszernie wyja\u015bniaj\u0105 m\u00f3wi\u0105c, \u017ce <strong>chodzi o diabelsk\u0105 si\u0142\u0119<\/strong>. W\u015br\u00f3d wielu ludzi wzrasta poczucie zrozumienia, \u017ce <strong>dzieje si\u0119 tutaj co\u015b fundamentalnie diabelskiego<\/strong>. Ja sam przekona\u0142em si\u0119, \u017ce jeste\u015bmy w sytuacji, kt\u00f3ra w gruncie rzeczy jest wzrostem i ekspansj\u0105 globalnej tyranii, zharmonizowanego dzia\u0142ania, zarz\u0105dzanego zgodnie w wielu krajach, i okazuje si\u0119 by\u0107 zgodna z ekonomicznymi interesami ma\u0142ej grupy funduszy inwestycyjnych reprezentujacych wi\u0119kszo\u015b\u0107 globalnego zachodniego systemu kapita\u0142owego.<\/em><\/p>\r\n<p><em>&#8211; W mojej opinii, <strong>je\u015bli w \u015bwiecie zachodnim jest jeszcze pozosta\u0142o\u015b\u0107 moralnego autorytetu, to jest to Ko\u015bci\u00f3\u0142 katolicki<\/strong>, jako g\u0142\u00f3wna ostoja autorytetu moralnego. I <strong>mia\u0142em<\/strong> nadziej\u0119, \u017ce Ko\u015bci\u00f3\u0142 katolicki przyjmie pryncypialn\u0105 postaw\u0119 i poka\u017ce, \u017ce [to co si\u0119 dzieje] jest z\u0142em, \u017ce jest to fundamentalnie przeciwne ludzko\u015bci, temu w co wierzyli\u015bmy jako ludzko\u015b\u0107. I to jest przyczyna dla kt\u00f3rej wspar\u0142em Arcybiskupa. By\u0142em bardzo zadziwiony odwag\u0105 Arcybiskupa, \u017ce m\u00f3wi o tych rzeczach tak otwarcie, jak r\u00f3wnie\u017c poczu\u0142em si\u0119 nieco umocniony tym, \u017ce jest kto\u015b reprezentuj\u0105cy inn\u0105 dziedzin\u0119, obraca si\u0119 w innych kategoriach, inn\u0105 tradycj\u0119, a jednak dochodzi to tych samych konkluzji co ja.<\/em><\/p>\r\n<p><em>&#8211; Co zatem, w obliczu dysfunkcjonuj\u0105cego rz\u0105du i publicznego systemu zdrowia, mo\u017cemy zrobi\u0107? <\/em><em>Budowa\u0107 kontakty w ramach lokalnej spo\u0142eczno\u015bci. W tym r\u00f3wnie\u017c mie\u015bci si\u0119 tworzenie listy kontaktowej, szczeg\u00f3lnie os\u00f3b starszych mieszkaj\u0105cych w lokalnej spo\u0142eczno\u015bci. Czy b\u0119dzie to ko\u015bci\u00f3\u0142, czy jaki\u015b ratusz, bez wzgl\u0119du na to jakie s\u0105 twoje polityczne i spo\u0142eczne struktury, pr\u00f3buj budowa\u0107 spo\u0142eczno\u015b\u0107, tw\u00f3rz listy kontakowe, listy telefon\u00f3w, utrzymujcie ze sob\u0105 kontakty, a szczeg\u00f3lnie utrzymujcie kontakty z lud\u017ami wysokiego ryzyka [zdrowotnego], starszymi, itp.<\/em><\/p>\r\n<p><em>&#8211; My\u015bl\u0119, \u017ce nawi\u0119kszym aktem kryminalnym jest to, \u017ce gdy schorza\u0142y stary cz\u0142owiek zmierza si\u0119 z wirusem, idzie do szpitala, a tam s\u0142yszy: &#8222;Nie jeste\u015b wystarczaj\u0105co chory &#8211; id\u017a z powrotem do domu, we\u017a aspiryn\u0119 i zadzwo\u0144 do nas gdy si\u0119 gorzej poczujesz.&#8221; I oni wracaj\u0105 do domu i umieraj\u0105. Umieraj\u0105 w samotno\u015bci. A jest to ca\u0142kowicie bezzasadne, poniewa\u017c wczesne leczenie mo\u017ce im pom\u00f3c. Ale to wszystko zaczyna si\u0119 od zdania sobie sprawy, z tego co ma teraz miejsce, co si\u0119 dzieje na globaln\u0105 skal\u0119.<\/em><\/p>\r\n<p><em>&#8211; My\u015bl\u0119, \u017ce to jest spos\u00f3b na to aby\u015bmy wyzwolili si\u0119 z masowej psychozy, poniewa\u017c, jak m\u00f3wi Mattias Desmet [belgijski psychoanalityk] mo\u017cemy przekona\u0107 ludzi, \u017ce globalny totalitaryzm jest wi\u0119kszym zagro\u017ceniem ni\u017c wirus.<\/em><\/p>\r\n<\/blockquote>\r\n<p>&nbsp;<\/p>\r\n<p>Warto dopowiedzie\u0107, \u017ce je\u015bli chodzi o wczesne leczenie przypadk\u00f3w okre\u015blanych jako &#8222;covid&#8221;, to mo\u017ce by\u0107 to po prostu odmiana grypy, gdy\u017c do dnia dzisiejszego <span style=\"text-decoration: underline;\"><a href=\"https:\/\/www.bibula.com\/?p=127260\">tego &#8222;wirusa&#8221; nigdy i nigdzie nie wyizolowano<\/a><\/span>, istnieje on tylko w komputerowym wirtualnym \u015bwiecie. Za\u015b p\u00f3\u017aniejsze &#8222;komplikacje chorobowe&#8221; to w du\u017cej mierzez skutki &#8222;leczenia szpitalnego&#8221;, z zastosowaniem silnych trucizn (<em>remdesivir<\/em>) oraz respirator\u00f3w, jak r\u00f3wnie\u017c skutki samych &#8222;szczepionek&#8221;, kt\u00f3re doprowadzaj\u0105 do mniejszej odporno\u015bci organizmu na wszelkie patogeny.<\/p>\r\n<p>Natomiast na pocz\u0105tku &#8222;pandemii&#8221; w ramach <strong>celowego<\/strong> doprowadzenia do psychozy i zwi\u0119kszenia liczby zmar\u0142ych &#8211; zmarlych z jakiegokolwiek powodu: pozbawienia opieki zdrowotnej, lockdown\u00f3w, stresu, pobytu w szpitalu (najniebezpieczniejsze miejsce na \u015bwiecie!)&nbsp; &#8211; zakazano leczenia uznanymi przez \u015bwiat naukowo-medyczny, skutecznymi lekarstwami, natomiast wprowadzono jako &#8222;leki&#8221; \u015brodki toksyczne, jak na przyk\u0142ad &#8211; stosowany r\u00f3wnie\u017c w Polsce &#8211; <span style=\"text-decoration: underline;\"><em><a href=\"https:\/\/www.bibula.com\/?p=128933\">remdesivir<\/a><\/em><\/span> (ponawiamy apel: NIGDY nie zgadzajcie si\u0119 na podawanie tej trucizny!).<\/p>\r\n<p>Tak wi\u0119c wspomniany przez dr. Malone schemat odmawiania starszym ludziom pomocy i odsy\u0142anie ich do domu jest podw\u00f3jnym aktem kryminalnym: ludzie ci umieraj\u0105 ALBO w domach, bo s\u0105 pozbawieni tanich, skutecznych i (do tej pory) og\u00f3lniedost\u0119pnych lek\u00f3w oraz podstawowej opieki, ALBO umieraj\u0105 w szpitalu, bo w ramach &#8222;protoko\u0142u leczenia Covid\u201d podaje im si\u0119 trucizny.<\/p>\r\n<p>Nale\u017cy r\u00f3wnie\u017c podkre\u015bli\u0107 fragment wypowowiedzi dr. Malone, kt\u00f3ry &#8211; w pe\u0142ni s\u0142usznie &#8211; zauwa\u017ca, \u017ce &#8222;<em><strong>je\u015bli w \u015bwiecie zachodnim jest jeszcze pozosta\u0142o\u015b\u0107 moralnego autorytetu, to jest to Ko\u015bci\u00f3\u0142 katolicki<\/strong>, jako g\u0142\u00f3wna ostoja autorytetu moralnego. I <strong>mia\u0142em<\/strong> nadziej\u0119, \u017ce Ko\u015bci\u00f3\u0142 katolicki przyjmie pryncypialn\u0105 postaw\u0119 i poka\u017ce, \u017ce [to co si\u0119 dzieje] jest z\u0142em, \u017ce jest to fundamentalnie przeciwne ludzko\u015bci, temu w co wierzyli\u015bmy jako ludzko\u015b\u0107.<\/em>\u201d Jednocze\u015bnie nietrudno jest spostrzec, \u017ce dr Malone u\u017cywa czasu przesz\u0142ego (&#8222;<strong>mia\u0142em<\/strong> nadziej\u0119\u201d &#8211; &#8222;<em>I was hoping<\/em>\u201d), bo sam by\u0142 zdziwiony postaw\u0105 Watykanu, jednak go pozna\u0142 wypowiedzi apb Vigan\u00f2, utwierdzi\u0142 si\u0119 &#8211; bez wg\u0142\u0119biania si\u0119 w zawi\u0142o\u015bci obecnego posoborowego Ko\u015bcio\u0142a &#8211; \u017ce jest jeszcze gdzie\u015b w tym obszarze autorytet moralny Ko\u015bcio\u0142a.<em><br>\r\n<\/em><\/p>\r\n<p>Bowiem na obecnego administratora Watykanu, na ca\u0142\u0105 chmar\u0119 hierarch\u00f3w siedz\u0105cych cicho, zamykaj\u0105cych potulnie ko\u015bcio\u0142y, uk\u0142adaj\u0105cych si\u0119 z w\u0142adzami, zak\u0142adaj\u0105cych maski, tworz\u0105cych segregacj\u0119, nawo\u0142uj\u0105cych do przyjmowania gro\u017anych i powsta\u0142ych w wyniku wielu aborcji tzw. szczepionek &#8211; na ca\u0142y ten posoborowy ko\u015bci\u00f3\u0142 ju\u017c liczy\u0107 nie mo\u017cna.<\/p>\r\n<p>&nbsp;<\/p>\r\n<h4>Fragment wywiadu z dr. Robertem Malone:<\/h4>\r\n<p><iframe class=\"rumble\" src=\"https:\/\/rumble.com\/embed\/vnk4zc\/?pub=4\" allowfullscreen=\"allowfullscreen\" width=\"640\" height=\"360\" frameborder=\"0\"><\/iframe><\/p>\r\n<p class=\"zrodlo\">Oprac. www.bibula.com<br>\r\n2021-12-03<br>\r\nna podstawie: <a href=\"https:\/\/www.lifesitenews.com\/video\/mrna-inventor-stands-with-abp-viganos-call-for-alliance-against-fundamentally-evil-covid-tyranny\/\">Lifesitenews (<span class=\"lsn_video_date\">December 3, 2021<\/span>)<\/a><\/p>","protected":false},"excerpt":{"rendered":"W obliczu tworz\u0105cej si\u0119 na naszych oczach globalnej tyranii, 18 listopada 2021 roku arcybiskup Carlo Maria Vigan\u00f2, by\u0142y nuncjusz apostolski w Stanach Zjednoczonych, wezwa\u0142 do zawi\u0105zania Sojuszu Antyglobalistycznego. &nbsp; Abp Vigan\u00f2 m\u00f3wi\u0142 m.in.: &#8222;Od dw\u00f3ch lat jeste\u015bmy \u015bwiadkami globalnego zamachu stanu, w kt\u00f3rym elita finansowa i ideologiczna zdo\u0142a\u0142a przej\u0105\u0107 kontrol\u0119 nad cz\u0119\u015bci\u0105 rz\u0105d\u00f3w krajowych, instytucjami [&hellip;]","protected":false},"author":1,"featured_media":0,"comment_status":"closed","ping_status":"closed","sticky":false,"template":"","format":"standard","meta":{"_acf_changed":false,"_monsterinsights_skip_tracking":false,"_monsterinsights_sitenote_active":false,"_monsterinsights_sitenote_note":"","_monsterinsights_sitenote_category":0,"ngg_post_thumbnail":0,"footnotes":"","_wp_rev_ctl_limit":""},"categories":[13,451],"tags":[455,433,351,20,452],"acf":[],"_links":{"self":[{"href":"https:\/\/www.bibula.com\/index.php?rest_route=\/wp\/v2\/posts\/129554"}],"collection":[{"href":"https:\/\/www.bibula.com\/index.php?rest_route=\/wp\/v2\/posts"}],"about":[{"href":"https:\/\/www.bibula.com\/index.php?rest_route=\/wp\/v2\/types\/post"}],"author":[{"embeddable":true,"href":"https:\/\/www.bibula.com\/index.php?rest_route=\/wp\/v2\/users\/1"}],"replies":[{"embeddable":true,"href":"https:\/\/www.bibula.com\/index.php?rest_route=%2Fwp%2Fv2%2Fcomments&post=129554"}],"version-history":[{"count":10,"href":"https:\/\/www.bibula.com\/index.php?rest_route=\/wp\/v2\/posts\/129554\/revisions"}],"predecessor-version":[{"id":129588,"href":"https:\/\/www.bibula.com\/index.php?rest_route=\/wp\/v2\/posts\/129554\/revisions\/129588"}],"wp:attachment":[{"href":"https:\/\/www.bibula.com\/index.php?rest_route=%2Fwp%2Fv2%2Fmedia&parent=129554"}],"wp:term":[{"taxonomy":"category","embeddable":true,"href":"https:\/\/www.bibula.com\/index.php?rest_route=%2Fwp%2Fv2%2Fcategories&post=129554"},{"taxonomy":"post_tag","embeddable":true,"href":"https:\/\/www.bibula.com\/index.php?rest_route=%2Fwp%2Fv2%2Ftags&post=129554"}],"curies":[{"name":"wp","href":"https:\/\/api.w.org\/{rel}","templated":true}]}}