{"id":129462,"date":"2021-11-30T13:30:43","date_gmt":"2021-11-30T18:30:43","guid":{"rendered":"https:\/\/www.bibula.com\/?p=129462"},"modified":"2021-12-06T16:23:40","modified_gmt":"2021-12-06T21:23:40","slug":"wiadomosci-cyrk-zaszczepiony-trzema-dawkami-prezydent-czech-ma-pozytywny-wynik-testu-i-siedzi-w-plastikowej-klatce","status":"publish","type":"post","link":"https:\/\/www.bibula.com\/?p=129462","title":{"rendered":"Zaszczepiony trzema dawkami prezydent Czech ma pozytywny wynik testu i siedzi w plastikowej klatce"},"content":{"rendered":"<p>W niedziel\u0119 (28.11.2021) prezydent Czech, Milos Zeman, mianowa\u0142 nowego premiera Petra Fial\u0119. Ceremonia wygl\u0105da\u0142a groteskowo. Zeman siedzia\u0142 w plastikowej klatce, poniewa\u017c ma pozytywny wynik testu na koronawirusa, chocia\u017c jest zaszczepiony trzema dawkami szczepionki na Covid. Oczywi\u015bcie wszyscy uczestnicy tego spektaklu wyst\u0105pili w bezu\u017cytecznych maskach, kt\u00f3rych zadaniem jest przypominanie o pandemii.<\/p>\r\n<p>&nbsp;<\/p>\r\n<blockquote class=\"twitter-tweet\">\r\n<p dir=\"ltr\" lang=\"pl\">W pa\u0142acu w L\u00e1nach trwa ceremonia mianowania nowego premiera. Prezydent Milo\u0161 Zeman jest zaka\u017cony koronawirusem, dlatego zosta\u0142 oddzielony od Petra Fiali \u015bciank\u0105 z plexi. Akt nominacyjny Zeman podpisa\u0142 ju\u017c wczoraj, dokument zosta\u0142 zdezynfekowany. <a href=\"https:\/\/t.co\/FdAniWbdE8\">pic.twitter.com\/FdAniWbdE8<\/a><\/p>\r\n\r\n\u2014 Wojtek Stobba (@w_stobba) <a href=\"https:\/\/twitter.com\/w_stobba\/status\/1464898780407414784?ref_src=twsrc%5Etfw\">November 28, 2021<\/a><\/blockquote>\r\n<p><script async=\"\" src=\"https:\/\/platform.twitter.com\/widgets.js\" charset=\"utf-8\"><\/script><\/p>\r\n<p>&nbsp;<\/p>\r\n<p>Rozmowy prezydenta z kandydatami na ministr\u00f3w maj\u0105 potrwa\u0107 do 13 grudnia. Petr Fiala oczekuje, \u017ce ca\u0142y rz\u0105d zostanie powo\u0142any w po\u0142owie przysz\u0142ego miesi\u0105ca. Do tego czasu w\u0142adza pozostanie w r\u0119kach ust\u0119puj\u0105cego premiera Andreja Babisa i jego gabinetu.<\/p>\r\n<p>&nbsp;<\/p>\r\n<p><blockquote class=\"twitter-tweet\" data-width=\"550\" data-dnt=\"true\"><p lang=\"pl\" dir=\"ltr\">No i powiedzcie, czy oni s\u0105 normalni?<br>I pomy\u015ble\u0107, \u017ce takie pajace od 1,5 roku mebluj\u0105 nam \u017cycie.<\/p>&mdash; Joanna Czarna (@Joanna_Czarna) <a href=\"https:\/\/twitter.com\/Joanna_Czarna\/status\/1464999309326401542?ref_src=twsrc%5Etfw\">November 28, 2021<\/a><\/blockquote><script async src=\"https:\/\/platform.twitter.com\/widgets.js\" charset=\"utf-8\"><\/script><\/p>\r\n<p>&nbsp;<\/p>\r\n<p>Trzykrotnie zaszczepiony prezydent Czech siedz\u0105cy w plastikowej klatce to symbol ob\u0142\u0119du, w kt\u00f3ry wp\u0119dzono \u015bwiat przy pomocy wirusa o \u015bmiertelno\u015bci na poziomie u\u0142amka procenta. Internauci wy\u015bmiali ceremoni\u0119, a w przerobionej wersji zdj\u0119cia Zeman trafi\u0142 do akwarium.<\/p>\r\n<p>&nbsp;<\/p>\r\n<p class=\"zrodlo\">Ca\u0142o\u015b\u0107: <a href=\"https:\/\/wprawo.pl\/cyrk-zaszczepiony-trzema-dawkami-prezydent-czech-ma-pozytywny-wynik-testu-i-siedzi-w-plastikowej-klatce\/\">wprawo.pl (listopad 29, 2021)<\/a><\/p>","protected":false},"excerpt":{"rendered":"W niedziel\u0119 (28.11.2021) prezydent Czech, Milos Zeman, mianowa\u0142 nowego premiera Petra Fial\u0119. Ceremonia wygl\u0105da\u0142a groteskowo. Zeman siedzia\u0142 w plastikowej klatce, poniewa\u017c ma pozytywny wynik testu na koronawirusa, chocia\u017c jest zaszczepiony trzema dawkami szczepionki na Covid. Oczywi\u015bcie wszyscy uczestnicy tego spektaklu wyst\u0105pili w bezu\u017cytecznych maskach, kt\u00f3rych zadaniem jest przypominanie o pandemii. &nbsp; W pa\u0142acu w L\u00e1nach [&hellip;]","protected":false},"author":1,"featured_media":0,"comment_status":"closed","ping_status":"closed","sticky":false,"template":"","format":"standard","meta":{"_acf_changed":false,"_monsterinsights_skip_tracking":false,"_monsterinsights_sitenote_active":false,"_monsterinsights_sitenote_note":"","_monsterinsights_sitenote_category":0,"ngg_post_thumbnail":0,"footnotes":"","_wp_rev_ctl_limit":""},"categories":[13,451,6],"tags":[433,227,20,452],"acf":[],"_links":{"self":[{"href":"https:\/\/www.bibula.com\/index.php?rest_route=\/wp\/v2\/posts\/129462"}],"collection":[{"href":"https:\/\/www.bibula.com\/index.php?rest_route=\/wp\/v2\/posts"}],"about":[{"href":"https:\/\/www.bibula.com\/index.php?rest_route=\/wp\/v2\/types\/post"}],"author":[{"embeddable":true,"href":"https:\/\/www.bibula.com\/index.php?rest_route=\/wp\/v2\/users\/1"}],"replies":[{"embeddable":true,"href":"https:\/\/www.bibula.com\/index.php?rest_route=%2Fwp%2Fv2%2Fcomments&post=129462"}],"version-history":[{"count":4,"href":"https:\/\/www.bibula.com\/index.php?rest_route=\/wp\/v2\/posts\/129462\/revisions"}],"predecessor-version":[{"id":129640,"href":"https:\/\/www.bibula.com\/index.php?rest_route=\/wp\/v2\/posts\/129462\/revisions\/129640"}],"wp:attachment":[{"href":"https:\/\/www.bibula.com\/index.php?rest_route=%2Fwp%2Fv2%2Fmedia&parent=129462"}],"wp:term":[{"taxonomy":"category","embeddable":true,"href":"https:\/\/www.bibula.com\/index.php?rest_route=%2Fwp%2Fv2%2Fcategories&post=129462"},{"taxonomy":"post_tag","embeddable":true,"href":"https:\/\/www.bibula.com\/index.php?rest_route=%2Fwp%2Fv2%2Ftags&post=129462"}],"curies":[{"name":"wp","href":"https:\/\/api.w.org\/{rel}","templated":true}]}}