{"id":129428,"date":"2021-11-29T11:19:35","date_gmt":"2021-11-29T16:19:35","guid":{"rendered":"https:\/\/www.bibula.com\/?p=129428"},"modified":"2021-11-29T11:19:35","modified_gmt":"2021-11-29T16:19:35","slug":"korelacje-inokulacyjne-czyli-skad-ta-fala","status":"publish","type":"post","link":"https:\/\/www.bibula.com\/?p=129428","title":{"rendered":"Korelacje inokulacyjne czyli sk\u0105d ta fala?"},"content":{"rendered":"<blockquote>\r\n<p>Bior\u0105c pod uwag\u0119, \u017ce eksploduj\u0105ca liczba przypadk\u00f3w koreluje z wysokimi wska\u017anikami zaszczepiania, rodzi si\u0119 podejrzenie, \u017ce to w\u0142a\u015bnie szczepionki mog\u0105 by\u0107 odpowiedzialne za rekordow\u0105 liczb\u0119 przypadk\u00f3w.<\/p>\r\n<\/blockquote>\r\n<p style=\"text-align: center;\">\u2212\u2217\u2212<\/p>\r\n<p>W menu na dzi\u015b danie statystyczne. Wyszczeg\u00f3lnione dane z kilku kraj\u00f3w zachodnich i Europy \u015arodkowej mog\u0105ce wskazywa\u0107 na zwi\u0105zek mi\u0119dzy wysokimi wska\u017anikami pe\u0142nego zaszczepienia w danej populacji, a fal\u0105 zachorowa\u0144 przetaczaj\u0105c\u0105 si\u0119 przez te kraje.<\/p>\r\n<p>Zapraszam do lektury.<\/p>\r\n<p>Autor: <strong><em>AlterCabrio<\/em><\/strong><br>\r\n28 listopada 2021<\/p>\r\n<p style=\"text-align: center;\">_______________***_______________<\/p>\r\n<p>&nbsp;<\/p>\r\n<p>&nbsp;<\/p>\r\n<h1>Pot\u0119\u017cna fala Covid w Niemczech i Europie \u015arodkowej pomimo wysokich poziom\u00f3w zaszczepienia<\/h1>\r\n<p>Przegl\u0105daj\u0105c aktualne statystyki dotycz\u0105ce Covid w Europie, nie mo\u017cna si\u0119 nie wzdrygn\u0105\u0107. Teraz ju\u017c jest jasne, \u017ce ogromna, rekordowa fala Covid przedziera si\u0119 przez Niemcy i Europ\u0119 \u015arodkow\u0105. Co zdumiewaj\u0105ce, dzieje si\u0119 tak na kontynencie, gdzie wiele kraj\u00f3w mo\u017ce pochwali\u0107 si\u0119 \u2018wyszczepieniem\u2019 na poziomie od 65% do 70% ca\u0142ej populacji.<\/p>\r\n<p>Nieca\u0142y rok temu <strong>dr Anthony Fauci stwierdzi\u0142, \u017ce wska\u017anik szczepie\u0144 wynosz\u0105cy od 60 do 70 procent zapewni\u0142by odporno\u015b\u0107 stada<\/strong>. Wed\u0142ug <a href=\"https:\/\/www.axios.com\/fauci-goalposts-herd-immunity-c83c7500-d8f9-4960-a334-06cc03d9a220.html\">raportu firmy Axios<\/a> opublikowanego 25 grudnia ubieg\u0142ego roku:<\/p>\r\n<blockquote>\r\n<p>\u201cDr Anthony Fauci od dawna podawa\u0142, \u017ce poziom infekcji\/szczepie\u0144 na COVID, kt\u00f3rego kraj b\u0119dzie potrzebowa\u0142, aby osi\u0105gn\u0105\u0107 odporno\u015b\u0107 stada, wynosi\u0142 od 60% do 70% \u2014 aby choroba znikn\u0119\u0142a, a \u017cycie wr\u00f3ci\u0142o do normy\u2026\u201d<\/p>\r\n<\/blockquote>\r\n<p><strong>Obecnie wi\u0119kszo\u015b\u0107 kraj\u00f3w w Europie, pod wzgl\u0119dem liczby szczepie\u0144, mie\u015bci si\u0119 ju\u017c w tym zakresie.<\/strong><\/p>\r\n<p>Efekt szczepionek jest dodatkowo wzmacniany przez naturaln\u0105 odporno\u015b\u0107, kt\u00f3ra wed\u0142ug niekt\u00f3rych ekspert\u00f3w mo\u017ce <a href=\"https:\/\/swprs.org\/the-return-of-the-flu\/\">si\u0119ga\u0107 nawet 50% w niekt\u00f3rych populacjach<\/a>. Prawie dwa lata po wybuchu pandemii ludzie w wielu miejscach byli intensywnie nara\u017ceni na wirusa i w rezultacie posiadaj\u0105 naturalne przeciwcia\u0142a. Dlatego zaszczepienie, powiedzmy, 65 procent populacji dobr\u0105 szczepionk\u0105 powinno skutkowa\u0107 og\u00f3ln\u0105 odporno\u015bci\u0105 w okolicach 80 procent. Przy takim poziomie odporno\u015bci nale\u017ca\u0142oby si\u0119 spodziewa\u0107, je\u015bli nie eliminacji choroby, to z pewno\u015bci\u0105 znacznego spadku jej wyst\u0119powania.<\/p>\r\n<p><strong>Teraz jednak jest ca\u0142kiem jasne, \u017ce pomimo wysokiego wska\u017anika szczepie\u0144 Europa nie jest nawet bliska osi\u0105gni\u0119cia obiecanej ulgi<\/strong>. I nie chodzi tylko o to, bo w rzeczywisto\u015bci jest znacznie gorzej ni\u017c w tym samym czasie w zesz\u0142ym roku, kiedy nie by\u0142o jeszcze \u017cadnych szczepionek.<\/p>\r\n<p>Chocia\u017c nie znamy dok\u0142adnego progu wymaganego do osi\u0105gni\u0119cia odporno\u015bci stada w przypadku Covid 19, to jedno jest pewne: <strong>gdyby szczepionki zadzia\u0142a\u0142y, pandemia powinna by\u0107 teraz w du\u017cej mierze pod kontrol\u0105<\/strong>, bior\u0105c pod uwag\u0119 wysoki poziom szczepie\u0144 w Europie. Niestety jest odwrotnie. W\u0142a\u015bnie w tej chwili, <strong>Niemcy i Europa \u015arodkowa s\u0105 w szponach najgorszej fali od pocz\u0105tku pandemii<\/strong>. Ta fala prawdopodobnie pop\u0142ynie dalej i ogarnie inne cz\u0119\u015bci starego kontynentu.<\/p>\r\n<p>Przedstawimy realia sytuacji, prezentuj\u0105c odpowiednie dane w przyst\u0119pny, prosty spos\u00f3b. Zrobimy to, zestawiaj\u0105c wykresy przedstawiaj\u0105ce wska\u017aniki szczepie\u0144 z wykresami przedstawiaj\u0105cymi wska\u017aniki przypadk\u00f3w w omawianych krajach.<\/p>\r\n<p><strong>\u017badna ze stron debaty na temat szczepionek nie kwestionowa\u0142aby prawdziwo\u015bci danych przedstawionych poni\u017cej<\/strong>. Dane pochodz\u0105 z narz\u0119dzia Google Coronavirus Statistics, kt\u00f3re czerpie materia\u0142 z oficjalnych \u017ar\u00f3de\u0142 i rz\u0105dowych baz danych. <strong>Dane s\u0105 og\u00f3lnie i powszechnie dost\u0119pne<\/strong>. Je\u015bli chcesz zweryfikowa\u0107 lub odtworzy\u0107 dane u\u017cyte w tym artykule, mo\u017cesz to \u0142atwo zrobi\u0107, wchodz\u0105c na stron\u0119 google i wpisuj\u0105c \u201ekoronawirus\u201d oraz nazw\u0119 kraju, kt\u00f3rego statystyki chcesz zbada\u0107. Gdy pojawi\u0105 si\u0119 dane kraju, mo\u017cesz wybra\u0107 w poziomym menu, kt\u00f3re pojawia si\u0119 pod has\u0142em \u201eStatystyki\u201d, jaki rodzaj danych chcesz zobaczy\u0107: \u201eNowe przypadki\u201d czy \u201eSzczepienia\u201d.<\/p>\r\n<p>&nbsp;<\/p>\r\n<h4>Niemcy<\/h4>\r\n<p>Na dzie\u0144 25 listopada pe\u0142ny wska\u017anik szczepie\u0144 w Niemczech wynosi\u0142 68,1 procent, podczas gdy ponad 70% populacji otrzyma\u0142o co najmniej jedn\u0105 dawk\u0119.<\/p>\r\n<p><a href=\"https:\/\/www.ekspedyt.org\/2021\/11\/28\/korelacje-inokulacyjne-czyli-skad-ta-fala\/niemcy_1_ac\/\" rel=\"attachment wp-att-89886\"><img fetchpriority=\"high\" decoding=\"async\" class=\"aligncenter wp-image-89886\" src=\"https:\/\/www.ekspedyt.org\/wp-content\/uploads\/2021\/11\/niemcy_1_ac.jpg\" sizes=\"(max-width: 600px) 100vw, 600px\" srcset=\"https:\/\/www.ekspedyt.org\/wp-content\/uploads\/2021\/11\/niemcy_1_ac.jpg 620w, https:\/\/www.ekspedyt.org\/wp-content\/uploads\/2021\/11\/niemcy_1_ac-300x125.jpg 300w\" alt=\"\" width=\"765\" height=\"320\"><\/a><\/p>\r\n<p>Pomimo osi\u0105gni\u0119cia wska\u017anika szczepie\u0144, kt\u00f3ry powinien by\u0142 zapewni\u0107 odporno\u015b\u0107 stada w tym kraju, Niemcy odnotowuj\u0105 rekordow\u0105 liczb\u0119 przypadk\u00f3w. 24 listopada kraj zanotowa\u0142 79 051 nowych przypadk\u00f3w, co stanowi ponad 50% poprzedniego rekordu w liczbie 45 333, ustanowionego 7 stycznia. Jest to o tyle znacz\u0105ce, \u017ce wska\u017anik szczepie\u0144 w kraju wynosi\u0142 wtedy 0 procent. 70-procentowe \u2018wyszczepienie\u2019 w Niemczech nie tylko nie zdo\u0142a\u0142o okie\u0142zna\u0107 pandemii, ale zbiega si\u0119 z najgorsz\u0105 liczb\u0105 przypadk\u00f3w od jej pocz\u0105tku.<\/p>\r\n<p><a href=\"https:\/\/www.ekspedyt.org\/2021\/11\/28\/korelacje-inokulacyjne-czyli-skad-ta-fala\/niemcy_2_ac\/\" rel=\"attachment wp-att-89885\"><img decoding=\"async\" class=\"aligncenter wp-image-89885\" src=\"https:\/\/www.ekspedyt.org\/wp-content\/uploads\/2021\/11\/niemcy_2_ac.jpg\" sizes=\"(max-width: 600px) 100vw, 600px\" srcset=\"https:\/\/www.ekspedyt.org\/wp-content\/uploads\/2021\/11\/niemcy_2_ac.jpg 620w, https:\/\/www.ekspedyt.org\/wp-content\/uploads\/2021\/11\/niemcy_2_ac-300x124.jpg 300w\" alt=\"\" width=\"764\" height=\"317\"><\/a><\/p>\r\n<h4>&nbsp;<\/h4>\r\n<h4>Austria<\/h4>\r\n<p>Na dzie\u0144 24 listopada w kraju odnotowano 65,8% pe\u0142nych zaszczepie\u0144, podczas gdy siedemdziesi\u0105t procent Austriak\u00f3w otrzyma\u0142o co najmniej jedn\u0105 dawk\u0119.<\/p>\r\n<p><a href=\"https:\/\/www.ekspedyt.org\/2021\/11\/28\/korelacje-inokulacyjne-czyli-skad-ta-fala\/austria_1_ac\/\" rel=\"attachment wp-att-89887\"><img decoding=\"async\" class=\"aligncenter wp-image-89887\" src=\"https:\/\/www.ekspedyt.org\/wp-content\/uploads\/2021\/11\/austria_1_ac.jpg\" sizes=\"(max-width: 600px) 100vw, 600px\" srcset=\"https:\/\/www.ekspedyt.org\/wp-content\/uploads\/2021\/11\/austria_1_ac.jpg 620w, https:\/\/www.ekspedyt.org\/wp-content\/uploads\/2021\/11\/austria_1_ac-300x124.jpg 300w\" alt=\"\" width=\"765\" height=\"316\"><\/a><\/p>\r\n<p>Po podaniu szczepionki prawie dw\u00f3m trzecim populacji, Austria, 24 listopada, opublikowa\u0142a nowy dzienny rekord 15 365 przypadk\u00f3w. To pobi\u0142o poprzedni rekord kraju z listopada zesz\u0142ego roku o ponad 60 procent. W tamtym okresie nikt w ca\u0142ym kraju nie otrzyma\u0142 ani jednej dawki. Innymi s\u0142owy, prawie 70% \u2018wyszczepienia\u2019 nie przyczyni\u0142o si\u0119 do zmniejszenia zachorowalno\u015bci na t\u0119 chorob\u0119 w populacji. Wr\u0119cz przeciwnie, zbieg\u0142o si\u0119 to z najwi\u0119ksz\u0105 liczb\u0105 przypadk\u00f3w w historii w tym kraju.<\/p>\r\n<p><a href=\"https:\/\/www.ekspedyt.org\/2021\/11\/28\/korelacje-inokulacyjne-czyli-skad-ta-fala\/austria_2_ac\/\" rel=\"attachment wp-att-89888\"><img loading=\"lazy\" decoding=\"async\" class=\"aligncenter wp-image-89888\" src=\"https:\/\/www.ekspedyt.org\/wp-content\/uploads\/2021\/11\/austria_2_ac.jpg\" sizes=\"(max-width: 600px) 100vw, 600px\" srcset=\"https:\/\/www.ekspedyt.org\/wp-content\/uploads\/2021\/11\/austria_2_ac.jpg 620w, https:\/\/www.ekspedyt.org\/wp-content\/uploads\/2021\/11\/austria_2_ac-300x124.jpg 300w\" alt=\"\" width=\"764\" height=\"317\"><\/a><\/p>\r\n<h4>&nbsp;<\/h4>\r\n<h4>Szwajcaria<\/h4>\r\n<p>Pod koniec listopada Szwajcaria odnotowa\u0142a 65,7% pe\u0142nych zaszczepie\u0144 w populacji, podczas gdy 67,4% jej mieszka\u0144c\u00f3w otrzyma\u0142o co najmniej jeden zastrzyk szczepionki.<\/p>\r\n<p><a href=\"https:\/\/www.ekspedyt.org\/2021\/11\/28\/korelacje-inokulacyjne-czyli-skad-ta-fala\/szwajcaria_1_ac\/\" rel=\"attachment wp-att-89889\"><img loading=\"lazy\" decoding=\"async\" class=\"aligncenter wp-image-89889\" src=\"https:\/\/www.ekspedyt.org\/wp-content\/uploads\/2021\/11\/szwajcaria_1_ac.jpg\" sizes=\"(max-width: 600px) 100vw, 600px\" srcset=\"https:\/\/www.ekspedyt.org\/wp-content\/uploads\/2021\/11\/szwajcaria_1_ac.jpg 620w, https:\/\/www.ekspedyt.org\/wp-content\/uploads\/2021\/11\/szwajcaria_1_ac-300x124.jpg 300w\" alt=\"\" width=\"764\" height=\"317\"><\/a><\/p>\r\n<p>22 listopada Szwajcaria odnotowa\u0142a 14 592 nowych przypadk\u00f3w Covid 19. To prawie o 40% wi\u0119cej od poprzedniego rekordu kraju, kt\u00f3ry wynosi\u0142 10 517 przypadk\u00f3w opublikowanych 3 listopada zesz\u0142ego roku. W tym czasie wska\u017anik szczepie\u0144 w kraju wynosi\u0142 zero procent.<\/p>\r\n<p><a href=\"https:\/\/www.ekspedyt.org\/2021\/11\/28\/korelacje-inokulacyjne-czyli-skad-ta-fala\/szwajcaria_2_ac\/\" rel=\"attachment wp-att-89890\"><img loading=\"lazy\" decoding=\"async\" class=\"aligncenter wp-image-89890\" src=\"https:\/\/www.ekspedyt.org\/wp-content\/uploads\/2021\/11\/szwajcaria_2_ac.jpg\" sizes=\"(max-width: 600px) 100vw, 600px\" srcset=\"https:\/\/www.ekspedyt.org\/wp-content\/uploads\/2021\/11\/szwajcaria_2_ac.jpg 620w, https:\/\/www.ekspedyt.org\/wp-content\/uploads\/2021\/11\/szwajcaria_2_ac-300x123.jpg 300w, https:\/\/www.ekspedyt.org\/wp-content\/uploads\/2021\/11\/szwajcaria_2_ac-465x190.jpg 465w\" alt=\"\" width=\"763\" height=\"313\"><\/a><\/p>\r\n<p>[<strong>Uwaga:<\/strong> je\u015bli spr\u00f3bujesz odtworzy\u0107 rekordow\u0105 liczb\u0119 z listopada na google(.)com, uzyskasz liczb\u0119 21.926 na dzie\u0144 2 listopada. Bior\u0105c pod uwag\u0119 trend i krzyw\u0105 wykresu, jest to wyra\u017anie b\u0142\u0105d bazy danych, kt\u00f3ry naszym zdaniem jest niezamierzony. Aby to poprawi\u0107, narysowali\u015bmy nasz\u0105 liczb\u0119 na 3 listopada ze strony Worldometers(.)com. Prosz\u0119 zobaczy\u0107 link <a href=\"https:\/\/www.worldometers.info\/coronavirus\/country\/switzerland\/\"><strong>tutaj<\/strong><\/a>]<\/p>\r\n<h4>&nbsp;<\/h4>\r\n<h4>Republika Czeska<\/h4>\r\n<p>24 listopada wska\u017anik pe\u0142nych zaszczepie\u0144 w kraju wyni\u00f3s\u0142 58,9 procent, podczas gdy 61,8 procent Czech\u00f3w otrzyma\u0142o przynajmniej jedn\u0105 dawk\u0119 szczepionki.<\/p>\r\n<p><a href=\"https:\/\/www.ekspedyt.org\/2021\/11\/28\/korelacje-inokulacyjne-czyli-skad-ta-fala\/czechy_1_ac\/\" rel=\"attachment wp-att-89891\"><img loading=\"lazy\" decoding=\"async\" class=\"aligncenter wp-image-89891\" src=\"https:\/\/www.ekspedyt.org\/wp-content\/uploads\/2021\/11\/czechy_1_ac.jpg\" sizes=\"(max-width: 600px) 100vw, 600px\" srcset=\"https:\/\/www.ekspedyt.org\/wp-content\/uploads\/2021\/11\/czechy_1_ac.jpg 620w, https:\/\/www.ekspedyt.org\/wp-content\/uploads\/2021\/11\/czechy_1_ac-300x122.jpg 300w, https:\/\/www.ekspedyt.org\/wp-content\/uploads\/2021\/11\/czechy_1_ac-465x190.jpg 465w\" alt=\"\" width=\"600\" height=\"244\"><\/a><\/p>\r\n<p>24 listopada Czechy zg\u0142osi\u0142y 25 949 nowych przypadk\u00f3w. Przekroczy\u0142o to o prawie 40% poprzednie maksimum 17 773, ustalone w styczniu br. Chocia\u017c wska\u017anik inokulacji w Czechach jest nieco ni\u017cszy ni\u017c u s\u0105siad\u00f3w na zachodzie, to 60-procentowy odsetek jest nadal stosunkowo wysoki. W ka\u017cdym razie jest <strong>bardzo zbli\u017cony do poziomu odporno\u015bci stada, kt\u00f3ry okre\u015bli\u0142 dr Fauci<\/strong>. Czechy nie tylko nie osi\u0105gn\u0119\u0142y \u017cadnej odporno\u015bci na du\u017c\u0105 skal\u0119, ale ich dzienna liczba przypadk\u00f3w jest znacznie wy\u017csza ni\u017c w jakimkolwiek innym momencie tej pandemii. Przy 60-procentowym wska\u017aniku szczepie\u0144 mo\u017cna racjonalnie oczekiwa\u0107, \u017ce choroba zostanie opanowana. Niestety, sta\u0142o si\u0119 zupe\u0142nie odwrotnie.<\/p>\r\n<p><a href=\"https:\/\/www.ekspedyt.org\/2021\/11\/28\/korelacje-inokulacyjne-czyli-skad-ta-fala\/czechy_2_ac\/\" rel=\"attachment wp-att-89892\"><img loading=\"lazy\" decoding=\"async\" class=\"aligncenter wp-image-89892\" src=\"https:\/\/www.ekspedyt.org\/wp-content\/uploads\/2021\/11\/czechy_2_ac.jpg\" sizes=\"(max-width: 600px) 100vw, 600px\" srcset=\"https:\/\/www.ekspedyt.org\/wp-content\/uploads\/2021\/11\/czechy_2_ac.jpg 620w, https:\/\/www.ekspedyt.org\/wp-content\/uploads\/2021\/11\/czechy_2_ac-300x126.jpg 300w\" alt=\"\" width=\"764\" height=\"321\"><\/a><\/p>\r\n<h4>&nbsp;<\/h4>\r\n<h4>W\u0119gry<\/h4>\r\n<p>24 listopada wska\u017anik inokulacji w kraju wyni\u00f3s\u0142 59,7% w pe\u0142ni zaszczepionych, a 62,3% otrzyma\u0142o co najmniej jedn\u0105 dawk\u0119.<\/p>\r\n<p><a href=\"https:\/\/www.ekspedyt.org\/2021\/11\/28\/korelacje-inokulacyjne-czyli-skad-ta-fala\/wegry_1_ac\/\" rel=\"attachment wp-att-89893\"><img loading=\"lazy\" decoding=\"async\" class=\"aligncenter wp-image-89893\" src=\"https:\/\/www.ekspedyt.org\/wp-content\/uploads\/2021\/11\/wegry_1_ac.jpg\" sizes=\"(max-width: 600px) 100vw, 600px\" srcset=\"https:\/\/www.ekspedyt.org\/wp-content\/uploads\/2021\/11\/wegry_1_ac.jpg 620w, https:\/\/www.ekspedyt.org\/wp-content\/uploads\/2021\/11\/wegry_1_ac-300x122.jpg 300w, https:\/\/www.ekspedyt.org\/wp-content\/uploads\/2021\/11\/wegry_1_ac-465x190.jpg 465w\" alt=\"\" width=\"764\" height=\"312\"><\/a><\/p>\r\n<p>W tym samym czasie w kraju odnotowano 27 209 przypadk\u00f3w, co przebi\u0142o stary rekord z 27 marca o prawie 300%. W okresie poprzedniego szczytu wska\u017anik \u2018wyszczepienia\u2019 wynosi\u0142 7%.<\/p>\r\n<p><a href=\"https:\/\/www.ekspedyt.org\/2021\/11\/28\/korelacje-inokulacyjne-czyli-skad-ta-fala\/wegry_2_ac\/\" rel=\"attachment wp-att-89894\"><img loading=\"lazy\" decoding=\"async\" class=\"aligncenter wp-image-89894\" src=\"https:\/\/www.ekspedyt.org\/wp-content\/uploads\/2021\/11\/wegry_2_ac.jpg\" sizes=\"(max-width: 600px) 100vw, 600px\" srcset=\"https:\/\/www.ekspedyt.org\/wp-content\/uploads\/2021\/11\/wegry_2_ac.jpg 620w, https:\/\/www.ekspedyt.org\/wp-content\/uploads\/2021\/11\/wegry_2_ac-300x125.jpg 300w\" alt=\"\" width=\"766\" height=\"319\"><\/a><\/p>\r\n<h4>&nbsp;<\/h4>\r\n<h4><strong>Wnioski<\/strong><\/h4>\r\n<p><strong>Przy poziomie zaszczepienia w przedziale od 60 do 70 procent, wirus powinien by\u0107<\/strong> \u2013 je\u015bli nie wyp\u0119dzony \u2013 to <strong>zdecydowanie pod kontrol\u0105. Zamiast tego, jak widzimy w wielu krajach w ca\u0142ej Europie, wymyka si\u0119 spod kontroli.<\/strong><\/p>\r\n<p>Obserwuj\u0105c te liczby, nie mo\u017cna nie odczuwa\u0107 g\u0142\u0119bokiego zaniepokojenia, zw\u0142aszcza \u017ce wska\u017anik \u015bmiertelno\u015bci ma tendencj\u0119 do osi\u0105gania szczytu w okresie grudzie\u0144-stycze\u0144. Bior\u0105c pod uwag\u0119 rekordowo wysokie liczby przypadk\u00f3w w Europie \u015arodkowej, w nadchodz\u0105cych tygodniach w krajach tych mog\u0105 nasta\u0107 bardzo mroczne czasy.<\/p>\r\n<p>Wiele narod\u00f3w europejskich, a tak\u017ce inne silnie zaszczepione kraje w innych cz\u0119\u015bciach \u015bwiata, <strong>bij\u0105 na alarm<\/strong> i nak\u0142adaj\u0105 now\u0105 fal\u0119 lockdown\u00f3w.<\/p>\r\n<p>Gdyby szczepionki by\u0142y cho\u0107 troch\u0119 skuteczne, to nigdy by si\u0119 to nie wydarzy\u0142o na kontynencie, na kt\u00f3rym \u015bredni poziom zaszczepienia <a href=\"https:\/\/vaccinetracker.ecdc.europa.eu\/public\/extensions\/COVID-19\/vaccine-tracker.html#uptake-tab\">wynosi 65 procent<\/a>.<\/p>\r\n<p><strong>Bior\u0105c pod uwag\u0119, \u017ce eksploduj\u0105ca liczba przypadk\u00f3w koreluje z wysokimi wska\u017anikami zaszczepiania, rodzi si\u0119 podejrzenie, \u017ce to w\u0142a\u015bnie szczepionki mog\u0105 by\u0107 odpowiedzialne za rekordow\u0105 liczb\u0119 przypadk\u00f3w.<\/strong><\/p>\r\n<p>Dane wyra\u017anie pokazuj\u0105, \u017ce <strong>szczepionki nie wykazuj\u0105 takiego efektu<\/strong>, jaki mia\u0142y mie\u0107.<\/p>\r\n<p>Przedstawione powy\u017cej liczby i wykresy dostarczaj\u0105 <strong>twardych dowod\u00f3w na niepowodzenie szczepie\u0144<\/strong>.<\/p>\r\n<p>________________<\/p>\r\n<p>Strona autora:<\/p>\r\n<p><a href=\"https:\/\/vasko.substack.com\/p\/a-massive-covid-wave-in-germany-and\"><strong>A Massive Covid Wave In Germany and Central Europe Despite High Vaccination<\/strong>, Vasko Kohlmayer, Nov 27, 2021<\/a><\/p>\r\n<p>Pe\u0142na wersja tekstu na <em>LewRockwell(.)com<\/em>:<\/p>\r\n<p><a href=\"https:\/\/www.lewrockwell.com\/2021\/11\/vasko-kohlmayer\/a-massive-covid-wave-in-germany-and-central-europe-despite-high-vaccination\/\"><strong>A Massive Covid Wave in Germany and Central Europe Despite High Vaccination<\/strong>, Vasko Kohlmayer, November 27, 2021<\/a><\/p>\r\n<p>&nbsp;<\/p>","protected":false},"excerpt":{"rendered":"Bior\u0105c pod uwag\u0119, \u017ce eksploduj\u0105ca liczba przypadk\u00f3w koreluje z wysokimi wska\u017anikami zaszczepiania, rodzi si\u0119 podejrzenie, \u017ce to w\u0142a\u015bnie szczepionki mog\u0105 by\u0107 odpowiedzialne za rekordow\u0105 liczb\u0119 przypadk\u00f3w. \u2212\u2217\u2212 W menu na dzi\u015b danie statystyczne. Wyszczeg\u00f3lnione dane z kilku kraj\u00f3w zachodnich i Europy \u015arodkowej mog\u0105ce wskazywa\u0107 na zwi\u0105zek mi\u0119dzy wysokimi wska\u017anikami pe\u0142nego zaszczepienia w danej populacji, a [&hellip;]","protected":false},"author":1,"featured_media":0,"comment_status":"closed","ping_status":"closed","sticky":false,"template":"","format":"standard","meta":{"_acf_changed":false,"_monsterinsights_skip_tracking":false,"_monsterinsights_sitenote_active":false,"_monsterinsights_sitenote_note":"","_monsterinsights_sitenote_category":0,"ngg_post_thumbnail":0,"footnotes":"","_wp_rev_ctl_limit":""},"categories":[13,451],"tags":[433,20,452],"acf":[],"_links":{"self":[{"href":"https:\/\/www.bibula.com\/index.php?rest_route=\/wp\/v2\/posts\/129428"}],"collection":[{"href":"https:\/\/www.bibula.com\/index.php?rest_route=\/wp\/v2\/posts"}],"about":[{"href":"https:\/\/www.bibula.com\/index.php?rest_route=\/wp\/v2\/types\/post"}],"author":[{"embeddable":true,"href":"https:\/\/www.bibula.com\/index.php?rest_route=\/wp\/v2\/users\/1"}],"replies":[{"embeddable":true,"href":"https:\/\/www.bibula.com\/index.php?rest_route=%2Fwp%2Fv2%2Fcomments&post=129428"}],"version-history":[{"count":3,"href":"https:\/\/www.bibula.com\/index.php?rest_route=\/wp\/v2\/posts\/129428\/revisions"}],"predecessor-version":[{"id":129431,"href":"https:\/\/www.bibula.com\/index.php?rest_route=\/wp\/v2\/posts\/129428\/revisions\/129431"}],"wp:attachment":[{"href":"https:\/\/www.bibula.com\/index.php?rest_route=%2Fwp%2Fv2%2Fmedia&parent=129428"}],"wp:term":[{"taxonomy":"category","embeddable":true,"href":"https:\/\/www.bibula.com\/index.php?rest_route=%2Fwp%2Fv2%2Fcategories&post=129428"},{"taxonomy":"post_tag","embeddable":true,"href":"https:\/\/www.bibula.com\/index.php?rest_route=%2Fwp%2Fv2%2Ftags&post=129428"}],"curies":[{"name":"wp","href":"https:\/\/api.w.org\/{rel}","templated":true}]}}