{"id":129339,"date":"2021-11-23T14:55:34","date_gmt":"2021-11-23T19:55:34","guid":{"rendered":"https:\/\/www.bibula.com\/?p=129339"},"modified":"2021-11-23T14:55:34","modified_gmt":"2021-11-23T19:55:34","slug":"powiedz-gibraltar","status":"publish","type":"post","link":"https:\/\/www.bibula.com\/?p=129339","title":{"rendered":"Powiedz: Gibraltar\u2026"},"content":{"rendered":"<blockquote>\r\n<p>Jest taka anegdotka, niebezpieczna, gdy pozna j\u0105 \u017cona:<\/p>\r\n<p><em>M\u0105\u017c wraca nad ranem z nocnej eskapady. Otwiera mu \u017cona i m\u00f3wi: \u201ePi\u0142e\u015b\u201d, on \u2013 \u201eNie pi\u0142em\u201d. Ona: \u201eTo powiedz Gibraltar\u201d, On: \u201eDobra, pi\u0142em\u201d.<\/em><\/p>\r\n<\/blockquote>\r\n<p>&nbsp;<\/p>\r\n<p class=\"has-drop-cap\">A wi\u0119c dzi\u015b zajmiemy si\u0119 <a href=\"https:\/\/eturbonews.com\/3008708\/118-vaccinated-gibraltar-cancels-christmas-over-new-covid-19-spike\/?fbclid=IwAR2vQtz49JnE_Wrs8LIzZvhoWFFT7SJhJyHAhTBRpQqq7kTM0jzpDgI7EJk\"><span style=\"text-decoration: underline;\">Gibraltarem<\/span><\/a> (kurcze, nawet jak si\u0119 pisze, to ci\u0119\u017cko). Jest to ma\u0142a brytyjska enklawa na P\u00f3\u0142wyspie Pirenejskim. Ma swoj\u0105 administracj\u0119, nieliczn\u0105 ludno\u015b\u0107 upchan\u0105 na niewielkim terytorium. Idealna retorta do bada\u0144 kowidowych. No i co my tam mamy? Ano, po pierwsze \u2013 fenomen, zaszczepionych jest tam 113% populacji (wszyscy miejscowi plus przyjezdni z Hiszpanii do&nbsp; roboty). Jednym s\u0142owem marzenie ministra Niedzielskiego. Kowida tam w\u0142a\u015bciwie nie by\u0142o, co\u015b tam im podskoczy\u0142o w sierpniu, a teraz hop. Krzywa zaka\u017ce\u0144 wystrzeli\u0142a w niebiosa. No i rz\u0105d wprowadzi\u0142 obostrzenia i nici ze \u015awi\u0105t.<\/p>\r\n<p>&nbsp;<\/p>\r\n<figure class=\"wp-block-image size-full\"><img fetchpriority=\"high\" decoding=\"async\" class=\"wp-image-4964 aligncenter\" src=\"https:\/\/dziennikzarazy.pl\/wp-content\/uploads\/2021\/11\/gib-to1.jpg\" sizes=\"(max-width: 728px) 100vw, 728px\" srcset=\"https:\/\/dziennikzarazy.pl\/wp-content\/uploads\/2021\/11\/gib-to1.jpg 728w, https:\/\/dziennikzarazy.pl\/wp-content\/uploads\/2021\/11\/gib-to1-300x297.jpg 300w\" alt=\"\" width=\"728\" height=\"720\"><\/figure>\r\n<p>&nbsp;<\/p>\r\n<p>Ja nawet nie chc\u0119 wnika\u0107 czemu tak si\u0119 dzieje. Niech m\u0105drzejsi ode mnie spr\u00f3buj\u0105 wyt\u0142umaczy\u0107 ten fenomen. Jak mam taki wpis i pr\u00f3buj\u0119 dociec przyczyn, to zaraz si\u0119 dowiaduj\u0119, \u017ce nie umiem liczy\u0107, wykresy nie uwzgl\u0119dniaj\u0105 wp\u0142ywu rocznej produkcji parasoli o czym ja, ignorant, oczywi\u015bcie nie wiem. A wi\u0119c pozostawiam to innym, b\u0119d\u0105c pewnym, \u017ce i tak b\u0119d\u0105 udawa\u0107, \u017ce nic si\u0119 dzieje je\u017celi nie wymy\u015bl\u0105 jakiego\u015b piruetu, \u017ce wszystko w porz\u0105dku i tak mia\u0142o by\u0107. A wi\u0119c dowiemy si\u0119, \u017ce Gibraltar to za ma\u0142a pr\u00f3bka, \u017ce mo\u017ce tamtejsze ma\u0142py to roznosz\u0105, no \u2013 wszystkiego kowidowego.<\/p>\r\n<p>No dobra. Powiedzmy, \u017ce Gibraltar to nie jest dobra pr\u00f3bka, ale w takim razie przele\u0107my si\u0119 po \u015bwiecie i zobaczmy czy tylko tamci tam tak odstaj\u0105. No, bo je\u015bli potwierdzi si\u0119 to w innych krajach, to trudno b\u0119dzie zbi\u0107 argumenty, \u017ce jednak co\u015b jest nie tak. G\u0142\u00f3wnie ze szczepionkami. Bo ja jestem \u015bwiadkiem, szczeg\u00f3lnie tego nie szukaj\u0105c, nap\u0142ywu wie\u015bci z kolejnych kraj\u00f3w, a to o nag\u0142ym wzro\u015bcie zaka\u017ce\u0144, nawet w por\u00f3wnaniu z takimi samymi okresami z czas\u00f3w nieszczepiennych, a to ze wzrastaj\u0105cym odsetkiem kowidowych chorych zaszczepionych. Te dane s\u0105 zamilczane, lub \u2013 co gorsza \u2013 manipulowane w oficjalnym przekazie, kt\u00f3ry jest prosty: uratuj\u0105 nas tylko szczepienia. I ka\u017cda statystyka, \u017ce tak nie jest ma by\u0107 albo przemilczana, albo atakowana.<\/p>\r\n<p>Zaznacz\u0119, \u017ce nie jestem antyszczepionkowcem, jak wi\u0119kszo\u015b\u0107 ludzi o to dzisiaj oskar\u017cana. Ba \u2013 Jezu jak bym chcia\u0142, \u017ceby tak by\u0142o, \u017ceby by\u0142a szczepionka, kt\u00f3ra jest skuteczna, zabija wirusa w lot i mo\u017cna sko\u0144czy\u0107 to lockdownowe szale\u0144stwo. Ale moje po\u017c\u0105danie tego stanu nie mo\u017ce zamyka\u0107 mi oczu na fakty, z kt\u00f3rych nawet si\u0119 nie ciesz\u0119, cho\u0107 je przepowiadam w tym \u201eDzienniku\u201d. Za cen\u0119 braku satysfakcji, \u017ce mia\u0142em racj\u0119, z ch\u0119ci\u0105 odda\u0142bym wolno\u015b\u0107 sobie i \u015bwiatu. Ale diabe\u0142ek racjonalizmu krytycznego siedzi mi na ramieniu i ci\u0105gle szepcze. Kurcze, z takim podej\u015bciem powinienem by\u0107 w\u0105tpi\u0105cym naukowcem, czyli idea\u0142em tej dziedziny. No bo tu rzeczywisto\u015b\u0107 skrzeczy. &nbsp;A wi\u0119c jak Bolek i Lolek w serii \u201eDooko\u0142a \u015bwiata\u201d, zakr\u0119\u0107my globusem.<\/p>\r\n<p><span style=\"text-decoration: underline;\"><a href=\"https:\/\/twitter.com\/st_feu\/status\/1460953258785181701?t=eG_4okt0pnauX-ccXH0XkQ&amp;s=03\">Czesi<\/a><\/span>, bracia nasi turoszowi. Przy wyszczepieniu na poziomie 60% (ciut \u201elepiej\u201d ni\u017c my) maj\u0105 dzi\u015b rekord dzienny na poziomie 22.000 zaka\u017ce\u0144, w por\u00f3wnaniu z analogicznym okresem roku ubieg\u0142ego, kiedy przy braku szczepionek zaka\u017ce\u0144 by\u0142o 11.000.<\/p>\r\n<p><a href=\"https:\/\/twitter.com\/PBeatap\/status\/1450585823007711237?t=CGCLCbvu5oNWTAl6wWMllA&amp;s=03\"><span style=\"text-decoration: underline;\">Dania<\/span><\/a>. 57% hospitalizowanych na kowida to w pe\u0142ni zaszczepieni. Oczywi\u015bcie, jak u nas, od razu odzywaj\u0105 si\u0119 dy\u017curni t\u0142umacze, \u017ce Szczepany przechodz\u0105 koron\u0119 lekko, ale niedowiarki od razu pytaj\u0105 \u2013 to co robi\u0105 z tymi lekkimi przebiegami w szpitalu?<\/p>\r\n<p><a href=\"https:\/\/twitter.com\/PolsatNewsPL\/status\/1460701092828880899?t=rBmhW5_xrMxHTU7_LX1_7w&amp;s=03\"><span style=\"text-decoration: underline;\">Irlandia<\/span><\/a>. 93% zaszczepionej populacji i rekord zaka\u017ce\u0144. Rz\u0105d przywraca obostrzenia. To jest koszmar jaki\u015b, bo to jest wyganianie choroby przez w\u0142o\u017cenie chorego do pieca. Ju\u017c dawno \u015bwiat wie, \u017ce te lockdowny i kwarantanny W\u0141A\u015aNIE PORUKRUJ\u0104 takie stany, czyli obni\u017caj\u0105 odporno\u015b\u0107 i cz\u0142eka po\u0142o\u017cy byle wirus, kt\u00f3rego przed laty nawet by nie zauwa\u017cy\u0142.<\/p>\r\n<p>No, bo wychodzi z bada\u0144, \u017ce akcja szczepienna sobie, a wirus sobie. <span style=\"text-decoration: underline;\"><a href=\"https:\/\/teniszdebel.wixsite.com\/podrugiejstronie\/post\/wzrost-covid-19-nie-ma-zwi%C4%85zku-z-poziomem-szczepie%C5%84-w-68-krajach-i-2947-hrabstwach-w-usa\">Opublikowano w\u0142a\u015bnie<\/a> <\/span>w <em>European Jurnal of Epidemiology<\/em> artyku\u0142, z kt\u00f3rego po badaniach przeprowadzonych (bagatela!) w 68 krajach i 2947 hrabstwach USA nie dopatrzono si\u0119 \u017cadnego wp\u0142ywu na transmisj\u0119 wirusa oraz intensywno\u015b\u0107 przechodzenia tej choroby. No, ale gdyby tak by\u0142o, to wykresy by\u0142yby p\u0142askie, a rosn\u0105 i to w wykonaniu zaszczepionych. Pojawiaj\u0105 si\u0119 naukowe podejrzenia, \u017ce dochodzi do zadzia\u0142ania <span style=\"text-decoration: underline;\"><a href=\"https:\/\/www.chop.edu\/centers-programs\/vaccine-education-center\/vaccine-safety\/antibody-dependent-enhancement-and-vaccines\">mechanizmu ADE<\/a><\/span> czyli\u2026 lepszej penetracji wirusa z powodu poddanie chorego szczepieniu. Wtedy te wzrosty zdawa\u0142yby si\u0119 logiczne.<\/p>\r\n<p>Ale kr\u0119\u0107my dalej. <a href=\"https:\/\/4mens.pl\/2021\/11\/09\/szokujace-dane-70-proc-hospitalizowanych-z-covid-19-to-zaszczepieni-minister-potwierdza\/\"><span style=\"text-decoration: underline;\">Belgijski minister zdrowia<\/span><\/a> potwierdza, \u017ce zaszczepieni stanowi\u0105 70% hospitalizowanych z powodu koronawirusa. Hopla \u2013 <a href=\"https:\/\/twitter.com\/Magmag77711777\/status\/1459613930771427334?t=TUfwQp1DT9TTkfiFCQ7EMg&amp;s=03\"><span style=\"text-decoration: underline;\">Wielka Brytania<\/span><\/a> \u2013 pi\u0119\u0107 razy wi\u0119cej zgon\u00f3w w\u015br\u00f3d podw\u00f3jnie zaszczepionych ni\u017c w\u015br\u00f3d niezaszczepionych. Niemcy? <a href=\"https:\/\/twitter.com\/Al63792918\/status\/1461026153897107457?t=hKkrEcR587EVG0ubJJWktQ&amp;s=03\"><span style=\"text-decoration: underline;\">Barabardzo<\/span><\/a>: dzienne zaka\u017cenia w roku 2020 \u2013 14.580, w roku szczepiennym: 53.627 zaka\u017conych, przy 70% zaszczepionych jeden raz i dwukrotnie \u2013 68%. No i Singapur (<span style=\"text-decoration: underline;\"><a href=\"https:\/\/www.youtube.com\/watch?v=a1xkX6YOYtk\">my favorite<\/a><\/span>), kraina wzorcowa je\u015bli chodzi o strategi\u0119 kowidow\u0105, lu\u017ane podej\u015bcie, niewiele zaka\u017ce\u0144, ale <span style=\"text-decoration: underline;\"><a href=\"https:\/\/twitter.com\/wlodar_k\/status\/1460196367238844417?t=rfOxoaXwMEl7f5rJaZR32A&amp;s=03\">jak si\u0119 zacz\u0119li szczepi\u0107<\/a><\/span>\u2026<\/p>\r\n<p>&nbsp;<\/p>\r\n<figure class=\"wp-block-image size-full\"><img decoding=\"async\" class=\"wp-image-4965 aligncenter\" src=\"https:\/\/dziennikzarazy.pl\/wp-content\/uploads\/2021\/11\/gib-singa-to.jpg\" sizes=\"(max-width: 690px) 100vw, 690px\" srcset=\"https:\/\/dziennikzarazy.pl\/wp-content\/uploads\/2021\/11\/gib-singa-to.jpg 690w, https:\/\/dziennikzarazy.pl\/wp-content\/uploads\/2021\/11\/gib-singa-to-288x300.jpg 288w\" alt=\"\" width=\"690\" height=\"720\"><\/figure>\r\n<p>&nbsp;<\/p>\r\n<p>No, a jak tam Polska? No, my \u015bwiecimy si\u0119 jako\u2026 zielona wyspa. U nas to odwrotnie, na przek\u00f3r \u015bwiatu. Podobno 97% w szpitalach to niezaszczepieni, ale jak si\u0119 pod\u0142ubie, to i 35% zaszczepionych si\u0119 znajdzie na szpitalnych \u0142\u00f3\u017ckach. No, powinni tu do nas przyje\u017cd\u017ca\u0107, uczy\u0107 si\u0119, gamonie. Polak potrafi. S\u0105 trzy wyj\u015bcia: do wyboru. Pierwsze \u2013 kupili\u015bmy jak\u0105\u015b berbeluch\u0119 po tanio\u015bci, jak\u0105\u015b s\u00f3l fizjologiczn\u0105 i u nas si\u0119 nic nie dzieje a tam padaj\u0105 jak muchy (wariant odwrotny \u2013 to MY mamy prawdziw\u0105 szczepionk\u0119). Drugi wariant to taki, \u017ce polski materia\u0142 jest lepszy ni\u017c jakie\u015b tam geny leszczy ze \u015bwiata. Po prostu Polak na to lepiej reaguje a jego organizm zwalcza koron\u0119 w trymiga. Chocia\u017c raz przyda\u0142a nam si\u0119 przepowiednia, \u017ce \u201ePolak to lepszy go\u015b\u0107\u201d. No, jest jeszcze trzecia mo\u017cliwo\u015b\u0107, nawet si\u0119 boj\u0119 wymienia\u0107 \u2013 kr\u0119c\u0105 na statystykach. A \u017ce kr\u0119c\u0105 to ja ju\u017c widzia\u0142em\u2026 w <a href=\"https:\/\/dziennikzarazy.pl\/4-03-dylematy-statystyki\/\"><span style=\"text-decoration: underline;\">kwietniu zesz\u0142ego roku<\/span><\/a>, czyli 3 tygodnie po rozpocz\u0119ciu pandemii. Potem pozna\u0142em <a href=\"https:\/\/dziennikzarazy.pl\/31-05-wywiad-z-wampirem\/\"><span style=\"text-decoration: underline;\">Paw\u0142a Klimczewskiego<\/span><\/a>, kt\u00f3ry dostarczy\u0142 mi i \u015bwiatu dowod\u00f3w mojej intuicji. &nbsp;&nbsp;<\/p>\r\n<p>A liczbowo jak jest u nas? No ro\u015bnie, ale powoli, czyli wolniej ni\u017c w wymienionych krajach. Chocia\u017c jak si\u0119 zestawi rok do roku konkretne dni, to <span style=\"text-decoration: underline;\"><a href=\"https:\/\/m.facebook.com\/story.php?story_fbid=201360558849589&amp;id=100069269375201&amp;sfnsn=mo\">mamy na przyk\u0142ad<\/a><\/span>: 17 listopada (nieszczepiennego) 2020 roku zaka\u017ce\u0144 19.152, zgon\u00f3w \u2013 357, w tym samym dniu roku szczepiennego 2021: 24.239 zaka\u017ce\u0144 i zgon\u00f3w 463. Tak \u017ce tak\u2026 Moim zdaniem i tak kr\u0119c\u0105 przy statach. O tym jak to robi\u0105 napisz\u0119 za par\u0119 dni, ale materia\u0142y ju\u017c zebrane i jest ciekawie.<\/p>\r\n<p>No i teraz mamy tak. Twarde, niepokoj\u0105ce dane le\u017c\u0105 na stole, ale nie masz bracie szans zobaczy\u0107 debaty na ten temat. Eksperci wal\u0105 g\u0142upa i coraz bardziej dostarczaj\u0105c jakich\u015b niesamowitych wygibus\u00f3w do medi\u00f3w, by wyt\u0142umaczy\u0107 niewyt\u0142umaczalne, ni\u017c pr\u00f3buj\u0105 dociec \u017ar\u00f3d\u0142a tych niepokoj\u0105cych zjawisk. Sam remanent tych stawa\u0144 na antylogicznej g\u0142owie przysparza o jej b\u00f3l, bo a\u017c z\u0119by zgrzytaj\u0105, gdy si\u0119 tego s\u0142ucha lub to czyta. Ale niech si\u0119 wij\u0105. Tu zwyci\u0119\u017ca u mnie sadyzm nabyty. Widzie\u0107 tych wszystkich profesor\u00f3w, kt\u00f3rzy udaj\u0105, \u017ce nie widz\u0105 tego s\u0142onia stoj\u0105cego w rogu salonu. I pr\u00f3buj\u0105c w dodatku dokona\u0107 tego szpagatu z pozycji (para)naukowych. I wyzywaj\u0105c swych zakneblowanych przecie\u017c antagonist\u00f3w od zabobonnych foliarzy.<\/p>\r\n<p><strong><em>Jerzy Karwelis<\/em><\/strong><\/p>\r\n<p><em>Wszystkie wpisy <a href=\"https:\/\/dziennikzarazy.pl\/\">na moim blogu<\/a><\/em> \u201eDziennik zarazy\u201d.<\/p>","protected":false},"excerpt":{"rendered":"Jest taka anegdotka, niebezpieczna, gdy pozna j\u0105 \u017cona: M\u0105\u017c wraca nad ranem z nocnej eskapady. Otwiera mu \u017cona i m\u00f3wi: \u201ePi\u0142e\u015b\u201d, on \u2013 \u201eNie pi\u0142em\u201d. Ona: \u201eTo powiedz Gibraltar\u201d, On: \u201eDobra, pi\u0142em\u201d. &nbsp; A wi\u0119c dzi\u015b zajmiemy si\u0119 Gibraltarem (kurcze, nawet jak si\u0119 pisze, to ci\u0119\u017cko). Jest to ma\u0142a brytyjska enklawa na P\u00f3\u0142wyspie Pirenejskim. Ma [&hellip;]","protected":false},"author":1,"featured_media":0,"comment_status":"closed","ping_status":"closed","sticky":false,"template":"","format":"standard","meta":{"_acf_changed":false,"_monsterinsights_skip_tracking":false,"_monsterinsights_sitenote_active":false,"_monsterinsights_sitenote_note":"","_monsterinsights_sitenote_category":0,"ngg_post_thumbnail":0,"footnotes":"","_wp_rev_ctl_limit":""},"categories":[13,451],"tags":[433,452],"acf":[],"_links":{"self":[{"href":"https:\/\/www.bibula.com\/index.php?rest_route=\/wp\/v2\/posts\/129339"}],"collection":[{"href":"https:\/\/www.bibula.com\/index.php?rest_route=\/wp\/v2\/posts"}],"about":[{"href":"https:\/\/www.bibula.com\/index.php?rest_route=\/wp\/v2\/types\/post"}],"author":[{"embeddable":true,"href":"https:\/\/www.bibula.com\/index.php?rest_route=\/wp\/v2\/users\/1"}],"replies":[{"embeddable":true,"href":"https:\/\/www.bibula.com\/index.php?rest_route=%2Fwp%2Fv2%2Fcomments&post=129339"}],"version-history":[{"count":2,"href":"https:\/\/www.bibula.com\/index.php?rest_route=\/wp\/v2\/posts\/129339\/revisions"}],"predecessor-version":[{"id":129341,"href":"https:\/\/www.bibula.com\/index.php?rest_route=\/wp\/v2\/posts\/129339\/revisions\/129341"}],"wp:attachment":[{"href":"https:\/\/www.bibula.com\/index.php?rest_route=%2Fwp%2Fv2%2Fmedia&parent=129339"}],"wp:term":[{"taxonomy":"category","embeddable":true,"href":"https:\/\/www.bibula.com\/index.php?rest_route=%2Fwp%2Fv2%2Fcategories&post=129339"},{"taxonomy":"post_tag","embeddable":true,"href":"https:\/\/www.bibula.com\/index.php?rest_route=%2Fwp%2Fv2%2Ftags&post=129339"}],"curies":[{"name":"wp","href":"https:\/\/api.w.org\/{rel}","templated":true}]}}