{"id":12923,"date":"2009-08-18T19:16:20","date_gmt":"2009-08-19T00:16:20","guid":{"rendered":"http:\/\/www.bibula.com\/?p=12923"},"modified":"2009-08-18T19:16:20","modified_gmt":"2009-08-19T00:16:20","slug":"norwegowie-tez-pacyfikowali-warszawe","status":"publish","type":"post","link":"https:\/\/www.bibula.com\/?p=12923","title":{"rendered":"Norwegowie te\u017c pacyfikowali Warszaw\u0119"},"content":{"rendered":"<p><strong>Ksi\u0105\u017cka norweskiego dziennikarza Eirika Veuma \u201ePolegli\u201d o udziale Norweg\u00f3w w nazistowskich zbrodniach wojennych jest bardzo g\u0142o\u015bna w Oslo, ale b\u0119dzie o niej g\u0142o\u015bno tak\u017ce w Warszawie. Pokazuje, \u017ce tak\u017ce Norwegowie brali udzia\u0142 w pacyfikacji powstania warszawskiego.<\/strong><\/p>\r\n\r\n<p>Veum w detalach opisuje hitlerowskie zbrodnie wojenne, szczeg\u00f3lnie wobec Polak\u00f3w. Wed\u0142ug dziennikarza osiemnastolatek z miasteczka Lier oraz siedemnastolatek i dziewi\u0119tnastolatek z Oslo zgin\u0119li w Warszawie w walkach maj\u0105cych st\u0142umi\u0107 powstanie warszawskie. Czwartym uczestnikiem pacyfikacji z Norwegii by\u0142 dwudziestopi\u0119ciolatek z Bergen, kt\u00f3ry zgin\u0105\u0142 p\u00f3\u017aniej, w 1945 roku, na W\u0119grzech.<\/p>\r\n\r\n<p>Ksi\u0105\u017cka wywo\u0142a\u0142a w Norwegii burz\u0119. Media cytuj\u0105 artyku\u0142 z dziennika &#8222;Aftenposten&#8221;, kt\u00f3ry pierwszy poinformowa\u0142 o udziale Norweg\u00f3w w zbrodniach wojennych, kt\u00f3ry opisa\u0142 w swojej ksi\u0105\u017cce Veum. W gazetach mo\u017cna zobaczy\u0107 du\u017co zdj\u0119\u0107 z powstania warszawskiego, kt\u00f3re normalnie do prasy trafiaj\u0105 do\u015b\u0107 rzadko.<\/p>\r\n\r\n<p>Przed kilkoma laty dziennikarz wyda\u0142 ksi\u0105\u017ck\u0119 pt. &#8222;Waffen SS&#8221;. Teraz w &#8222;Poleg\u0142ych&#8221; opisa\u0142 m.in. dzia\u0142anie formacji SS-Rotgensturmbann, kt\u00f3ra powsta\u0142a pierwotnie jako wydzia\u0142 medyczny przy Waffen SS. P\u00f3\u017aniej &#8211; jak twierdzi Veum &#8211; Waffen SS zosta\u0142a podzielona, a celem tego podzia\u0142u mia\u0142o by\u0107 st\u0142umienia powstania w Warszawie. W 1944 roku SS-Rotgensturmbann sk\u0142ada\u0142a si\u0119 ze 100 \u017co\u0142nierzy, w tym z 20 Norweg\u00f3w.<\/p>\r\n\r\n<p>To nie pierwsza ksi\u0105\u017cka w Norwegii opowiadaj\u0105ca o powstaniu warszawskim. Wcze\u015bniej ukaza\u0142 si\u0119 przek\u0142ad ksi\u0105\u017cki brytyjskiego historyka Normana Daviesa \u201e1944\u201d. Do informacji zgromadzonych przez Daviesa Veum dodaje nowe fakty, m.in. dotycz\u0105ce dzia\u0142a\u0144 regimentu kierowanego przez zbrodniarza wojennego Oskara Dirlewangera. Ksi\u0105\u017cka jest bogato ilustrowana dzi\u0119ki zbiorom fotograficznym Geira Brenden&#8217;a.<\/p>\r\n\r\n<p><strong><em>Micha\u0142 Korbiniak<\/em><\/strong>, Oslo<\/p>","protected":false},"excerpt":{"rendered":"Ksi\u0105\u017cka norweskiego dziennikarza Eirika Veuma \u201ePolegli\u201d o udziale Norweg\u00f3w w nazistowskich zbrodniach wojennych jest bardzo g\u0142o\u015bna w Oslo, ale b\u0119dzie o niej g\u0142o\u015bno tak\u017ce w Warszawie. Pokazuje, \u017ce tak\u017ce Norwegowie brali udzia\u0142 w pacyfikacji powstania warszawskiego. Veum w detalach opisuje hitlerowskie zbrodnie wojenne, szczeg\u00f3lnie wobec Polak\u00f3w. Wed\u0142ug dziennikarza osiemnastolatek z miasteczka Lier oraz siedemnastolatek i [&hellip;]","protected":false},"author":1,"featured_media":0,"comment_status":"closed","ping_status":"closed","sticky":false,"template":"","format":"standard","meta":{"_acf_changed":false,"_monsterinsights_skip_tracking":false,"_monsterinsights_sitenote_active":false,"_monsterinsights_sitenote_note":"","_monsterinsights_sitenote_category":0,"ngg_post_thumbnail":0,"footnotes":"","_wp_rev_ctl_limit":""},"categories":[8],"tags":[59],"acf":[],"_links":{"self":[{"href":"https:\/\/www.bibula.com\/index.php?rest_route=\/wp\/v2\/posts\/12923"}],"collection":[{"href":"https:\/\/www.bibula.com\/index.php?rest_route=\/wp\/v2\/posts"}],"about":[{"href":"https:\/\/www.bibula.com\/index.php?rest_route=\/wp\/v2\/types\/post"}],"author":[{"embeddable":true,"href":"https:\/\/www.bibula.com\/index.php?rest_route=\/wp\/v2\/users\/1"}],"replies":[{"embeddable":true,"href":"https:\/\/www.bibula.com\/index.php?rest_route=%2Fwp%2Fv2%2Fcomments&post=12923"}],"version-history":[{"count":0,"href":"https:\/\/www.bibula.com\/index.php?rest_route=\/wp\/v2\/posts\/12923\/revisions"}],"wp:attachment":[{"href":"https:\/\/www.bibula.com\/index.php?rest_route=%2Fwp%2Fv2%2Fmedia&parent=12923"}],"wp:term":[{"taxonomy":"category","embeddable":true,"href":"https:\/\/www.bibula.com\/index.php?rest_route=%2Fwp%2Fv2%2Fcategories&post=12923"},{"taxonomy":"post_tag","embeddable":true,"href":"https:\/\/www.bibula.com\/index.php?rest_route=%2Fwp%2Fv2%2Ftags&post=12923"}],"curies":[{"name":"wp","href":"https:\/\/api.w.org\/{rel}","templated":true}]}}