{"id":12901,"date":"2009-08-18T17:12:44","date_gmt":"2009-08-18T22:12:44","guid":{"rendered":"http:\/\/www.bibula.com\/?p=12901"},"modified":"2009-08-18T17:12:44","modified_gmt":"2009-08-18T22:12:44","slug":"poszli-nasi-w-boj-bez-broni-romuald-szeremietiew","status":"publish","type":"post","link":"https:\/\/www.bibula.com\/?p=12901","title":{"rendered":"Poszli nasi w b\u00f3j bez broni &#8211; <em>Romuald Szeremietiew<\/em>"},"content":{"rendered":"<p>Dow\u00f3dca Wojsk L\u0105dowych gen. Waldemar Skrzypczak powiedzia\u0142 sporo gorzkich s\u0142\u00f3w o stanie wojska i MON na pogrzebie polskiego oficera zabitego w Afganistanie. Minister obrony jest wyra\u017anie zgorszony tym wyst\u0105pieniem i twierdzi, \u017ce dow\u00f3dca zakwestionowa\u0142 \u201e\u015bwi\u0119t\u0105\u201d w demokracji zasad\u0119 cywilnej kontroli nad wojskiem. W dyskusjach medialnych wypowiadaj\u0105 si\u0119 r\u00f3\u017cne osoby stwierdzaj\u0105ce, \u017ce genera\u0142 zapewne ma racj\u0119, ale skoro pozwoli\u0142 sobie na publiczna wypowied\u017a, to dlatego musi by\u0107 odwo\u0142any ze stanowiska &#8211; bo cywilna kontrola! Genera\u0142, dobry \u017co\u0142nierz, traktuj\u0105cy powa\u017cnie swoje obowi\u0105zki o\u015bwiadczy\u0142, \u017ce oddaje si\u0119 do dyspozycji prezydenta. A kancelaria prezydencka informuje, \u017ce czeka na wniosek ministra obrony odwo\u0142uj\u0105cy genera\u0142a ze stanowiska. Zgodnie ze znanym powiedzeniem nale\u017cy \u015bci\u0105\u0107 g\u0142ow\u0119 pos\u0142a\u0144ca przynosz\u0105cego z\u0142e wie\u015bci.<\/p>\r\n\r\n<p align=\"justify\">W historii Polski zdarza\u0142y si\u0119 sytuacje, gdy nasi \u017co\u0142nierze bez odpowiedniego uzbrojenia musieli podejmowa\u0107 walk\u0119 z wrogiem. Braki w wyposa\u017ceniu cz\u0119sto nadrabiano ofiarno\u015bci\u0105 i krwi\u0105 \u017co\u0142niersk\u0105, bohaterstwem na polach bitewnych. Czytamy w wierszu \u201eSygna\u0142\u201d Wincentego Pola, poety i odznaczonego orderem wojennym Virtuti Militari \u017co\u0142nierza powstania listopadowego 1830 r.:<\/p>\r\n\r\n<p align=\"justify\">\u201e<em>Obok Or\u0142a znak Pogoni,<\/em><\/p>\r\n\r\n<p align=\"justify\"><em>Poszli nasi w b\u00f3j bez broni<\/em>.\u201d<\/p>\r\n\r\n<p align=\"justify\">Zbli\u017ca si\u0119 kolejna rocznica wrze\u015bnia 1939 r. Wtedy mimo wysi\u0142ku pa\u0144stwa w dziedzinie przygotowa\u0144 obronnych Wojsko Polskie nie by\u0142o w stanie obroni\u0107 niepodleg\u0142o\u015bci. Jeden z dow\u00f3dc\u00f3w wrze\u015bniowych gen. Tadeusz Kutrzeba stwierdzi\u0142, \u017ce w 1939 r. wojsko dosta\u0142o <em><strong>niewykonalny rozkaz obrony kraju<\/strong>. <\/em><\/p>\r\n\r\n<p align=\"justify\">\u00a0<\/p>\r\n\r\n<p align=\"justify\">A wi\u0119c braki w wyposa\u017ceniu zdarza\u0142y si\u0119 polskiemu wojsku wiele razy. Czy w ten \u201etradycyjny\u201d niejako spos\u00f3b mo\u017cemy te\u017c potraktowa\u0107 marne uzbrojenie kontyngentu polskiego w Afganistanie? Jednak nie. Czym innym jest bowiem wymuszona obrona w\u0142asnego kraju w razie agresji, a czym innym udzia\u0142 z wyboru w operacji zbrojnej poza krajem. W tym drugim przypadku istnieje <strong>bezwzgl\u0119dny obowi\u0105zek w\u0142a\u015bciwego wyekwipowania \u017co\u0142nierzy<\/strong>. Je\u015bli pa\u0144stwa na to nie sta\u0107, to wojska nie wolno wysy\u0142a\u0107 \u201e<em>w b\u00f3j bez broni<\/em>\u201d.<\/p>\r\n\r\n<p align=\"justify\">\u00a0<\/p>\r\n\r\n<p align=\"justify\">Konstytucja RP stanowi: \u201e<em>Si\u0142y Zbrojne RP s\u0142u\u017c\u0105 ochronie niepodleg\u0142o\u015bci pa\u0144stwa i niepodzielno\u015bci jego terytorium oraz zapewnieniu bezpiecze\u0144stwa i nienaruszalno\u015bci jego granic.<\/em>\u201d (art. 26). A to oznacza, \u017ce w\u0142adze pa\u0144stwowe winny zadba\u0107, aby wojsko by\u0142o w stanie to zadanie wykona\u0107. Pa\u0144stwo polskie powinno stworzy\u0107 zdoln\u0105 do obrony odpowiedni\u0105 liczebnie, wyszkolon\u0105 i uzbrojon\u0105 armi\u0119.<\/p>\r\n\r\n<p align=\"justify\">Trzeba wi\u0119c \u017co\u0142nierzy wyszkoli\u0107 przed akcj\u0119, a nie opowiada\u0107, \u017ce b\u0119d\u0105 si\u0119 oni szkoli\u0107 po wys\u0142aniu do Iraku\/Afganistanu. Trzeba \u017co\u0142nierzy odpowiednio zabezpieczy\u0107 &#8211; wyposa\u017cenie i bro\u0144; nasze wojsko jest przygotowane do dzia\u0142a\u0144 na europejskim teatrze dzia\u0142a\u0144 wojennych, Afganistan to inna strefa klimatyczna. \u0179o\u0142nierze musz\u0105 mie\u0107 na takiej misji zbrojnej pojazdy odporne na tzw. improwizowane \u0142adunki wybuchowe. Dano im wozy lekko opancerzone, a KTO \u201eRosomak\u201d trzeba by\u0142o dodatkowo opancerza\u0107. Musz\u0105 mie\u0107 odpowiedni\u0105 os\u0142on\u0119 (wywiad i lotnicze \u015brodki rozpoznania &#8211; bezpilotowce). Ka\u017cda akcja musi te\u017c mie\u0107 wsparcie z powietrza (samoloty, uzbrojone \u015bmig\u0142owce) z zachowaniem regu\u0142 sieciocentrycznego pola walki.<\/p>\r\n\r\n<p align=\"justify\">Tego wszystkiego najwyra\u017aniej zabrak\u0142o. Oddzia\u0142 w sile plutonu mia\u0142 zademonstrowa\u0107 \u201epokaz si\u0142y\u201d. Zosta\u0142 zaatakowany przez przewa\u017caj\u0105ce ugrupowanie partyzanckie. Trudno przyj\u0105\u0107, \u017ce tych napastnik\u00f3w nie uda\u0142oby si\u0119 wcze\u015bniej rozpozna\u0107, gdyby takie rozpoznanie by\u0142o. Wsparcie z powietrza przysz\u0142o po godzinie walki, gdy nasi ponie\u015bli straty w zabitych i rannych. Precyzja uderze\u0144 z powietrza nie by\u0142a zdaje si\u0119 zbyt wielka. Musia\u0142a szwankowa\u0107 \u0142\u0105czno\u015b\u0107 z lotnikami. Do tego cia\u0142o zabitego oficera zostawione na polu walki, p\u00f3\u017aniej z trudem odszukano &#8211; a wi\u0119c \u017co\u0142nierze nie mieli indywidualnych sygnalizator\u00f3w informuj\u0105cych, gdzie si\u0119 znajduj\u0105.<\/p>\r\n\r\n<p align=\"justify\">Trudno mi przyj\u0105\u0107, \u017ce o tych brakach nie wiedzieli polscy dow\u00f3dcy wysy\u0142aj\u0105c \u017co\u0142nierzy na wojn\u0119. Wydaje si\u0119, \u017ce to gen. Skrzypczak ma racj\u0119, a nie jego krytycy.<\/p>\r\n\r\n<p align=\"justify\">Wypada jednak kilka s\u0142\u00f3w powiedzie\u0107 o tych nieszcz\u0119snych \u201ebiurokratach\u201d co potrzebnego sprz\u0119tu nie potrafi\u0105 na czas kupi\u0107. Jak mogli\u015bmy kilka razy us\u0142ysze\u0107 z ust ministra obrony i innych prominentnych cz\u0142onk\u00f3w rz\u0105du Polska obecnie nie prowadzi wojny. A skoro tak, to trzeba w zakupach stosowa\u0107 wolne \u201epokojowe\u201d procedury. A do tego parali\u017cuje urz\u0119dnik\u00f3w MON strach przed oskar\u017ceniami o korupcj\u0119, je\u015bli podejm\u0105 jakie\u015b <em>dzia\u0142ania na skr\u00f3ty<\/em>.<\/p>\r\n\r\n<p align=\"justify\">W Afganistanie uczestniczymy w dzia\u0142aniach wojennych. Konstytucja RP stwierdza, \u017ce mo\u017cemy prowadzi\u0107 wojn\u0119 tylko w razie agresji na nasz kraj &#8211; nie mo\u017cemy na kogo\u015b napa\u015b\u0107. Jednak mo\u017cemy prowadzi\u0107 dzia\u0142ania wojenne \u201e<em>gdy z umowy mi\u0119dzynarodowej wynika zobowi\u0105zanie do wsp\u00f3lnej obrony przeciwko agresji<\/em>\u201d (art. 229). Czy taki przypadek zachodzi w Afganistanie?<\/p>\r\n\r\n<p align=\"justify\">Czy mo\u017cna przyj\u0105\u0107 w\u0142a\u015bciw\u0105 dla tej sytuacji kwalifikacj\u0119 prawn\u0105 i zastosowa\u0107 procedury zaopatrzenia wojska dzia\u0142aj\u0105cego w warunkach wojennych?<\/p>\r\n\r\n<p align=\"justify\">\u00a0<\/p>\r\n\r\n<p align=\"justify\">A wracaj\u0105c do genera\u0142a Skrzypczaka. Czy w pa\u0144stwie demokratycznym dow\u00f3dca wysokiego szczebla powinien trzyma\u0107 buzi\u0119 na k\u0142\u00f3dk\u0119 i nie ma prawa wytyka\u0107 b\u0142\u0119d\u00f3w i zaniedba\u0144?<\/p>\r\n\r\n<p align=\"justify\">Przed laty w Szwecji, kt\u00f3ra wprawdzie\u00a0nie jest w NATO, ale jest niew\u0105tpliwie pa\u0144stwem demokratycznym, najwy\u017cszy wojskowy skrytykowa\u0142 ministra obrony. Szef rz\u0105du powo\u0142a\u0142 komisj\u0119 dla zbadania zarzut\u00f3w. Komisja przyzna\u0142a, \u017ce genera\u0142 mia\u0142 racj\u0119. I premier ministra odwo\u0142a\u0142.<\/p>\r\n\r\n<p align=\"justify\">W mojej <em>ulubionej inaczej<\/em> \u201eRzepie\u201d (18.08.2009.) red. Piotr Semka zbeszta\u0142 genera\u0142a Skrzypczaka za \u201eanarchizowanie wojska\u201d i ko\u0144czy swoje oskar\u017cenia zdaniem: \u201e<em>Kto\u015b musi w ko\u0144cu wyja\u015bni\u0107 genera\u0142owi, \u017ce to on posun\u0105\u0142 si\u0119 za daleko<\/em>.\u201d Mo\u017ce jeszcze ten \u201ekto\u015b\u201d wyja\u015bni pani Natalii Ambrozi\u0144skiej, dlaczego zgin\u0105\u0142 jej m\u0105\u017c.<\/p>\r\n\r\n<p align=\"justify\"><strong><em>Romuald Szeremietiew<\/em><\/strong><\/p>","protected":false},"excerpt":{"rendered":"Dow\u00f3dca Wojsk L\u0105dowych gen. Waldemar Skrzypczak powiedzia\u0142 sporo gorzkich s\u0142\u00f3w o stanie wojska i MON na pogrzebie polskiego oficera zabitego w Afganistanie. Minister obrony jest wyra\u017anie zgorszony tym wyst\u0105pieniem i twierdzi, \u017ce dow\u00f3dca zakwestionowa\u0142 \u201e\u015bwi\u0119t\u0105\u201d w demokracji zasad\u0119 cywilnej kontroli nad wojskiem. W dyskusjach medialnych wypowiadaj\u0105 si\u0119 r\u00f3\u017cne osoby stwierdzaj\u0105ce, \u017ce genera\u0142 zapewne ma racj\u0119, [&hellip;]","protected":false},"author":1,"featured_media":0,"comment_status":"closed","ping_status":"closed","sticky":false,"template":"","format":"standard","meta":{"_acf_changed":false,"_monsterinsights_skip_tracking":false,"_monsterinsights_sitenote_active":false,"_monsterinsights_sitenote_note":"","_monsterinsights_sitenote_category":0,"ngg_post_thumbnail":0,"footnotes":"","_wp_rev_ctl_limit":""},"categories":[9],"tags":[84,98],"acf":[],"_links":{"self":[{"href":"https:\/\/www.bibula.com\/index.php?rest_route=\/wp\/v2\/posts\/12901"}],"collection":[{"href":"https:\/\/www.bibula.com\/index.php?rest_route=\/wp\/v2\/posts"}],"about":[{"href":"https:\/\/www.bibula.com\/index.php?rest_route=\/wp\/v2\/types\/post"}],"author":[{"embeddable":true,"href":"https:\/\/www.bibula.com\/index.php?rest_route=\/wp\/v2\/users\/1"}],"replies":[{"embeddable":true,"href":"https:\/\/www.bibula.com\/index.php?rest_route=%2Fwp%2Fv2%2Fcomments&post=12901"}],"version-history":[{"count":0,"href":"https:\/\/www.bibula.com\/index.php?rest_route=\/wp\/v2\/posts\/12901\/revisions"}],"wp:attachment":[{"href":"https:\/\/www.bibula.com\/index.php?rest_route=%2Fwp%2Fv2%2Fmedia&parent=12901"}],"wp:term":[{"taxonomy":"category","embeddable":true,"href":"https:\/\/www.bibula.com\/index.php?rest_route=%2Fwp%2Fv2%2Fcategories&post=12901"},{"taxonomy":"post_tag","embeddable":true,"href":"https:\/\/www.bibula.com\/index.php?rest_route=%2Fwp%2Fv2%2Ftags&post=12901"}],"curies":[{"name":"wp","href":"https:\/\/api.w.org\/{rel}","templated":true}]}}