{"id":128993,"date":"2021-11-10T12:08:05","date_gmt":"2021-11-10T17:08:05","guid":{"rendered":"https:\/\/www.bibula.com\/?p=128993"},"modified":"2021-11-10T12:08:05","modified_gmt":"2021-11-10T17:08:05","slug":"recepta-na-wspolczesne-polskie-problemy","status":"publish","type":"post","link":"https:\/\/www.bibula.com\/?p=128993","title":{"rendered":"Recepta na wsp\u00f3\u0142czesne polskie problemy"},"content":{"rendered":"<p class=\"has-drop-cap\">Wed\u0142ug doniesie\u0144 agencyjnych kryzys na bia\u0142oruskiej granicy z Polsk\u0105 narasta: <a href=\"https:\/\/anti-empire.com\/lukashenkos-gift-migrants-try-to-storm-eu-belarus-border-by-force\/\">https:\/\/anti-empire.com\/lukashenkos-gift-migrants-try-to-storm-eu-belarus-border-by-force\/<\/a>. W\u0142adze warszawskie niew\u0105tpliwie s\u0142usznie oskar\u017caj\u0105 \u0141ukaszenk\u0119 o jego spowodowanie.<\/p>\r\n<p>Jak zwykle w swej narracji, nie zapominaj\u0105 te\u017c o Putinie, kt\u00f3ry w zachodniej retoryce pozostaje dy\u017curnym sprawc\u0105 wszelkiego z\u0142a na naszej planecie: <span style=\"text-decoration: underline;\">https:\/\/www.euronews.com\/2021\/11\/09\/poland-belarus-putin-behind-migrant-crisis-at-border-says-polish-pm-morawiecki<\/span>.<\/p>\r\n<p>Pobrz\u0119kuj\u0105c szabelk\u0105, Warszawa deklaruje r\u00f3wnie\u017c podwojenie liczebno\u015bci si\u0142 zbrojnych: <a href=\"https:\/\/apnews.com\/article\/europe-poland-migration-warsaw-belarus-495eb7287b31ba7bcb5da66172237217\">https:\/\/apnews.com\/article\/europe-poland-migration-warsaw-belarus-495eb7287b31ba7bcb5da66172237217<\/a>.<\/p>\r\n<p>Wzorem swych zachodnich idea\u0142\u00f3w, tumanowaci obywatele III RP, dawno zapomnieli, \u017ce <strong>nie kto inny jak w\u0142a\u015bnie warszawski re\u017cim, od wielu ju\u017c lat dra\u017cni dzikiego wata\u017ck\u0119 \u0141ukaszenk\u0119, w interesie unijnym wmieszywaj\u0105c si\u0119 w sprawy wewn\u0119trzne Bia\u0142orusi<\/strong>, jak r\u00f3wnie\u017c permanentnie prowokuje rosyjskiego satrap\u0119 Putina, r\u00f3wnie\u017c w interesie Zachodu, a nie Polski.<\/p>\r\n<p>Obywatele nie pami\u0119taj\u0105 r\u00f3wnie\u017c, ile to ju\u017c razy \u201erosyjska agresja\u201d wisia\u0142a na w\u0142osku, lub ju\u017c nast\u0119powa\u0142a w postaci r\u00f3wnie mitycznych, jak wirus covida, \u201ezielonych ludzik\u00f3w Putina\u201d.<\/p>\r\n<p>Wszystko to podobno by\u0142o w nadrz\u0119dnym interesie \u201ewolno\u015bci i demokracji\u201d. Rozs\u0105dnym wydawa\u0142oby si\u0119, by zanim III RP, UE i reszta Zachodu, wprowadza\u0107 zacznie te \u201eniezbywalne zachodnie warto\u015bci\u201d, w postronnych pa\u0144stwach o\u015bciennych, kt\u00f3re o t\u0105 \u0142ask\u0119 nie prosz\u0105, zacz\u0119\u0142y wprz\u00f3dy same je w swych granicach respektowa\u0107.<\/p>\r\n<p>Fakt, \u017ce zachodnie spo\u0142ecze\u0144stwa nie s\u0105 w stanie zdiagnozowa\u0107 wyborczych igraszek pomi\u0119dzy \u201epartiami politycznymi\u201d, kt\u00f3re poza nazwami i retoryk\u0105 polityczn\u0105, od zawsze s\u0142u\u017c\u0105 jednemu i temu samemu panu, globalnej oligarchii, nie oznacza \u201edemokracji\u201d, a jedynie dyktatur\u0119 zawoalowan\u0105 za kurtyn\u0105 \u201eproces\u00f3w demokratycznych\u201d.<\/p>\r\n<p><strong>Natomiast autentyczna wolno\u015b\u0107, nawet osobista, zosta\u0142a w tych pa\u0144stwach zredukowana do ZERA<\/strong>. Re\u017cimy decyduj\u0105, kto, kiedy i co ma nosi\u0107 na swej g\u0119bie, w jakie odleg\u0142o\u015bci ma si\u0119 od wsp\u00f3\u0142obywateli trzyma\u0107, itd., a co najwa\u017cniejsze czy i kiedy ma si\u0119 podda\u0107 obowi\u0105zkowi \u201eszczepienia\u201d!<\/p>\r\n<p><strong>Na Bia\u0142orusi, wata\u017cki \u0141ukaszenki, takiego ograniczenia elementarnych swob\u00f3d obywatelskich nie by\u0142o i nie ma<\/strong>. Czemu si\u0119 wi\u0119c go nieustannie czepiaj\u0105? Panie retoryczne, bo ka\u017cdy z odrobin\u0105 oleju w g\u0142owie, zaje sobie spraw\u0119, \u017ce \u017caden skrajny totalitaryzm, jak i ten Unijny, nie mo\u017ce tolerowa\u0107 nawet umiarkowanej swobody w swym otoczeniu. Po prostu jest to dla\u0144 \u015bmiertelnie niebezpieczne!<\/p>\r\n<p>\u201e\u015awiat\u0142ym\u201d obywatelom Zachodu, z III RP na czele, zaleca\u0142oby si\u0119 natomiast wzi\u0105\u0107 si\u0119 za w\u0142asne podw\u00f3rko i oczy\u015bci\u0107 t\u0105 stajni\u0119 Augiasza, zanim b\u0119dzie za p\u00f3\u017ano.<\/p>\r\n<p>A tu, pomimo kryzysu emigracyjnego, ekologicznego, energetycznego, finansowego, \u2026.itd., monumentalne znaczenie niezmiennie przedstawia sob\u0105 pseudo pandemia covidowa. W celu tw\u00f3rczego zap\u0142odnienia umys\u0142\u00f3w obywateli III RP, przedstawiam t\u0142umaczenie publikacji, omawiaj\u0105cej to zagadnienie w przypadku USA: <a href=\"https:\/\/vaccineimpact.com\/2021\/mit-scientist-and-professor-on-exposing-covid-19-vaccine-injuries-you-have-to-be-careful-because-you-could-be-eliminated\/\">https:\/\/vaccineimpact.com\/2021\/mit-scientist-and-professor-on-exposing-covid-19-vaccine-injuries-you-have-to-be-careful-because-you-could-be-eliminated\/<\/a>:<\/p>\r\n<p style=\"padding-left: 40px;\">\u201eDzi\u015b pragn\u0119 zaprezentowa\u0107 wi\u0119cej dowod\u00f3w na to, \u017ce administracja medyczna Stan\u00f3w Zjednoczonych i firmy farmaceutyczne s\u0105 winne zbrodni ludob\u00f3jstwa.<\/p>\r\n<p style=\"padding-left: 40px;\">Niejednokrotnie by\u0142em krytykowany, nawet przez niezale\u017cne media, za u\u017cywanie mocnych s\u0142\u00f3w. Jednakowo\u017c, to co jest obecnie niezb\u0119dne to odwaga zdemaskowania zbrodniarzy.<\/p>\r\n<p style=\"padding-left: 40px;\">Faktem jest, \u017ce wielu szeregowych lekarzy lecz\u0105cych ofiary \u201eszczepionek\u201d, jak r\u00f3wnie\u017c renomowani specjali\u015bci z tej dziedziny, pr\u00f3bowali od dawna ostrzec w\u0142adze medyczne (FDA, CDC, NIH, etc.) o rezultatach szczepie\u0144 i tych kt\u00f3rzy zmarli, lub zostali inwalidami w ich nast\u0119pstwie. Nie tylko te informacje by\u0142y ignorowane, ale nawet zmuszano ich do zamilczenia.<\/p>\r\n<p style=\"padding-left: 40px;\">Wspomniani pracownicy medyczni, nie tylko nara\u017caj\u0105 swe kariery i \u017ar\u00f3d\u0142a utrzymania, ale nawet ryzykuj\u0105 w\u0142asnym \u017cyciem, informuj\u0105c \u015bwiat o tym jak wielkie spustoszenie w\u015br\u00f3d pacjent\u00f3w powoduj\u0105 te modyfikuj\u0105ce genetycznie zastrzyki.<\/p>\r\n<p style=\"padding-left: 40px;\">Monstra, kt\u00f3re s\u0105 wykonawcami tej zbrodni, spiesz\u0105 si\u0119 teraz by wyszprycowa\u0107 tyle dzieci ile to jest mo\u017cliwe, zanim prawda ujrzy \u015bwiat\u0142o dzienne.<\/p>\r\n<p style=\"padding-left: 40px;\">Nie ulega w\u0105tpliwo\u015bci, \u017ce nast\u0105pi to w momencie, gdy ofiar b\u0119dzie tyle, \u017ce nie mo\u017cna b\u0119dzie tego negowa\u0107, nawet w\u015br\u00f3d najwi\u0119kszych g\u0142upc\u00f3w i ignorant\u00f3w.<\/p>\r\n<p style=\"padding-left: 40px;\">Dzi\u015b cytuj\u0119 publikacj\u0119 adwokata Aarona Siri (<a href=\"https:\/\/aaronsiri.substack.com\/p\/one-brave-icu-physician-reporting\">https:\/\/aaronsiri.substack.com\/p\/one-brave-icu-physician-reporting<\/a>), reprezentuj\u0105cego 12 lekarzy pogotowia ratunkowego, kt\u00f3rzy bez rezultatu pr\u00f3bowali zwr\u00f3ci\u0107 uwag\u0119 odno\u015bnych w\u0142adz na zaistnia\u0142\u0105 sytuacj\u0119. Adwokat z\u0142o\u017cy\u0142 ju\u017c 11 pozw\u00f3w przeciw tym organom i planuje dalsze posuni\u0119cia.<\/p>\r\n<p style=\"padding-left: 40px;\">Po 11 miesi\u0105cach masowej kampanii szczepionkowej, nie ma ju\u017c najmniejszych powod\u00f3w na dalsze przyzwolenie tej zbrodni. Czas ju\u017c najwy\u017cszy zacz\u0105\u0107 stawia\u0107 tych sprawc\u00f3w przed s\u0105dami. I gdy s\u0119dziowie przysi\u0119gli uznaj\u0105 ich za winnych zbrodni, dokona\u0107 egzekucji, zgodnie z prawem tej Ziemi, Konstytucj\u0105 Stan\u00f3w Zjednoczonych Ameryki.\u201d<\/p>\r\n<p><strong><em>Ignacy Nowopolski<\/em><\/strong><\/p>","protected":false},"excerpt":{"rendered":"Wed\u0142ug doniesie\u0144 agencyjnych kryzys na bia\u0142oruskiej granicy z Polsk\u0105 narasta: https:\/\/anti-empire.com\/lukashenkos-gift-migrants-try-to-storm-eu-belarus-border-by-force\/. W\u0142adze warszawskie niew\u0105tpliwie s\u0142usznie oskar\u017caj\u0105 \u0141ukaszenk\u0119 o jego spowodowanie. Jak zwykle w swej narracji, nie zapominaj\u0105 te\u017c o Putinie, kt\u00f3ry w zachodniej retoryce pozostaje dy\u017curnym sprawc\u0105 wszelkiego z\u0142a na naszej planecie: https:\/\/www.euronews.com\/2021\/11\/09\/poland-belarus-putin-behind-migrant-crisis-at-border-says-polish-pm-morawiecki. Pobrz\u0119kuj\u0105c szabelk\u0105, Warszawa deklaruje r\u00f3wnie\u017c podwojenie liczebno\u015bci si\u0142 zbrojnych: https:\/\/apnews.com\/article\/europe-poland-migration-warsaw-belarus-495eb7287b31ba7bcb5da66172237217. Wzorem swych [&hellip;]","protected":false},"author":1,"featured_media":0,"comment_status":"closed","ping_status":"closed","sticky":false,"template":"","format":"standard","meta":{"_acf_changed":false,"_monsterinsights_skip_tracking":false,"ngg_post_thumbnail":0,"footnotes":"","_wp_rev_ctl_limit":""},"categories":[13,9],"tags":[168,433,23,76,98,20],"acf":[],"_links":{"self":[{"href":"https:\/\/www.bibula.com\/index.php?rest_route=\/wp\/v2\/posts\/128993"}],"collection":[{"href":"https:\/\/www.bibula.com\/index.php?rest_route=\/wp\/v2\/posts"}],"about":[{"href":"https:\/\/www.bibula.com\/index.php?rest_route=\/wp\/v2\/types\/post"}],"author":[{"embeddable":true,"href":"https:\/\/www.bibula.com\/index.php?rest_route=\/wp\/v2\/users\/1"}],"replies":[{"embeddable":true,"href":"https:\/\/www.bibula.com\/index.php?rest_route=%2Fwp%2Fv2%2Fcomments&post=128993"}],"version-history":[{"count":1,"href":"https:\/\/www.bibula.com\/index.php?rest_route=\/wp\/v2\/posts\/128993\/revisions"}],"predecessor-version":[{"id":128994,"href":"https:\/\/www.bibula.com\/index.php?rest_route=\/wp\/v2\/posts\/128993\/revisions\/128994"}],"wp:attachment":[{"href":"https:\/\/www.bibula.com\/index.php?rest_route=%2Fwp%2Fv2%2Fmedia&parent=128993"}],"wp:term":[{"taxonomy":"category","embeddable":true,"href":"https:\/\/www.bibula.com\/index.php?rest_route=%2Fwp%2Fv2%2Fcategories&post=128993"},{"taxonomy":"post_tag","embeddable":true,"href":"https:\/\/www.bibula.com\/index.php?rest_route=%2Fwp%2Fv2%2Ftags&post=128993"}],"curies":[{"name":"wp","href":"https:\/\/api.w.org\/{rel}","templated":true}]}}