{"id":128808,"date":"2021-11-01T17:15:40","date_gmt":"2021-11-01T21:15:40","guid":{"rendered":"https:\/\/www.bibula.com\/?p=128808"},"modified":"2021-11-02T15:52:04","modified_gmt":"2021-11-02T19:52:04","slug":"minnesota-priest-speaks-out-against-vaccine-mandates-video","status":"publish","type":"post","link":"https:\/\/www.bibula.com\/?p=128808","title":{"rendered":"Minnesota priest speaks out against vaccine mandates &#8211; [VIDEO]"},"content":{"rendered":"<p><em><strong>Ks. Thomas Dufner<\/strong> &#8211; odwa\u017cny ksi\u0105dz m\u00f3wi m\u0105drze o tym, o czym nie chc\u0105 m\u00f3wi\u0107 politycy, lekarze, dziennikarze oraz oczywi\u015bcie biskupi i inni ksi\u0119\u017ca&#8230;<\/em><\/p>\r\n<p><em>M\u00f3wi\u0105c o konieczno\u015bci dzia\u0142ania dla innych, nie tylko dla siebie, dzia\u0142ania w \u0142\u0105czno\u015bci z innymi, razem, wspomnia\u0142 r\u00f3wnie\u017c o polskiej Solidarno\u015bci wskazuj\u0105c ten ruch jako przyk\u0142ad dla dzisiejszych pracownik\u00f3w: pilot\u00f3w, lekarzy w walce przeciwko narzucaniu obowi\u0105zkowego wyszczepiania niebezpiecznymi substancjami&#8230;<\/em><\/p>\r\n<p><em>Tak rzadkie w dzisiejszych czasach m\u0105dre, przemy\u015blane, pe\u0142ne przyk\u0142ad\u00f3w i wskaz\u00f3wek kazania, wyzwalaj\u0105 liczne komentarze. Z ponad 600 zamieszczonych w ci\u0105gu kilku dni, nie znale\u017ali\u015bmy ani jednego negatywnego. Oto kilka (przet\u0142umaczonych) z tych kilkuset:<\/em><\/p>\r\n<p style=\"padding-left: 40px;\"><em>&#8222;Nie jestem religijny.. and poszed\u0142bym na Msz\u0119 aby tylko go pos\u0142ucha\u0107.&#8221;<\/em><\/p>\r\n<p style=\"padding-left: 40px;\"><em>&#8222;Prawdziwy Pasterz.&#8221;<\/em><\/p>\r\n<p style=\"padding-left: 40px;\"><em>&#8222;Ksi\u0119\u017ce, jeste\u015b bohaterem. Tak jak piel\u0119gniarki.&#8221; [chodzi najpewniej o piel\u0119gniarki wyst\u0119puj\u0105ce otwarcie przeciwko obowi\u0105zkowym szczepieniom.]<\/em><\/p>\r\n<p style=\"padding-left: 40px;\"><em>&#8222;Mieszkam w Minnesocie. Gdzie mog\u0142abym us\u0142ysze\u0107 takiego Bo\u017cego cz\u0142owieka jak on?&#8221;<\/em><\/p>\r\n<p><em>Jak wida\u0107, gdyby ksi\u0119\u017ca m\u00f3wili rzeczowo, odnosz\u0105c si\u0119 do relacji Nauki Chrystusa w zastosowaniu do dnia codziennego, gdyby przybli\u017cali Ewangeli\u0119 w odniesieniu do wyzwa\u0144 wsp\u00f3\u0142czesnego \u015bwiata, to niew\u0105ptliwie by\u0142aby nie tylko wi\u0119ksza frekwencja w ko\u015bcio\u0142ach, nie tylko wi\u0119ksze zaanga\u017cowanie, ale wiele zagubionych powr\u00f3ci\u0142oby na \u0142ono Ko\u015bcio\u0142a. Bo Ko\u015bci\u00f3\u0142 potrzebuje autentyczno\u015bci, odwagi, autorytetu, czyli tego co zosta\u0142o utracone.<br>\r\n<\/em><\/p>\r\n<p><em>Niestety, poza nielicznymi ksi\u0119\u017cmi, hierarchia tego nie chce. I to jest najsmutniejsze.<\/em><\/p>\r\n<p>&nbsp;<\/p>\r\n<p><strong>Fr. Thomas Dufner&#8217;s homily from Oct. 17<\/strong><\/p>\r\n<p><iframe title=\"YouTube video player\" src=\"https:\/\/www.youtube.com\/embed\/i9TuB0buqmA\" allowfullscreen=\"allowfullscreen\" width=\"560\" height=\"315\" frameborder=\"0\"><\/iframe><\/p>\r\n<p>Published on: Oct 24, 2021<\/p>\r\n<p>&nbsp;<\/p>\r\n<p>&nbsp;<\/p>\r\n<p>&nbsp;<\/p>\r\n<p>&nbsp;<\/p>","protected":false},"excerpt":{"rendered":"Ks. Thomas Dufner &#8211; odwa\u017cny ksi\u0105dz m\u00f3wi m\u0105drze o tym, o czym nie chc\u0105 m\u00f3wi\u0107 politycy, lekarze, dziennikarze oraz oczywi\u015bcie biskupi i inni ksi\u0119\u017ca&#8230; M\u00f3wi\u0105c o konieczno\u015bci dzia\u0142ania dla innych, nie tylko dla siebie, dzia\u0142ania w \u0142\u0105czno\u015bci z innymi, razem, wspomnia\u0142 r\u00f3wnie\u017c o polskiej Solidarno\u015bci wskazuj\u0105c ten ruch jako przyk\u0142ad dla dzisiejszych pracownik\u00f3w: pilot\u00f3w, lekarzy [&hellip;]","protected":false},"author":1,"featured_media":0,"comment_status":"closed","ping_status":"closed","sticky":false,"template":"","format":"standard","meta":{"_acf_changed":false,"_monsterinsights_skip_tracking":false,"ngg_post_thumbnail":0,"footnotes":"","_wp_rev_ctl_limit":""},"categories":[329],"tags":[433,452,330],"acf":[],"_links":{"self":[{"href":"https:\/\/www.bibula.com\/index.php?rest_route=\/wp\/v2\/posts\/128808"}],"collection":[{"href":"https:\/\/www.bibula.com\/index.php?rest_route=\/wp\/v2\/posts"}],"about":[{"href":"https:\/\/www.bibula.com\/index.php?rest_route=\/wp\/v2\/types\/post"}],"author":[{"embeddable":true,"href":"https:\/\/www.bibula.com\/index.php?rest_route=\/wp\/v2\/users\/1"}],"replies":[{"embeddable":true,"href":"https:\/\/www.bibula.com\/index.php?rest_route=%2Fwp%2Fv2%2Fcomments&post=128808"}],"version-history":[{"count":7,"href":"https:\/\/www.bibula.com\/index.php?rest_route=\/wp\/v2\/posts\/128808\/revisions"}],"predecessor-version":[{"id":128815,"href":"https:\/\/www.bibula.com\/index.php?rest_route=\/wp\/v2\/posts\/128808\/revisions\/128815"}],"wp:attachment":[{"href":"https:\/\/www.bibula.com\/index.php?rest_route=%2Fwp%2Fv2%2Fmedia&parent=128808"}],"wp:term":[{"taxonomy":"category","embeddable":true,"href":"https:\/\/www.bibula.com\/index.php?rest_route=%2Fwp%2Fv2%2Fcategories&post=128808"},{"taxonomy":"post_tag","embeddable":true,"href":"https:\/\/www.bibula.com\/index.php?rest_route=%2Fwp%2Fv2%2Ftags&post=128808"}],"curies":[{"name":"wp","href":"https:\/\/api.w.org\/{rel}","templated":true}]}}