{"id":128613,"date":"2021-10-22T19:48:49","date_gmt":"2021-10-22T23:48:49","guid":{"rendered":"https:\/\/www.bibula.com\/?p=128613"},"modified":"2021-10-22T19:48:49","modified_gmt":"2021-10-22T23:48:49","slug":"braun-wzywa-do-punktowego-zamykania-ministrow-zamiast-cmentarzy","status":"publish","type":"post","link":"https:\/\/www.bibula.com\/?p=128613","title":{"rendered":"Braun wzywa do \u201epunktowego zamykania ministr\u00f3w\u201d. Zamiast cmentarzy"},"content":{"rendered":"<p><strong>Podczas konferencji prasowej Konfederacji pose\u0142 Grzegorz Braun wezwa\u0142 Polak\u00f3w do uczczenia Wszystkich \u015awi\u0119tych, bez wzgl\u0119du na utrudnienia szykowane przez w\u0142adze. Stwierdzi\u0142 te\u017c, \u017ce zamiast cmentarzy, powinno si\u0119 zamyka\u0107 ministr\u00f3w.<\/strong><\/p>\r\n<p><em>\u2013 Bohaterem, lepiej powiedzie\u0107 czarnym charakterem naszej konferencji prasowej jest pan wiceminister Kraska, kt\u00f3ry w ostatnich dniach zapowiedzia\u0142, cytuj\u0119: \u201epunktowe zamykanie cmentarzy\u201d na Wszystkich \u015awi\u0119tych i Zaduszki. W odpowiedzi Konfederacja wezwie za chwil\u0119 ustami moich koleg\u00f3w do punktowego zamykania ministr\u00f3w \u2013<\/em> m\u00f3wi\u0142 pose\u0142 Grzegorz Braun.<\/p>\r\n<p><em>\u2013 Trzeba stwierdzi\u0107 ca\u0142kowit\u0105 bezprawno\u015b\u0107 i bezpodstawno\u015b\u0107 tego typu zapowiedzi, tego typu dzia\u0142a\u0144. Przerabiali\u015bmy to ju\u017c w ubieg\u0142ym roku, kiedy to uda\u0142o si\u0119 rz\u0105dowi Mateusza Morawieckiego zdezorganizowa\u0107, zdemolowa\u0107 wielkie dla Polak\u00f3w, dla katolik\u00f3w, \u015bwi\u0119ta \u2013<\/em> przypomnia\u0142.<\/p>\r\n<p><em>\u2013 Dla pana ministra Kraski i jego wsp\u00f3lnik\u00f3w w tym dziele zniszczenia polskiego \u017cycia spo\u0142ecznego, tak\u017ce religijnego, kulturalnego, dla nich by\u0107 mo\u017ce zaduszki to okoliczno\u015b\u0107 maj\u0105ca charakter wy\u0142\u0105cznie sentymentalny. Dla nas to obowi\u0105zki katolickie, ludzkie, polskie. Obowi\u0105zki, a zatem dzia\u0142ania naruszaj\u0105ce to tabu, jakim s\u0105 \u015bwiec\u0105ce pi\u0119knym \u015bwiat\u0142em zniczy, \u015bwiec w te pi\u0119kne \u015bwi\u0119ta, cmentarze, naruszanie eksterytorialno\u015bci tej strefy przez jakiekolwiek ingerencje w\u0142adz pa\u0144stwowych to nie tylko zwyczajne bezprawie, nie tylko ograniczanie prawa do swobodnego przemieszczania si\u0119 jednych, a swobodnego gospodarowania drugich, bo przecie\u017c te \u015bwi\u0119ta to tak\u017ce, nie b\u00f3jmy si\u0119 u\u017cy\u0107 tego s\u0142owa, wielki przemys\u0142, to dla niekt\u00f3rych doroczne \u017cniwa w pewnych bran\u017cach, ale to jest r\u00f3wnie\u017c naruszanie swobody sprawowania kultu religijnego. A zatem dzia\u0142ania, kt\u00f3re godz\u0105 w prawa konstytucyjne, wewn\u0119trzne, na terytorium Rzeczypospolitej Polskiej obowi\u0105zuj\u0105ce, ale naruszaj\u0105 r\u00f3wnie\u017c umowy mi\u0119dzynarodowe, mianowicie umow\u0119 konkordatow\u0105 \u2013<\/em> zaznaczy\u0142.<\/p>\r\n<p>Braun podkre\u015bli\u0142, \u017ce Konfederacja zdecydowanie si\u0119 temu sprzeciwia.<\/p>\r\n<p>Jak doda\u0142, \u201ewzywa wszystkich dobrych Polak\u00f3w, poczciwych ludzi, do tego, by uczcili te \u015bwi\u0119ta, by odprawili rodzinne i religijne rytua\u0142y, nie zwa\u017caj\u0105c na przeszkody, kt\u00f3re stara si\u0119 pi\u0119trzy\u0107 na ich drodze w\u0142adza reprezentowana przez pana ministra Krask\u0119\u201d.<\/p>\r\n<p>&nbsp;<\/p>\r\n<p><iframe title=\"YouTube video player\" src=\"https:\/\/www.youtube.com\/embed\/Tkhe7acqrqo\" allowfullscreen=\"allowfullscreen\" width=\"560\" height=\"315\" frameborder=\"0\"><\/iframe><\/p>\r\n<p>&nbsp;<\/p>\r\n<p class=\"zrodlo\">Za: <a href=\"https:\/\/nczas.com\/2021\/10\/22\/braun-wzywa-do-punktowego-zamykania-ministrow-zamiast-cmentarzy-video\/\">Najwy\u017cszy Czas! (<span class=\"td-post-date\">22 pa\u017adziernika 2021<\/span>)<\/a> &#8211; [Org. tytu\u0142: \u00abBraun wzywa do \u201epunktowego zamykania ministr\u00f3w\u201d. Zamiast cmentarzy [VIDEO]\u00bb]<\/p>\r\n<p>&nbsp;<\/p>\r\n<h4>&nbsp;<\/h4>\r\n<hr style=\"background-color: #000000; border-width: 0; color: #000000; height: 2px; line-height: 0; text-align: center; width: 100%;\">\r\n<h4>&nbsp;<\/h4>\r\n<h3><strong>\u201eEksperci\u201d judz\u0105 przeciw niezaszczepionym Polakom: \u201eZamkn\u0105\u0107 cmentarze, ograniczy\u0107 kontakty, potrzebne brutalne ingerencje\u201d<\/strong><\/h3>\r\n<p>&nbsp;<\/p>\r\n<p><strong>Resort zdrowia i wsp\u00f3\u0142pracuj\u0105cy z nim \u201eeksperci\u201d coraz cz\u0119\u015bciej strasz\u0105 IV fal\u0105 koronawirusa&nbsp; i prognozuj\u0105 liczb\u0119 dziennych zaka\u017ce\u0144 (cz\u0119sto \u2013 pewnie \u015bwiadomie \u2013 myl\u0105 z zachorowaniami) na poziomie ponad 20 tysi\u0119cy. Strach przed zachorowaniem ma zach\u0119ci\u0107 Polak\u00f3w do przyj\u0119cia, pierwszej, drugiej i trzeciej dawki szczepionki na Covid-19. Maj\u0105 nas tak\u017ce do tego sk\u0142oni\u0107: sanitarna segregacja, do kt\u00f3rej wprowadzenia, rz\u0105dz\u0105cych podjudzaj\u0105 \u201eeksperci\u201d.<\/strong><\/p>\r\n<p>W ostatnich dniach, w wypowiedziach dla medi\u00f3w nieco uspokoi\u0142 si\u0119 prof. Krzysztof Simon, kt\u00f3ry <a href=\"https:\/\/wprawo.pl\/prof-simonowi-grozi-pozbawienie-praw-wykonywania-zawodu-chodzi-o-udzial-w-reklamie-maseczek\/\">ma k\u0142opoty po udziale w reklamie maseczek<\/a>. W straszenie Polak\u00f3w \u201ekowidow\u0105 rzezi\u0105\u201d i podjudzanie rz\u0105dz\u0105cych do dyskryminacji os\u00f3b niezaszczepionych, zaanga\u017cowali si\u0119 teraz inni \u201eeksperci\u201d.<\/p>\r\n<p><strong>Prof. Filipiak: \u201ezamkn\u0105\u0107 cmentarze\u201d<br>\r\n<\/strong><\/p>\r\n<p>\u2013 <em>Pierwsza rzecz, kt\u00f3r\u0105 bym zrobi\u0142, to zamkn\u0105\u0142bym cmentarze pierwszego i drugiego listopada, ale uwaga: tylko dla os\u00f3b niezaszczepionych<\/em> \u2013 na antenie TVN24 m\u00f3wi\u0142 profesor Krzysztof Jerzy Filipiak, rektor Uczelni Medycznej Marii Sk\u0142odowskiej-Curie.<br>\r\n\u2013 <em>Musimy zacz\u0105\u0107 wprowadza\u0107 tak\u0105 polityk\u0119, kt\u00f3ra b\u0119dzie ogranicza\u0142a kontakty osobom niezaszczepionym. Po to s\u0105 szczepienia <\/em>\u2013 doda\u0142. \u2013 <em>Wiem, \u017ce podniesie si\u0119 pytanie o tzw. wolno\u015b\u0107, o segregacj\u0119.<strong> Nie nazywajmy tego segregacj\u0105<\/strong>, bo segregacja to jest okre\u015blenie, kt\u00f3re nie ma sensu w momencie, kiedy tzw. wolno\u015b\u0107 antyszczepionkowc\u00f3w zahacza o wolno\u015b\u0107 i \u017cycie innych os\u00f3b, o zdrowie i \u017cycie innych os\u00f3b. Ja czekam na bardziej zdecydowane ruchy<\/em> \u2013 kontynuowa\u0142 profesor, powo\u0142uj\u0105c si\u0119 na sytuacj\u0119 m.in. we W\u0142oszech, gdzie <strong>bez paszportu covidowego (lub testu) nie mo\u017cna przyj\u015b\u0107 do pracy<\/strong>.<\/p>\r\n<p><strong>Dr hab. Dzieci\u0105tkowski: \u201ebrutalne ingerencje\u201d<\/strong><\/p>\r\n<p>Uaktywni\u0142 si\u0119 tak\u017ce dr hab. Tomasz Dzieci\u0105tkowski, wirusolog z&nbsp;Warszawskiego Uniwersytetu Medycznego.<br>\r\n\u2013 Bior\u0105c pod uwag\u0119 to, \u017ce nasze spo\u0142ecze\u0144stwo przesta\u0142o traktowa\u0107 koronawirusa i pandemi\u0119 powa\u017cnie i nie stosuje si\u0119 do obowi\u0105zuj\u0105cych zasad sanitarnych, a z wyszczepieniem niestety nie mamy najlepiej, jest bardzo du\u017ce prawdopodobie\u0144stwo, \u017ce liczba zaka\u017ce\u0144 b\u0119dzie rosn\u0105\u0107\u201d\u2013 m\u00f3wi w rozmowie z Gazet\u0105 Wyborcz\u0105 zaznacza, \u017ce \u201ewyszczepienie spo\u0142ecze\u0144stwa jest elementem kluczowym\u201d, <em>tak samo jak kluczowe jest akurat przestrzeganie metod niefarmakologicznych: dystansu spo\u0142ecznego, <strong>noszenia maseczek<\/strong>, a higiena r\u0105k niech zostanie z nami na zawsze<\/em> \u2013 podkre\u015bla Dzieci\u0105tkowski.<\/p>\r\n<p data-block-type=\"pureText\">\u2013 <em>Czy nale\u017cy si\u0119 spodziewa\u0107 wprowadzenia \u201etwardego lockdownu\u201d? \u201eNie wykluczam \u2013 chocia\u017c absolutnie nie jestem zwolennikiem lockdownu \u2013 \u017ce je\u017celi b\u0119dzie wysoka liczba zaka\u017ce\u0144, to tego typu naprawd\u0119 <strong>brutalne ingerencje<\/strong> b\u0119d\u0105 potrzebne<\/em> \u2013 m\u00f3wi wirusolog, jawnie podjudzaj\u0105c przeciwko osobom, kt\u00f3re nie chc\u0105 szczepi\u0107 si\u0119 preparatem b\u0119d\u0105cym w fazie eksperymentalnej.<\/p>\r\n<p class=\"zrodlo\">Ca\u0142o\u015b\u0107: <a href=\"https:\/\/wprawo.pl\/eksperci-judza-przeciw-niezaszczepionym-polakom-zamknac-cmentarze-ograniczyc-kontakty-potrzebne-brutalne-ingerencje\/\">wprawo.pl (pa\u017adziernik 22, 2021)<\/a><\/p>\r\n<h4>&nbsp;<\/h4>\r\n<hr style=\"background-color: #000000; border-width: 0; color: #000000; height: 2px; line-height: 0; text-align: center; width: 100%;\">\r\n<h4>&nbsp;<\/h4>\r\n<h3><strong>Rada Medyczna nie odpuszcza\u2026 Czy Antychryst przyj\u0105\u0142 oblicze doradc\u00f3w Morawieckiego?<\/strong><\/h3>\r\n<p>&nbsp;<\/p>\r\n<p><strong>Przedstawiciele Rady Medycznej przy premierze Morawieckim nie odpuszczaj\u0105. Id\u0105 w zaparte, domagaj\u0105c si\u0119 bezprawnej segregacji sanitarnej i \u0142amania podstawowych praw konstytucyjnych!<\/strong><\/p>\r\n<p>Tak si\u0119 dziwnie sk\u0142ada, \u017ce wok\u00f3\u0142 premiera i ministra Niedzielskiego pr\u00f3\u017cno szuka\u0107 ekspert\u00f3w, takich jak <strong>dr Pawe\u0142 Basiukiewicz<\/strong>, <strong>prof. Piotr Kuna<\/strong>, czy <strong>dr Piotr Witczak<\/strong>, kt\u00f3rzy wiedz\u0105, \u017ce segregacja sanitarna nie ma podstaw nie tylko prawnych, ale i epidemiologicznych. Jest bezprawna i bez sensu!<\/p>\r\n<p>Segregacja sanitarna \u0142amie przede wszystkim art. 32 Konstytucji RP, a \u017c\u0105danie dowodu szczepie\u0144 (czyli stosowanie paszport\u00f3w covidowych) \u0142amie art. 47 i 51 Konstytucji, art. 9 RODO, a tak\u017ce ustaw\u0119 o zawodzie lekarza art. 40 \u00a71 i ustaw\u0119 o prawach pacjenta art. 13. Przypominamy, \u017ce Urz\u0105d Ochrony Danych Osobowych (UODO) r\u00f3wnie\u017c jasno i wyra\u017anie informuje wszystkich przedsi\u0119biorc\u00f3w i organizator\u00f3w wydarze\u0144, \u017ce \u017c\u0105danie paszportu covidowego jest Z\u0141AMANIEM PRAWA. Pami\u0119tajmy o tym wszyscy, zar\u00f3wno organizatorzy, jak i klienci. Rz\u0105d wprowadzi\u0142 limity dla niezaszczepionych za pomoc\u0105 rozporz\u0105dzenia, kt\u00f3re NIE MA PODSTAWY PRAWNEJ!<\/p>\r\n<p>Segregacja sanitarna nie ma sensu, bo zaszczepione na Covid-19 osoby ro\u0301wniez\u0307 si\u0119 zaraz\u0307aja\u0328 i przenosz\u0105 wirusa. Ju\u017c wcze\u015bniej podkre\u015bla\u0142y to badania amerykan\u0301skiego Centrum Kontroli i Zapobiegania Choro\u0301b i brytyjskiego Uniwersytetu w Oksfordzie.<br>\r\nW kolejnych pan\u0301stwach, gdzie poziom zaszczepie\u0144 obiema dawkami wynosi\u0142 kilkadziesi\u0105t procent, notowane s\u0105 du\u017ce wzrosty zakaz\u0307en\u0301 i jak donosz\u0105 tamtejsze w\u0142adze wp\u0142yw na to maja\u0328 ro\u0301wniez\u0307 osoby zaszczepione.<\/p>\r\n<p>Zamiast tego obok premiera mamy osoby, kt\u00f3re wr\u0119cz domagaj\u0105 si\u0119 bezprawnej dyskryminacji i obostrze\u0144 dla niezaszczepionych!<\/p>\r\n<p><strong>Prof. Simon:<\/strong> \u201e<em>Polska powinna i\u015b\u0107 w kierunku wprowadzania ogranicze\u0144 dla niezaszczepionych.\u201d<\/em><\/p>\r\n<p><strong>Prof. Magdalena Marczy\u0144ska:<\/strong> <em>\u201eObostrzenia powinny dotyczy\u0107 os\u00f3b niezaszczepionych.\u201d<\/em><\/p>\r\n<p><strong>Prof. Krzysztof Tomasiewicz:<\/strong> <em>\u201eWst\u0119p do miejsc publicznych tylko z certyfikatem covidowym? Nie mo\u017cna tego wykluczy\u0107.\u201d<\/em><\/p>\r\n<p>Podajcie dalej i do\u0142\u0105czcie do og\u00f3lnopolskiego protestu przeciwko bezprawnej i bezsensownej segregacji sanitarnej, przymuszaniu do szczepie\u0144 na Covid-19 i fatalnej polityce lockdown\u00f3w, kt\u00f3r\u0105 zn\u00f3w straszy rz\u0105d i jego eksperci!<br>\r\n#NigdyWi\u0119cejLockdownu<br>\r\n#StopSegregacjiSanitarnej<\/p>\r\n<p><em>\u0179r\u00f3d\u0142o: Konfederacja<\/em><\/p>\r\n<p class=\"zrodlo\">Za: <a href=\"https:\/\/www.prokapitalizm.pl\/rada-medyczna-nie-odpuszcza-chce-zmuszac-do-lamania-prawa\/\">ProKapitalizm.Pl (22 pa\u017adziernika 2021)<\/a><\/p>\r\n<h4>&nbsp;<\/h4>\r\n<hr style=\"background-color: #000000; border-width: 0; color: #000000; height: 2px; line-height: 0; text-align: center; width: 100%;\">\r\n<h3>&nbsp;<\/h3>","protected":false},"excerpt":{"rendered":"Podczas konferencji prasowej Konfederacji pose\u0142 Grzegorz Braun wezwa\u0142 Polak\u00f3w do uczczenia Wszystkich \u015awi\u0119tych, bez wzgl\u0119du na utrudnienia szykowane przez w\u0142adze. Stwierdzi\u0142 te\u017c, \u017ce zamiast cmentarzy, powinno si\u0119 zamyka\u0107 ministr\u00f3w. \u2013 Bohaterem, lepiej powiedzie\u0107 czarnym charakterem naszej konferencji prasowej jest pan wiceminister Kraska, kt\u00f3ry w ostatnich dniach zapowiedzia\u0142, cytuj\u0119: \u201epunktowe zamykanie cmentarzy\u201d na Wszystkich \u015awi\u0119tych i [&hellip;]","protected":false},"author":1,"featured_media":0,"comment_status":"closed","ping_status":"closed","sticky":false,"template":"","format":"standard","meta":{"_acf_changed":false,"_monsterinsights_skip_tracking":false,"_monsterinsights_sitenote_active":false,"_monsterinsights_sitenote_note":"","_monsterinsights_sitenote_category":0,"ngg_post_thumbnail":0,"footnotes":"","_wp_rev_ctl_limit":""},"categories":[13,8],"tags":[433,98,20,452],"acf":[],"_links":{"self":[{"href":"https:\/\/www.bibula.com\/index.php?rest_route=\/wp\/v2\/posts\/128613"}],"collection":[{"href":"https:\/\/www.bibula.com\/index.php?rest_route=\/wp\/v2\/posts"}],"about":[{"href":"https:\/\/www.bibula.com\/index.php?rest_route=\/wp\/v2\/types\/post"}],"author":[{"embeddable":true,"href":"https:\/\/www.bibula.com\/index.php?rest_route=\/wp\/v2\/users\/1"}],"replies":[{"embeddable":true,"href":"https:\/\/www.bibula.com\/index.php?rest_route=%2Fwp%2Fv2%2Fcomments&post=128613"}],"version-history":[{"count":6,"href":"https:\/\/www.bibula.com\/index.php?rest_route=\/wp\/v2\/posts\/128613\/revisions"}],"predecessor-version":[{"id":128620,"href":"https:\/\/www.bibula.com\/index.php?rest_route=\/wp\/v2\/posts\/128613\/revisions\/128620"}],"wp:attachment":[{"href":"https:\/\/www.bibula.com\/index.php?rest_route=%2Fwp%2Fv2%2Fmedia&parent=128613"}],"wp:term":[{"taxonomy":"category","embeddable":true,"href":"https:\/\/www.bibula.com\/index.php?rest_route=%2Fwp%2Fv2%2Fcategories&post=128613"},{"taxonomy":"post_tag","embeddable":true,"href":"https:\/\/www.bibula.com\/index.php?rest_route=%2Fwp%2Fv2%2Ftags&post=128613"}],"curies":[{"name":"wp","href":"https:\/\/api.w.org\/{rel}","templated":true}]}}