{"id":128604,"date":"2021-10-22T11:19:12","date_gmt":"2021-10-22T15:19:12","guid":{"rendered":"https:\/\/www.bibula.com\/?p=128604"},"modified":"2021-10-22T11:19:12","modified_gmt":"2021-10-22T15:19:12","slug":"gniezno-odpowiedz-na-komunikat-kurii-dotyczacy-kaplicy-bractwa","status":"publish","type":"post","link":"https:\/\/www.bibula.com\/?p=128604","title":{"rendered":"Gniezno: Odpowied\u017a na komunikat kurii dotycz\u0105cy kaplicy Bractwa"},"content":{"rendered":"<p>7 pa\u017adziernika br. Kuria Metropolitalna w Gnie\u017anie opublikowa\u0142a <a class=\"wpel-icon-right\" href=\"https:\/\/archidiecezja.pl\/komunikat-kurii-dot-mszy-trydenckich\/\" rel=\"external noopener noreferrer\" data-wpel-link=\"external\">komunikat<\/a>, w kt\u00f3rym przypomniano, \u017ce zgodnie z decyzj\u0105 wydan\u0105 5 sierpnia przez abp. Wojciecha Polaka, ordynariusza gnie\u017anie\u0144skiego i prymasa Polski, na terenie archidiecezji Msze \u015bw. trydenckie mog\u0105 by\u0107 sprawowane w czterech dotychczasowych miejscach. Komunikat wymienia tak\u017ce nowo powsta\u0142\u0105 kaplic\u0119 pw. Matki Bo\u017cej Dobrej Rady w Gnie\u017anie, kt\u00f3ra \u201enie zosta\u0142a ustanowiona za wiedz\u0105 i zgod\u0105 Ksi\u0119dza Prymasa\u201d. Wikariusz generalny pisze dalej: \u201eKsi\u0119\u017ca lefebry\u015bci, kt\u00f3rzy sprawuj\u0105 tam liturgi\u0119, czyni\u0105 to bez wiedzy Ksi\u0119dza Prymasa, a ich status prawny w Ko\u015bciele rzymskokatolickim nie jest uregulowany. Wiernych, kt\u00f3rzy pragn\u0105 bra\u0107 udzia\u0142 w tzw. Mszy trydenckiej, prosimy o uczestniczenie w tej liturgii w o\u015brodkach specjalnie ustanowionych w tym celu przez Ksi\u0119dza Prymasa\u201d.<\/p>\r\n<p>\u2013 Poni\u017cej publikujemy odpowied\u017a pierwszego asystenta prze\u0142o\u017conego dystryktu Europy \u015arodkowo-Wschodniej, ks. Dawida Wierzyckiego FSSPX.<\/p>\r\n<p>&nbsp;<\/p>\r\n<p>&nbsp;<\/p>\r\n<p class=\"has-drop-cap\">Bractwo Kap\u0142a\u0144skie \u015bw. Piusa X jest zgromadzeniem ksi\u0119\u017cy i zosta\u0142o za\u0142o\u017cone przez abp. Marcelego Lefebvre\u2019a w \u015bwi\u0119to Wszystkich \u015awi\u0119tych 1970 r. Jako takie, zosta\u0142o uznane przez bpa Franciszka Charri\u00e8re\u2019a, ordynariusza szwajcarskiego Fryburga. Przez uznanie odpowiednich w\u0142adz ko\u015bcielnych Bractwo sta\u0142o si\u0119 dzie\u0142em Ko\u015bcio\u0142a. 18 lutego 1971 r. nasze zgromadzenie otrzyma\u0142o list pochwalny od prefekta rzymskiej Kongregacji ds. Duchowie\u0144stwa, kard. Jana J\u00f3zefa Wrighta.<\/p>\r\n<p>Priorytetowym celem Bractwa jest wychowywanie dobrych kap\u0142an\u00f3w, kt\u00f3rzy b\u0119d\u0105 wierni tradycyjnej liturgii Ko\u015bcio\u0142a oraz niezmiennej wierze katolickiej.&nbsp; Za\u0142o\u017cenie Bractwa zwi\u0105zane by\u0142o z rewolucj\u0105, jaka ogarn\u0119\u0142a Ko\u015bci\u00f3\u0142 w drugiej po\u0142owie XX w, powoduj\u0105c przej\u0119cie Soboru Watyka\u0144skiego II przez frakcj\u0119 modernistyczn\u0105, co poskutkowa\u0142o rozprzestrzenieniem si\u0119 nauk sprzecznych z dotychczasowym stanowiskiem Ko\u015bcio\u0142a, m.in. fa\u0142szywie poj\u0119tego ekumenizmu, wolno\u015bci religijnej, kolegializmu, b\u0142\u0119dnego poj\u0119cia tradycji oraz pochwa\u0142y ducha tego \u015bwiata wraz z kultem cz\u0142owieka. Przynios\u0142y one upadek moralno\u015bci oraz dyscypliny w\u015br\u00f3d kleru diecezjalnego i w zakonach. Ca\u0142kowita dewastacja liturgii przez wprowadzenie sprotestantyzowanego rytu na podobie\u0144stwo rytu Tomasza Cranmera, przyw\u00f3dcy reformy anglika\u0144skiej, os\u0142abi\u0142a wiar\u0119 w ofiarniczy charakter Mszy \u015bw. oraz w prawdziw\u0105, rzeczywist\u0105 i substancjaln\u0105 obecno\u015b\u0107 Pana Jezusa w Sakramencie Eucharystii.<\/p>\r\n<p>W obliczu tej rewolucji ksi\u0119\u017ca Bractwa pragn\u0119li zachowa\u0107 wierno\u015b\u0107 dotychczasowej nauce i liturgii Ko\u015bcio\u0142a, widz\u0105c w tym drog\u0119 do u\u015bwi\u0119cania si\u0119 i dawania Ko\u015bcio\u0142owi \u015bwi\u0119tych kap\u0142an\u00f3w.&nbsp;Ta wierno\u015b\u0107 zosta\u0142a ukarana pr\u00f3b\u0105 rozwi\u0105zania Bractwa Kap\u0142a\u0144skiego \u015bw. Piusa X w 1975 r. Nale\u017cy je uzna\u0107 za niewa\u017cne z dw\u00f3ch przyczyn: Po pierwsze, spos\u00f3b w jaki zosta\u0142o przeprowadzone nie odpowiada\u0142 normom prawa kanonicznego. Po drugie, jedynym jego powodem by\u0142a wierno\u015b\u0107 naszego zgromadzenia wierze katolickiej i tradycyjnej Mszy \u015bw. Pami\u0119tajmy, \u017ce hierarchowie otrzymali od Zbawiciela sw\u0105 w\u0142adz\u0119 po to, by broni\u0107 wiary. Je\u015bli to czyni\u0105, to jeste\u015bmy winni im pos\u0142usze\u0144stwo, natomiast je\u015bli nadu\u017cywaj\u0105 tej w\u0142adzy do niszczenia Ko\u015bcio\u0142a i nakazywania rzeczy sprzecznych z wiar\u0105, nie mo\u017cna by\u0107 pos\u0142usznym.<\/p>\r\n<p>Maj\u0105c to na uwadze oraz zwa\u017cywszy, \u017ce celem i istot\u0105 prawa ko\u015bcielnego jest zasada \u201e<em>salus animarum suprema lex<\/em> \u2013 zbawienie dusz najwy\u017cszym prawem\u201d, Bractwo nie zaprzesta\u0142o swojej dzia\u0142alno\u015bci. Wspomniana powy\u017cej rewolucja wprowadzi\u0142a Ko\u015bci\u00f3\u0142 w powa\u017cny kryzys, a tym samym spowodowa\u0142a stan powa\u017cnej wy\u017cszej konieczno\u015bci, w kt\u00f3rym zagro\u017cone jest najwa\u017cniejsze dobro wielu dusz \u2013 wiara i moralno\u015b\u0107. Zwyczajne normy prawne s\u0105 przewidziane dla stanu zwyczajnego. W stanie wy\u017cszej konieczno\u015bci s\u0105 one nieadekwatne do zaistnia\u0142ej nadzwyczajnej sytuacji. Trzeba wtedy si\u0119ga\u0107 do nadzwyczajnych zasad, na podstawie kt\u00f3rych dzia\u0142a Bractwo.<\/p>\r\n<p>To w\u0142a\u015bnie dlatego kaplice i duszpasterstwa powstaj\u0105 bez zgody miejscowych ordynariuszy. Bowiem nie zosta\u0142aby ona wydana. Dlaczego? Tu nale\u017cy powr\u00f3ci\u0107 do przyczyny sporu \u2013 ch\u0119ci zachowania wierno\u015bci Ko\u015bcio\u0142owi i odrzucenia rewolucji tocz\u0105cej Ko\u015bci\u00f3\u0142. Na to wci\u0105\u017c nie ma zgody. Nale\u017cy mie\u0107 \u015bwiadomo\u015b\u0107, \u017ce pos\u0142usze\u0144stwo i wierno\u015b\u0107 Ko\u015bcio\u0142owi nie ograniczaj\u0105 si\u0119 do ostatnich 50 lat, ale obejmuj\u0105 Ko\u015bci\u00f3\u0142 na przestrzeni setek lat jego istnienia. Natomiast ostatnie p\u00f3\u0142 wieku stoi w sprzeczno\u015bci wobec przesz\u0142o\u015bci Ko\u015bcio\u0142a, jego magisterium, jego dyscypliny i jego liturgii.<\/p>\r\n<p>Obecnemu stanowi wy\u017cszej konieczno\u015bci trudno dzi\u015b zaprzeczy\u0107. O kryzysie m\u00f3wi sam papie\u017c emeryt Benedykt XVI w swym li\u015bcie z 2019 r. A z roku na rok jest coraz gorzej. Trosk\u0119 o cze\u015b\u0107 dla Stw\u00f3rcy zast\u0119puje troska o stworzenie ze swoist\u0105 teologi\u0105 ekologii. Pr\u00f3by dopuszczania do sakrament\u00f3w os\u00f3b \u017cyj\u0105cych w ci\u0105g\u0142ym grzechu. Pr\u00f3by b\u0142ogos\u0142awienia par jednop\u0142ciowych. Pr\u00f3ba zmiany oblicza Ko\u015bcio\u0142a przez drog\u0119 synodaln\u0105. Porzucenie wiernych przez pasterzy w ci\u0105gu ostatniego p\u00f3\u0142tora roku. Coraz to nowe skandale moralne, maj\u0105ce miejsce w\u015br\u00f3d kleru. Czy\u017c nie jest to zwi\u0105zane z kryzysem kap\u0142a\u0144stwa, niezrozumieniem w\u0142asnej to\u017csamo\u015bci?<\/p>\r\n<p>Potrzebujemy dzi\u015b \u015bwi\u0119tych kap\u0142an\u00f3w, a takich mo\u017ce zrodzi\u0107 jedynie wierno\u015b\u0107 tradycyjnej nauce, dyscyplinie i liturgii Ko\u015bcio\u0142a \u015awi\u0119tego. Rozwi\u0105zaniem tego kryzysu nie jest dopuszczenie tu i \u00f3wdzie do celebracji tradycyjnej Mszy \u015awi\u0119tej. Ten gest podyktowany jest najcz\u0119\u015bciej strachem przed odp\u0142ywem wiernych do kaplic Bractwa, a nie dobrem dusz.<\/p>\r\n<p>Powstania kaplicy Bractwa Kap\u0142a\u0144skiego \u015bw. Piusa X w Gnie\u017anie na ul. Grzybowo 36 nie nale\u017cy rozpatrywa\u0107 w kategoriach buntu wobec Jego Ekscelencji Prymasa Polski abp. Wojciecha Polaka, ani \u017cadnego innego hierarchy. W ka\u017cdej Mszy odprawianej w kaplicy na Grzybowie modlimy si\u0119 za papie\u017ca Franciszka i ksi\u0119dza Prymasa. Powstanie tej kaplicy jest podyktowane pragnieniem wierno\u015bci Ko\u015bcio\u0142owi, jego nauce i Mszy \u015bw. Bo czy nauka i Msza \u015bw., kt\u00f3re tak d\u0142ugo by\u0142y dobre i wyda\u0142y tak wielu \u015bwi\u0119tych, mog\u0105 by\u0107 teraz z\u0142e?<\/p>\r\n<p>Mosina, 13 pa\u017adziernika 2021r.<br>\r\nks. Dawid Wierzycki FSSPX,<br>\r\npierwszy asystent prze\u0142o\u017conego dystryktu Europy \u015arodkowo-Wschodniej<\/p>\r\n<p>&nbsp;<\/p>","protected":false},"excerpt":{"rendered":"7 pa\u017adziernika br. Kuria Metropolitalna w Gnie\u017anie opublikowa\u0142a komunikat, w kt\u00f3rym przypomniano, \u017ce zgodnie z decyzj\u0105 wydan\u0105 5 sierpnia przez abp. Wojciecha Polaka, ordynariusza gnie\u017anie\u0144skiego i prymasa Polski, na terenie archidiecezji Msze \u015bw. trydenckie mog\u0105 by\u0107 sprawowane w czterech dotychczasowych miejscach. Komunikat wymienia tak\u017ce nowo powsta\u0142\u0105 kaplic\u0119 pw. Matki Bo\u017cej Dobrej Rady w Gnie\u017anie, kt\u00f3ra [&hellip;]","protected":false},"author":1,"featured_media":0,"comment_status":"closed","ping_status":"closed","sticky":false,"template":"","format":"standard","meta":{"_acf_changed":false,"_monsterinsights_skip_tracking":false,"_monsterinsights_sitenote_active":false,"_monsterinsights_sitenote_note":"","_monsterinsights_sitenote_category":0,"ngg_post_thumbnail":0,"footnotes":"","_wp_rev_ctl_limit":""},"categories":[13,5],"tags":[32,98,24,33],"acf":[],"_links":{"self":[{"href":"https:\/\/www.bibula.com\/index.php?rest_route=\/wp\/v2\/posts\/128604"}],"collection":[{"href":"https:\/\/www.bibula.com\/index.php?rest_route=\/wp\/v2\/posts"}],"about":[{"href":"https:\/\/www.bibula.com\/index.php?rest_route=\/wp\/v2\/types\/post"}],"author":[{"embeddable":true,"href":"https:\/\/www.bibula.com\/index.php?rest_route=\/wp\/v2\/users\/1"}],"replies":[{"embeddable":true,"href":"https:\/\/www.bibula.com\/index.php?rest_route=%2Fwp%2Fv2%2Fcomments&post=128604"}],"version-history":[{"count":3,"href":"https:\/\/www.bibula.com\/index.php?rest_route=\/wp\/v2\/posts\/128604\/revisions"}],"predecessor-version":[{"id":128607,"href":"https:\/\/www.bibula.com\/index.php?rest_route=\/wp\/v2\/posts\/128604\/revisions\/128607"}],"wp:attachment":[{"href":"https:\/\/www.bibula.com\/index.php?rest_route=%2Fwp%2Fv2%2Fmedia&parent=128604"}],"wp:term":[{"taxonomy":"category","embeddable":true,"href":"https:\/\/www.bibula.com\/index.php?rest_route=%2Fwp%2Fv2%2Fcategories&post=128604"},{"taxonomy":"post_tag","embeddable":true,"href":"https:\/\/www.bibula.com\/index.php?rest_route=%2Fwp%2Fv2%2Ftags&post=128604"}],"curies":[{"name":"wp","href":"https:\/\/api.w.org\/{rel}","templated":true}]}}