{"id":128579,"date":"2021-10-20T15:12:09","date_gmt":"2021-10-20T19:12:09","guid":{"rendered":"https:\/\/www.bibula.com\/?p=128579"},"modified":"2021-10-20T15:12:09","modified_gmt":"2021-10-20T19:12:09","slug":"zabijali-zarazonych-aby-zmusic-nas-do-przyjecia-masek-zamkniecia-i-godziny-policyjnej-arcybiskup-carlo-maria-vigano","status":"publish","type":"post","link":"https:\/\/www.bibula.com\/?p=128579","title":{"rendered":"\u201eZabijali zara\u017conych, aby zmusi\u0107 nas do przyj\u0119cia masek, zamkni\u0119cia i godziny policyjnej.\u201d &#8211; <em>Arcybiskup Carlo Maria Vigan\u00f2<\/em>"},"content":{"rendered":"<p align=\"center\"><em><strong>Wszystko, co jest przedstawiane jako uzasadnienie <\/strong><strong>ich dzia\u0142a\u0144, jest zawsze i tylko pretekstem, nie ma nic <\/strong><strong>wsp\u00f3lnego ze zbrodniczymi intencjami. <\/strong><\/em><\/p>\r\n<p align=\"center\"><em><strong>=================<\/strong><\/em><\/p>\r\n<p align=\"center\"><em><strong>Zabijali zara\u017conych, aby zmusi\u0107 nas do przyj\u0119cia masek, <\/strong><strong>zamkni\u0119cia i godziny policyjnej.<\/strong><\/em><\/p>\r\n<p align=\"left\"><strong><br>\r\n<br>\r\n<\/strong>450 lat temu, 7 pa\u017adziernika 1571 roku, chrze\u015bcija\u0144ska flota dowodzona przez Don Juana d&#8217;Austria odnios\u0142a spektakularne zwyci\u0119stwo nad Turkami pod Lepanto w Zatoce Patras. Zwyci\u0119stwo to, cudem odniesione przez Lig\u0119 \u015awi\u0119t\u0105, cho\u0107 przez flot\u0119 wyra\u017anie liczebnie i militarnie s\u0142absz\u0105 od floty Imperium Osma\u0144skiego, przypisuje si\u0119 interwencji Matki Naj\u015bwi\u0119tszej, czczonej od tego dnia pod tytu\u0142em Kr\u00f3lowej Zwyci\u0119stw i Wspomo\u017cycielki: inwokacja <em>Auxilium Christianorum<\/em>, kt\u00f3r\u0105 odmawiamy w Litanii Loreta\u0144skiej, zosta\u0142a dodana po tym cudownym zwyci\u0119stwie.<\/p>\r\n<p align=\"left\">Od tego czasu \u015bwi\u0119tujemy r\u00f3wnie\u017c Matk\u0119 Bo\u017c\u0105 jako Kr\u00f3low\u0105 R\u00f3\u017ca\u0144ca \u015awi\u0119tego. Sztandar Ligi \u015awi\u0119tej, na kt\u00f3rym widnia\u0142 Krucyfiks po bokach \u015bw. Aposto\u0142\u00f3w Piotra i Paw\u0142a z has\u0142em <em>In hoc signo vinces<\/em>, a rok wcze\u015bniej zosta\u0142 pob\u0142ogos\u0142awiony w Bazylice \u015bw. Piotra przez \u015bw. Piusa V papie\u017ca Soboru Trydenckiego, tradycyjn\u0105 Msz\u0119 \u015bw. oraz R\u00f3\u017caniec \u015awi\u0119ty powierzono admira\u0142owi floty papieskiej Marcantonio Colonnie.<\/p>\r\n<p align=\"left\">16 wrze\u015bnia 1571 flota Ligi \u015awi\u0119tej wyp\u0142yn\u0119\u0142a z Messyny, a 4 pa\u017adziernika zebra\u0142a si\u0119 w porcie Kefalonia, by ruszy\u0107 na Turk\u00f3w. Liga zosta\u0142a utworzona przez kr\u00f3la Hiszpanii, Republik\u0119 Weneck\u0105, Pa\u0144stwa Ko\u015bcielne, republiki Genui i Lukki, Rycerzy Malta\u0144skich, rodzin\u0119 Farnese z Parmy, rodzin\u0119 Gonzaga z Mantui, rodzin\u0119 Estense z Ferrary, Rodzina Della Rovere z Urbino, ksi\u0119cia Sabaudii i wielkiego ksi\u0119cia Toskanii. Chrze\u015bcija\u0144ska Europa zjednoczy\u0142a si\u0119, aby stawi\u0107 czo\u0142a wsp\u00f3lnemu wrogowi, kt\u00f3ry ponownie zagra\u017ca\u0142 po odparciu i pokonaniu muzu\u0142man\u00f3w pod Poitiers (732) i pod Wiedniem 1683.<\/p>\r\n<p align=\"left\">====================<\/p>\r\n<p align=\"left\">Dzi\u015b nasz wr\u00f3g jest bardziej subtelny i zdradziecki: ci, kt\u00f3rzy powinni by\u0107 naszymi sojusznikami, ci, kt\u00f3rzy powinni nam pomaga\u0107 i chroni\u0107 w obliczu nie mniej strasznego zagro\u017cenia ni\u017c to, z kt\u00f3rym si\u0119 w\u00f3wczas zmagano&nbsp; to w\u0142a\u015bnie oni prowadz\u0105 bezlitosn\u0105 wojn\u0119 przeciwko nam. Ci, kt\u00f3rzy powinni nas broni\u0107, to ci, kt\u00f3rzy wspieraj\u0105 inwazj\u0119 i systematyczne wymazywanie naszej to\u017csamo\u015bci, naszej wiary, naszej kultury i tradycji. W imi\u0119 kultury anulowania uda\u0142o im si\u0119 rozmydli\u0107 Zwyci\u0119stwo Lepanto, kt\u00f3re przez cztery stulecia nie pozwala\u0142o islamowi na podporz\u0105dkowanie naszych narod\u00f3w p\u00f3\u0142ksi\u0119\u017cycowi.<\/p>\r\n<p align=\"left\">Ale gdyby to, czego jeste\u015bmy dzi\u015b \u015bwiadkami, mia\u0142o miejsce w 1570 roku, cudowne zwyci\u0119stwo by\u0142oby najprawdopodobniej niemo\u017cliwe. Gdyby \u015bw. Pius V promowa\u0142 dialog z islamem, zamiast gromadzi\u0107 Lig\u0119 \u015awi\u0119t\u0105; gdyby Don Juan z Austrii spiskowa\u0142 z su\u0142tanem dla osobistych interes\u00f3w i gdyby Republika Wenecka milcza\u0142a na temat tego, co dzisiaj nazwaliby\u015bmy naruszeniem praw cz\u0142owieka narzuconym przez Turk\u00f3w Wenecjanom z Cypru; gdyby kr\u00f3l Hiszpanii lub ksi\u0105\u017c\u0119ta i wielcy ksi\u0105\u017c\u0119ta we W\u0142oszech powo\u0142ywali si\u0119 na \u015bwiecki charakter pa\u0144stwa, narody katolickiej Europy nigdy nie by\u0142yby w stanie walczy\u0107 i odnie\u015b\u0107 zwyci\u0119stwa. Poniewa\u017c ruchy popularne nawet te motywowane najlepszymi intencjami potrzebuj\u0105 przyw\u00f3dc\u00f3w, charyzmatycznych przewodnik\u00f3w i autorytetu, kt\u00f3ry by nimi kierowa\u0142 i koordynowa\u0142 ich dzia\u0142ania.<br>\r\n<br>\r\nDlatego kryzys, przez kt\u00f3ry przechodzimy, jest tak powa\u017cny: wynika z kryzysu autorytetu, z braku zasad i warto\u015bci moralnych, kt\u00f3re o\u017cywiaj\u0105 i ukierunkowuj\u0105 tych, kt\u00f3rzy dowodz\u0105, nawet przed tymi, kt\u00f3rzy s\u0105 pos\u0142uszni.<\/p>\r\n<p align=\"left\">Ci, kt\u00f3rzy nami dowodz\u0105, nie spe\u0142niaj\u0105 swojej roli na rzecz narodu w\u0142oskiego, lecz wykonuj\u0105 rozkazy bardzo pot\u0119\u017cnej elity finansowej. Ci, kt\u00f3rzy dzi\u015b naprawd\u0119 rz\u0105dz\u0105, sami nie s\u0105 cz\u0119\u015bci\u0105 instytucji, ale wykorzystuj\u0105 je, przekupuj\u0105c swoich urz\u0119dnik\u00f3w, szanta\u017cuj\u0105c tych, kt\u00f3rych tam umie\u015bcili, aby dowolnie nimi manipulowa\u0107, wypieraj\u0105c uczciwych i kontroluj\u0105c opozycj\u0119. Gdyby nasi przyw\u00f3dcy naprawd\u0119 dbali o <em>bonum commune<\/em> i nie byli pos\u0142uszni tym, kt\u00f3rzy je zamawiaj\u0105, wyleczyliby wirusa nie przestrzegaj\u0105c z jednej strony polece\u0144 przemys\u0142u farmaceutycznego i globalistycznych elit z drugiej.&nbsp;<\/p>\r\n<p align=\"left\">To samo dzieje si\u0119 r\u00f3wnie\u017c w Ko\u015bciele: wystarczy pomy\u015ble\u0107 tylko o tym, w jaki spos\u00f3b biskupi upadli na twarz przed narracj\u0105 COVID, jak szybko zamkn\u0119li ko\u015bcio\u0142y i jak zalecili wiernym zaszczepienie si\u0119 za pomoc\u0105 autorytetu i presti\u017cu papiestwa, by sponsorowa\u0107 najpierw surowic\u0119 genow\u0105, a teraz transformacj\u0119 ekologiczn\u0105, kolejna obsesja Wielkiego Resetu, o kt\u00f3rej teoretyzowa\u0142 Klaus Schwab Rothschild. Politycy, parlamentarzy\u015bci, s\u0119dziowie, lekarze, dziennikarze i duchowni: wszyscy s\u0105 podporz\u0105dkowani narracji psycho-pandemicznej i r\u00f3wnie gotowi bezkrytycznie zaakceptowa\u0107 absurdalne i naukowo pogmatwane teorie globalnego ocieplenia, tylko dlatego, \u017ce ich panowie postanowili najpierw spekulowa\u0107 na temat nadzwyczajnej pandemii, a teraz o tak zwanej zielonej sytuacji kryzysowej, u\u017cywaj\u0105c innej sytuacji nadzwyczajnej jako pretekstu do narzucenia zielonej przepustki, kt\u00f3ra nie jest nazywana zielon\u0105 przez przypadek, a wraz z ni\u0105 pozbawienia nas kolejnych swob\u00f3d obywatelskich.<\/p>\r\n<p align=\"left\">Do tej pory zrozumia\u0142e\u015b, \u017ce wszystko, co jest nam przedstawiane jako uzasadnienie ich dzia\u0142a\u0144, jest zawsze i tylko pretekstem, kt\u00f3ry nie ma nic wsp\u00f3lnego z ich zbrodniczymi intencjami. Z drugiej strony, gdyby powiedzieli nam jasno zamiast tylko przewidywa\u0107, to w publikacjach swoich konferencji dla wtajemniczonych, \u017ce chc\u0105 zredukowa\u0107 populacj\u0119 do niewoli, nie uda\u0142oby im si\u0119 nikogo oszuka\u0107. We wszystkich cz\u0119\u015bciach \u015bwiata, gdzie panuje psychopandemia, ludzie wychodz\u0105 na ulice, by wyrazi\u0107 sw\u00f3j sprzeciw. Media re\u017cimowe, praktycznie wszystkie media systematycznie milcz\u0105 na temat tego, co wszyscy mo\u017cemy zobaczy\u0107 w Internecie, pomimo cenzury medi\u00f3w spo\u0142eczno\u015bciowych: dziesi\u0105tki tysi\u0119cy, setki tysi\u0119cy ludzi we Francji, Niemczech, Holandii, Grecji, krajach by\u0142ej Jugos\u0142awii, Ameryki, Australii, Kanady i W\u0142och. Obudzili\u015bmy si\u0119 troch\u0119 p\u00f3\u017ano, to prawda, ale zaczynamy rozumie\u0107, \u017ce oszukiwali nas przez prawie dwa lata, m\u00f3wi\u0105c nam rzeczy, kt\u00f3re nie odpowiadaj\u0105 rzeczywisto\u015bci, m\u00f3wi\u0105c, \u017ce nie by\u0142o [<em>mo\u017cliwo\u015bci<\/em>] leczenia, \u017ce ludzie umieraj\u0105 na COVID podczas gdy w rzeczywisto\u015bci celowo zabijali zara\u017conych, aby zmusi\u0107 nas do przyj\u0119cia masek, zamkni\u0119cia i godziny policyjnej.<\/p>\r\n<p align=\"left\">Dzi\u015b m\u00f3wi\u0105 nam, \u017ce istniej\u0105 terapie, tylko dlatego, \u017ce firmy farmaceutyczne opatentowa\u0142y leki po wyg\u00f3rowanych cenach (z nieznanymi jeszcze skutkami ubocznymi), kt\u00f3re od lat s\u0105 dost\u0119pne w bardzo niskich cenach (bez dzia\u0142a\u0144 niepo\u017c\u0105danych). I \u017caden s\u0119dzia nie ma nic do powiedzenia.<\/p>\r\n<p align=\"left\">Dobrze zrozumiecie, drodzy bracia i siostry, \u017ce kiedy w\u0142adza, kt\u00f3rej celem jest dobro obywateli, zostanie faktycznie wykorzystana do ich zepsucia, zubo\u017cenia, zniewolenia, a nawet os\u0142abienia lub fizycznego wyeliminowania, robi to poprzez uzurpacj\u0119 w\u0142adzy. Wymagane od nas pos\u0142usze\u0144stwo tyra\u0144skim prawom staje si\u0119 wsp\u00f3\u0142udzia\u0142em, poniewa\u017c poprzez szanta\u017c narzuca nam irracjonalne i potencjalnie szkodliwe dzia\u0142ania, kt\u00f3rych w normalnych warunkach odm\u00f3wiliby\u015bmy wykonania. Ale jak mo\u017cemy uzna\u0107 za normalne, \u017ce lekarze nie lecz\u0105 chorych, a zamiast tego sprzedaj\u0105 si\u0119 firmom farmaceutycznym? Jak mo\u017cemy milcze\u0107 w obliczu konfliktu interes\u00f3w cz\u0142onk\u00f3w CTS, AIFA, EMA i WHO? Jak mo\u017cemy po cichu zaakceptowa\u0107 dopuszczenia o protoko\u0142ach, o planie pandemii, o zakazie leczenia? Jak mo\u017cemy nadal przypisywa\u0107 zas\u0142ugi w\u0142adzy, kt\u00f3ra do dzi\u015b sprowadza na nas jedynie uwi\u0119zienia, cierpienia, n\u0119dz\u0119, zwolnienia, bankructwa, niedostatki, cierpienia i \u015bmier\u0107?&nbsp;<\/p>\r\n<p align=\"left\">Czy naprawd\u0119 my\u015blisz, \u017ce kiedy m\u00f3wi\u0105 ci, \u017ce robi\u0105 to dla twojego dobra, naprawd\u0119 w to wierz\u0105?<br>\r\n<br>\r\nDlatego jest tak wiele demonstracji i protest\u00f3w i dlatego po\u017c\u0105dana jest koordynacja mi\u0119dzy nimi, kt\u00f3ra sprawi, \u017ce b\u0119d\u0105 si\u0119 dalej rozwija\u0107 i by\u0107 coraz bardziej efektywne. Dlatego powinni\u015bmy mie\u0107 nadziej\u0119, \u017ce Pan wzbudzi r\u00f3wnie\u017c uczciwych ludzi, kieruj\u0105cych si\u0119 zdrowymi zasadami, szlachetnymi idea\u0142ami i prawdziwym poczuciem obowi\u0105zku, kt\u00f3rzy potrafi\u0105 stworzy\u0107 konkretn\u0105 i mo\u017cliw\u0105 do podzielenia si\u0119 alternatyw\u0105, bez maso\u0144skich infiltracji i bez stra\u017cnik\u00f3w dla obecnej ponurej polityki, krajobraz spo\u0142eczny i religijny. Ale je\u015bli organizujecie si\u0119, aby stawi\u0107 czo\u0142a zagro\u017ceniu, kt\u00f3re wisi nad wami ze strony klasy polityk\u00f3w, lekarzy i dziennikarzy, kt\u00f3rzy zdradzili wszystkie idea\u0142y i etyki, kt\u00f3re powinny inspirowa\u0107 ich dzia\u0142anie, niezb\u0119dne jest r\u00f3wnie\u017c nadanie temu chrze\u015bcija\u0144skiej duszy temu protestowi obywatelskiemu, aby pozosta\u0142 moralnie szlachetny i m\u00f3g\u0142 mie\u0107 nadziej\u0119 na sukces i b\u0142ogos\u0142awie\u0144stwo Boga. Wkr\u00f3tce wsp\u00f3lnie odm\u00f3wimy R\u00f3\u017caniec, b\u0142agaj\u0105c Naj\u015bwi\u0119tsz\u0105 Dziewic\u0119 o wstawiennictwo przed Tronem Bo\u017cym, prosz\u0105c Go, aby dzisiaj interweniowa\u0142 w ludzkie sprawy, jak to czyni\u0142 wielokrotnie w ci\u0105gu Historii.<\/p>\r\n<p align=\"left\">Czynicie to z Wiar\u0105 i pokorn\u0105 ufno\u015bci\u0105 dzieci, kt\u00f3re biegn\u0105 do swojej Matki Niebieskiej, wiedz\u0105c, \u017ce mimo swoich wad mog\u0105 si\u0119 do Niej ucieka\u0107, wzywaj\u0105c J\u0105 jeszcze raz, obiecuj\u0105c Jej nawr\u00f3cenie i uczynienie tego, co mo\u017cliwe, aby przywr\u00f3ci\u0107 Ojczyzn\u0119 do bycia narodem chrze\u015bcija\u0144skim, dumnym ze swoich warto\u015bci, dumnym z publicznego podnoszenia Krzy\u017ca Chrystusa, do dawania \u015bwiadectwa w swoich prawach, instytucjach, pracy i sztuce o wierze, kt\u00f3ra uczyni\u0142a W\u0142ochy wielkimi, kt\u00f3ra da\u0142a im wielu \u015bwi\u0119tych, dzi\u0119ki czemu jej kultura sta\u0142a si\u0119 owocna, a biznes prosperowa\u0142.<br>\r\n<br>\r\nPo bitwie pod Lepanto senat Wenecji, Repubblica Serenissima, uroczy\u015bcie o\u015bwiadczy\u0142 z aktem oddania, kt\u00f3ry dzi\u015b zgorszy\u0142by zwolennik\u00f3w \u015bwieckiego pa\u0144stwa:<\/p>\r\n<p align=\"center\"><span style=\"color: #000000;\"> <em>Non virtus, non arma, non duces, sed Maria Rosarii victores nos fecit.<\/em><br>\r\n<em>To nie si\u0142a, ani bro\u0144, ani przyw\u00f3dcy uczynili nas zwyci\u0119zcami, ale Matka Bo\u017ca R\u00f3\u017ca\u0144cowa.<\/em><\/span><\/p>\r\n<p align=\"left\">Podobnie \u015bw. Pius V kaza\u0142 wyry\u0107 na pami\u0105tkowych monetach wyemitowanych po bitwie to motto z Psalmu 118: <em>Dextera Domini fecit virtutes<\/em> Prawica Pa\u0144ska czyni\u0142a cuda.<\/p>\r\n<p align=\"left\">Czterysta pi\u0119\u0107dziesi\u0105t lat temu Matka Bo\u017ca wys\u0142ucha\u0142a \u017carliwej modlitwy ca\u0142ego katolickiego \u015bwiata i zapewni\u0142a cudowne zwyci\u0119stwo chrze\u015bcija\u0144skiej flocie.<\/p>\r\n<p align=\"left\">Tak\u017ce dzisiaj je\u015bli nauczymy si\u0119 modli\u0107 i czyni\u0107 pokut\u0119, o jak\u0105 prosi\u0142a nas w Fatimie i w wielu innych objawieniach, odmawianie R\u00f3\u017ca\u0144ca \u015awi\u0119tego mo\u017ce wyb\u0142aga\u0107 z Nieba kolejny cud: wyzwolenie naszej ukochanej Ojczyzny od zepsutych i od zdrajc\u00f3w, kt\u00f3rzy atakuj\u0105 nasze instytucje; pobudzanie dobrych do odwa\u017cnego pot\u0119pienia tych, kt\u00f3rzy splamili si\u0119 powa\u017cnymi zbrodniami; o\u015bwiecanie s\u0119dzi\u00f3w i cz\u0142onk\u00f3w organ\u00f3w \u015bcigania, aby wype\u0142niali swoje obowi\u0105zki, powstrzymuj\u0105c ich przed tyranicznym delirium samozwa\u0144czych filantrop\u00f3w i tych, kt\u00f3rzy im s\u0142u\u017c\u0105; inspirowanie polityk\u00f3w do realizowania uzasadnionych \u017c\u0105da\u0144 zirytowanego ludu, zamiast cynicznego wdra\u017cania elitarnej ideologii \u015bmierci. Sta\u0144my si\u0119 godnymi tego, o co prosimy Dziewic\u0119 Maryj\u0119, b\u0119d\u0105c konsekwentnymi \u015bwiadkami wyznawanej wiary, prowadz\u0105c uczciwe i \u015bwi\u0119te \u017cycie, karmione modlitw\u0105 i sakramentami.<\/p>\r\n<p align=\"left\">Nasza Matka i Kr\u00f3lowa oczekuje od nas tylko konkretnego znaku: <em>Nos cum prole pia benedicat Virgo Maria<\/em>.<strong><br>\r\n<br>\r\n<\/strong><em><strong>+ Arcybiskup Carlo Maria Vigan<\/strong><strong>o<\/strong><\/em> <br>\r\n15 pa\u017adziernika 2021<strong><br>\r\n<br>\r\n<\/strong><\/p>\r\n<p align=\"left\">\u0179r\u00f3d\u0142o: <a href=\"https:\/\/www.lifesitenews.com\/opinion\/abp-vigano-we-must-pray-the-rosary-daily-to-defend-our-faith-culture-and-end-the-psycho-pandemic\/\"><span style=\"text-decoration: underline;\">Lifesitenews (Oct 17, 2021) &#8211; &#8222;Abp. Vigan\u00f2: We must pray the rosary daily to defend our faith, culture, and end the \u2018psycho-pandemic\u2019&#8221;<\/span><\/a><\/p>\r\n<p align=\"left\">[T\u0142umaczenie:] https:\/\/gloria.tv\/post\/PVxFZavJ8W6734RMSTJ1xAqtu<\/p>","protected":false},"excerpt":{"rendered":"Wszystko, co jest przedstawiane jako uzasadnienie ich dzia\u0142a\u0144, jest zawsze i tylko pretekstem, nie ma nic wsp\u00f3lnego ze zbrodniczymi intencjami. ================= Zabijali zara\u017conych, aby zmusi\u0107 nas do przyj\u0119cia masek, zamkni\u0119cia i godziny policyjnej. 450 lat temu, 7 pa\u017adziernika 1571 roku, chrze\u015bcija\u0144ska flota dowodzona przez Don Juana d&#8217;Austria odnios\u0142a spektakularne zwyci\u0119stwo nad Turkami pod Lepanto w [&hellip;]","protected":false},"author":1,"featured_media":0,"comment_status":"closed","ping_status":"closed","sticky":false,"template":"","format":"standard","meta":{"_acf_changed":false,"_monsterinsights_skip_tracking":false,"_monsterinsights_sitenote_active":false,"_monsterinsights_sitenote_note":"","_monsterinsights_sitenote_category":0,"ngg_post_thumbnail":0,"footnotes":"","_wp_rev_ctl_limit":""},"categories":[13,451,135],"tags":[455,433,414,351,259,20,452,33],"acf":[],"_links":{"self":[{"href":"https:\/\/www.bibula.com\/index.php?rest_route=\/wp\/v2\/posts\/128579"}],"collection":[{"href":"https:\/\/www.bibula.com\/index.php?rest_route=\/wp\/v2\/posts"}],"about":[{"href":"https:\/\/www.bibula.com\/index.php?rest_route=\/wp\/v2\/types\/post"}],"author":[{"embeddable":true,"href":"https:\/\/www.bibula.com\/index.php?rest_route=\/wp\/v2\/users\/1"}],"replies":[{"embeddable":true,"href":"https:\/\/www.bibula.com\/index.php?rest_route=%2Fwp%2Fv2%2Fcomments&post=128579"}],"version-history":[{"count":4,"href":"https:\/\/www.bibula.com\/index.php?rest_route=\/wp\/v2\/posts\/128579\/revisions"}],"predecessor-version":[{"id":128583,"href":"https:\/\/www.bibula.com\/index.php?rest_route=\/wp\/v2\/posts\/128579\/revisions\/128583"}],"wp:attachment":[{"href":"https:\/\/www.bibula.com\/index.php?rest_route=%2Fwp%2Fv2%2Fmedia&parent=128579"}],"wp:term":[{"taxonomy":"category","embeddable":true,"href":"https:\/\/www.bibula.com\/index.php?rest_route=%2Fwp%2Fv2%2Fcategories&post=128579"},{"taxonomy":"post_tag","embeddable":true,"href":"https:\/\/www.bibula.com\/index.php?rest_route=%2Fwp%2Fv2%2Ftags&post=128579"}],"curies":[{"name":"wp","href":"https:\/\/api.w.org\/{rel}","templated":true}]}}