{"id":128358,"date":"2021-10-09T14:24:58","date_gmt":"2021-10-09T18:24:58","guid":{"rendered":"https:\/\/www.bibula.com\/?p=128358"},"modified":"2021-10-09T14:25:52","modified_gmt":"2021-10-09T18:25:52","slug":"prof-piotr-kuna-stracilismy-odpornosc-od-20-lat-nie-widzialem-tylu-zainfekowanych-wirusami-grypy-paragrypy-i-rinowirusami","status":"publish","type":"post","link":"https:\/\/www.bibula.com\/?p=128358","title":{"rendered":"Prof. Piotr Kuna: Stracili\u015bmy odporno\u015b\u0107. Od 20 lat nie widzia\u0142em tylu zainfekowanych wirusami grypy, paragrypy i rinowirusami"},"content":{"rendered":"<p><strong> \u2013 <\/strong><em>Podczas pandemii <\/em><em><strong>u\u017cywali\u015bmy r\u00f3\u017cnego rodzaju <\/strong><\/em><em><strong>\u015brodk\u00f3w dezynfekcyjnych.<\/strong><\/em><em><strong> Ich zu\u017cycie wzros\u0142o kilkukrotnie. <\/strong><\/em><em><strong>Preparaty<\/strong><\/em><em><strong> te zabijaj\u0105 zar\u00f3wno szkodliwe, jak i nieszkodliwe mikroorganizmy dla naszego organizmu. Niszcz\u0105 one nab\u0142onek dr\u00f3g oddechowych, dlatego wirusy mog\u0105 tam \u0142atwiej wnikn\u0105\u0107. Co wi\u0119cej, uszkadzaj\u0105 nos, gard\u0142o<\/strong><\/em><strong> \u2013 <\/strong><strong>m\u00f3wi prof. Kuna w rozmowie z portalem ABC Zdrowie. <\/strong><\/p>\r\n<p>Jego zdaniem podporz\u0105dkowanie spo\u0142ecze\u0144stwa strategii utrzymywania dystansu spo\u0142ecznego przyczyni\u0142o si\u0119 do zmniejszenia liczby zaka\u017ce\u0144 innymi ni\u017c koronawirus patogenami. \u2013 <em><strong>Oznacza to, \u017ce nasz uk\u0142ad odporno\u015bciowy przesta\u0142 \u0107wiczy\u0107, os\u0142ab\u0142 <\/strong><\/em><strong>\u2013 <\/strong>zauwa\u017ca<strong>. \u2013 <\/strong><em><strong>W konsekwencji nie jest on w stanie broni\u0107 si\u0119 przed infekcjami. Co wi\u0119cej, brak aktywno\u015bci fizycznej, oty\u0142o\u015b\u0107, nadwaga, l\u0119k, choroby psychiczne (np. depresja), poczucie samotno\u015bci tak\u017ce negatywnie wp\u0142yn\u0119\u0142y na uk\u0142ad immunologiczny<\/strong><\/em> \u2013 dodaje.<\/p>\r\n<p>Co wi\u0119cej, lekarz przyzna\u0142, \u017ce <strong>do obni\u017cenia odporno\u015bci przyczyni\u0142o si\u0119 tak\u017ce noszenie\u2026 masek.<\/strong> W tym kontek\u015bcie przytoczy\u0142 badania przeprowadzone w Danii. Wynika z nich, \u017ce zas\u0142anianie nosa i ust NIE ZMNIEJSZY\u0141O RYZYKA zaka\u017cenia koronawirusem. \u2013 <em>Zupe\u0142nie inaczej by\u0142o w przypadku innych patogen\u00f3w. Okaza\u0142o si\u0119, \u017ce noszenie maseczki w przestrzeniach otwartych blokowa\u0142o kontakt z innymi mikroorganizmami (\u2026) Maseczka w tym przypadku stanowi barier\u0119 <\/em> \u2013 podkre\u015bli\u0142 prof. Kuna.<\/p>\r\n<p><em>\u0179r\u00f3d\u0142o: portal.abczdrowie.pl PR <\/em><\/p>\r\n<p>\u0179r\u00f3d\u0142o: <a href=\"https:\/\/pch24.pl\/prof-kuna-stracilismy-odpornosc-od-20-lat-nie-widzialem-tylu-zainfekowanych-wirusami-grypy-paragrypy-i-rinowirusami\/\">https:\/\/pch24.pl\/prof-kuna-stracilismy-odpornosc-od-20-lat-nie-widzialem-tylu-zainfekowanych-wirusami-grypy-paragrypy-i-rinowirusami\/<\/a><\/p>\r\n<p class=\"zrodlo\">Za: <a href=\"http:\/\/dakowski.pl\/index.php?option=com_content&amp;task=view&amp;id=32340&amp;Itemid=100\">Strona prof. Miros\u0142awa Dakowskiego (08.10.2021)<\/a><\/p>\r\n<h4>&nbsp;<\/h4>\r\n<hr style=\"background-color: #000000; border-width: 0; color: #000000; height: 2px; line-height: 0; text-align: center; width: 100%;\">\r\n<h4>&nbsp;<\/h4>\r\n<h3>Profesor Ryszarda Chazan: Czas zako\u0144czy\u0107 Pandemi\u0119 Strachu!<\/h3>\r\n<p><strong>Profesor Ryszarda Chazan z Katedry i Kliniki Chor\u00f3b Wewn\u0119trznych Pneumonologii i Alergologii Warszawskiego Uniwersytetu Medycznego apeluje na swojej stronie Facebook, by \u201ezako\u0144czy\u0107 pandemi\u0119 strachu\u201d.<\/strong><\/p>\r\n<p><img fetchpriority=\"high\" decoding=\"async\" class=\"aligncenter\" src=\"https:\/\/nczas.com\/wp-content\/uploads\/2020\/10\/prof-ryszarda-chazan-696x464.jpg\" width=\"746\" height=\"497\"><\/p>\r\n<p style=\"text-align: center;\"><em>Prof. Ryszarda Chazan apeluje, by wr\u00f3ci\u0107 do normalno\u015bci. (Fot. Facebook)<\/em><\/p>\r\n<p>&nbsp;<\/p>\r\n<p><em>\u2013 Czas zako\u0144czy\u0107 Pandemie Strachu! \u2013<\/em> pisze na swoim Facebooku prof. Ryszarda Chazan.<em> \u2013 Wiedza plus samodzielne my\u015blenie, to najlepsze antidotum na opanowanie Pandemii Strachu \u2013 <\/em>twierdzi ekspertka.<br>\r\n<em><br>\r\n\u2013 Ka\u017cdego roku jesieni\u0105 i wiosn\u0105 infekcje dr\u00f3g oddechowych stwierdzano u 30 do 50 tysi\u0119cy os\u00f3b dziennie. Nikogo te\u017c nie dziwi\u0142o, \u017ce wi\u0119cej os\u00f3b choruje jesieni\u0105 ni\u017c latem \u2013<\/em> uwa\u017ca profesor.<\/p>\r\n<p><em>\u2013 Wielu chorych mia\u0142o powik\u0142ania, najcz\u0119\u015bciej by\u0142y to zaostrzenia chor\u00f3b przewlek\u0142ych uk\u0142adu oddechowego oraz zapalenia p\u0142uc. Zapalenia p\u0142uc najcz\u0119\u015bciej zawsze dotyczy\u0142y dzieci i os\u00f3b w wieku podesz\u0142ym. Cz\u0119\u015b\u0107 powik\u0142a\u0144 wymaga zawsze hospitalizacji. W szpitalach zawsze w tym okresie brakowa\u0142o \u0142\u00f3\u017cek, chorzy le\u017celi na dostawach a czasem nawet na korytarzu na materacach. Niekt\u00f3rzy wymagali pobytu w oddziale intensywnej terapii, czasem mechanicznej wentylacji, gdzie \u015bmiertelno\u015b\u0107 zawsze jest wysoka \u2013 <\/em>pisze.<\/p>\r\n<p>Ekspertka dodaje, \u017ce nie pami\u0119ta, \u017ceby \u201ekiedykolwiek w czasie 50 lat mojej pracy w szpitalu , zamkni\u0119to jak\u0105kolwiek plac\u00f3wk\u0119 s\u0142u\u017cby zdrowia\u201d.<\/p>\r\n<p><em>\u2013 Personel medyczny zajmowa\u0142 si\u0119 leczeniem ka\u017cdego pacjenta, bez wzgl\u0119du na rozpoznanie \u2013 <\/em>dodaje.<br>\r\n<em><br>\r\n\u2013 Przywr\u00f3cenie normalnej pracy wszystkich plac\u00f3wek opieki medycznej jest bezwzgl\u0119dnie konieczne, \u017ceby zapobiec tysi\u0105com zgon\u00f3w nadmiarowych, do kt\u00f3rych z pewno\u015bci\u0105 ponownie doprowadzi pandemia strachu \u2013 <\/em>uwa\u017ca prof. Chazan.<br>\r\n<em><br>\r\n\u2013 Nie wspominam ju\u017c o skutkach zamykania dzieci i ludzi w domu do kt\u00f3rych nie ma \u017cadnych racjonalnych przes\u0142anek .<br>\r\nNiestety niepokoi narracja medi\u00f3w, nakr\u0119caj\u0105ca ponownie spirale strachu \u2013<\/em> dodaje.<\/p>\r\n<p>Na koniec ekspertka jeszcze raz apeluje: Stop Pandemii Strachu!!!<\/p>\r\n<p>\u0179r\u00f3d\u0142o: <a href=\"https:\/\/www.facebook.com\/alicja.alba.1\">FB\/Ryszarda Chazan<\/a><\/p>\r\n<p class=\"zrodlo\">Za: <a href=\"https:\/\/nczas.com\/2021\/10\/07\/profesor-ryszarda-chazan-czas-zakonczyc-pandemie-strachu\/\">Najwy\u017cszy Czas! (7 pa\u017adziernika 2021)<\/a><\/p>\r\n<h4>&nbsp;<\/h4>\r\n<hr style=\"background-color: #000000; border-width: 0; color: #000000; height: 2px; line-height: 0; text-align: center; width: 100%;\">\r\n<h4>&nbsp;<\/h4>","protected":false},"excerpt":{"rendered":"\u2013 Podczas pandemii u\u017cywali\u015bmy r\u00f3\u017cnego rodzaju \u015brodk\u00f3w dezynfekcyjnych. Ich zu\u017cycie wzros\u0142o kilkukrotnie. Preparaty te zabijaj\u0105 zar\u00f3wno szkodliwe, jak i nieszkodliwe mikroorganizmy dla naszego organizmu. Niszcz\u0105 one nab\u0142onek dr\u00f3g oddechowych, dlatego wirusy mog\u0105 tam \u0142atwiej wnikn\u0105\u0107. Co wi\u0119cej, uszkadzaj\u0105 nos, gard\u0142o \u2013 m\u00f3wi prof. Kuna w rozmowie z portalem ABC Zdrowie. Jego zdaniem podporz\u0105dkowanie spo\u0142ecze\u0144stwa strategii [&hellip;]","protected":false},"author":1,"featured_media":0,"comment_status":"closed","ping_status":"closed","sticky":false,"template":"","format":"standard","meta":{"_acf_changed":false,"_monsterinsights_skip_tracking":false,"_monsterinsights_sitenote_active":false,"_monsterinsights_sitenote_note":"","_monsterinsights_sitenote_category":0,"ngg_post_thumbnail":0,"footnotes":"","_wp_rev_ctl_limit":""},"categories":[13,451],"tags":[433,105,98,20],"acf":[],"_links":{"self":[{"href":"https:\/\/www.bibula.com\/index.php?rest_route=\/wp\/v2\/posts\/128358"}],"collection":[{"href":"https:\/\/www.bibula.com\/index.php?rest_route=\/wp\/v2\/posts"}],"about":[{"href":"https:\/\/www.bibula.com\/index.php?rest_route=\/wp\/v2\/types\/post"}],"author":[{"embeddable":true,"href":"https:\/\/www.bibula.com\/index.php?rest_route=\/wp\/v2\/users\/1"}],"replies":[{"embeddable":true,"href":"https:\/\/www.bibula.com\/index.php?rest_route=%2Fwp%2Fv2%2Fcomments&post=128358"}],"version-history":[{"count":6,"href":"https:\/\/www.bibula.com\/index.php?rest_route=\/wp\/v2\/posts\/128358\/revisions"}],"predecessor-version":[{"id":128369,"href":"https:\/\/www.bibula.com\/index.php?rest_route=\/wp\/v2\/posts\/128358\/revisions\/128369"}],"wp:attachment":[{"href":"https:\/\/www.bibula.com\/index.php?rest_route=%2Fwp%2Fv2%2Fmedia&parent=128358"}],"wp:term":[{"taxonomy":"category","embeddable":true,"href":"https:\/\/www.bibula.com\/index.php?rest_route=%2Fwp%2Fv2%2Fcategories&post=128358"},{"taxonomy":"post_tag","embeddable":true,"href":"https:\/\/www.bibula.com\/index.php?rest_route=%2Fwp%2Fv2%2Ftags&post=128358"}],"curies":[{"name":"wp","href":"https:\/\/api.w.org\/{rel}","templated":true}]}}