{"id":12784,"date":"2009-08-16T09:39:45","date_gmt":"2009-08-16T14:39:45","guid":{"rendered":"http:\/\/www.bibula.com\/?p=12784"},"modified":"2009-08-16T09:39:45","modified_gmt":"2009-08-16T14:39:45","slug":"kombatanci-przeciwko-nowemu-pomyslowi-mon-porownywanie-wojska-polskie-do-coca-coli-uwlacza-godnosci-naszej-armii","status":"publish","type":"post","link":"https:\/\/www.bibula.com\/?p=12784","title":{"rendered":"Kombatanci przeciwko nowemu pomys\u0142owi MON: &#8222;Por\u00f3wnywanie Wojska Polskie do Coca-Coli uw\u0142acza godno\u015bci naszej armii&#8221;"},"content":{"rendered":"<p>O\u015bwiadczenie kombatant\u00f3w z Krakowa.<\/p>\r\n\r\n<p>Porozumienie Organizacji Kombatanckich i Niepodleg\u0142o\u015bciowych w Krakowie\u00a0 apeluje do ministra obrony narodowej Bogdana Klicha o natychmiastowe zaprzestanie prac nad projektowaniem i wdra\u017caniem tzw. znaku promocyjnego Wojska Polskiego.<\/p>\r\n\r\n<p>Weteran\u00f3w walk o niepodleg\u0142o\u015b\u0107, skupionych w naszym Porozumieniu szczeg\u00f3lnie oburzy\u0142a \u017cenuj\u0105ca wypowied\u017a Micha\u0142a \u0141azowskiego z Departamentu Promocji MON, kt\u00f3ry stwierdzi\u0142 na \u0142amach &#8222;Dziennika&#8221;, \u017ce znak firmowy naszej armii powinien by\u0107 powszechnie rozpoznawalny, &#8222;tak jak Coca-Cola czy Wielka Orkiestra \u015awi\u0105tecznej Pomocy&#8221;.<\/p>\r\n\r\n<p>Por\u00f3wnywanie Wojska Polskiego do Coca-Coli, czy nawet do pi\u0119knej akcji charytatywnej jest dla nas wysoce niestosowne. Jedynym, u\u015bwi\u0119conym wielowiekow\u0105 tradycj\u0105 znakiem naszej armii s\u0105 barwy i god\u0142o pa\u0144stwowe, widniej\u0105ce na jej sztandarach i na \u017co\u0142nierskich mundurach. Za te symbole narodowych imponderabili\u00f3w przelewa\u0142o krew i gin\u0119\u0142o za ojczyzn\u0119 wiele pokole\u0144 Polak\u00f3w.<\/p>\r\n\r\n<p>Por\u00f3wnywanie Wojska Polskie do Coca-Coli uw\u0142acza godno\u015bci naszej armii. Czym\u015b innym jest bowiem \u017co\u0142nierska krew ni\u017c s\u0142odki nap\u00f3j.<\/p>\r\n\r\n<p>Dziwi nas, \u017ce wysoki urz\u0119dnik MON tego nie rozumie, mamy jednak nadziej\u0119, i\u017c m\u0105drzejszy od niego oka\u017ce si\u0119 minister Bogdan Klich, zakazuj\u0105c dalszych prac nad tym projektem.<\/p>\r\n\r\n<p>rzecznik prasowy POKiN<\/p>\r\n\r\n<p><em>dr Jerzy Bukowski hm<\/em><\/p>","protected":false},"excerpt":{"rendered":"O\u015bwiadczenie kombatant\u00f3w z Krakowa. Porozumienie Organizacji Kombatanckich i Niepodleg\u0142o\u015bciowych w Krakowie\u00a0 apeluje do ministra obrony narodowej Bogdana Klicha o natychmiastowe zaprzestanie prac nad projektowaniem i wdra\u017caniem tzw. znaku promocyjnego Wojska Polskiego. Weteran\u00f3w walk o niepodleg\u0142o\u015b\u0107, skupionych w naszym Porozumieniu szczeg\u00f3lnie oburzy\u0142a \u017cenuj\u0105ca wypowied\u017a Micha\u0142a \u0141azowskiego z Departamentu Promocji MON, kt\u00f3ry stwierdzi\u0142 na \u0142amach &#8222;Dziennika&#8221;, \u017ce [&hellip;]","protected":false},"author":1,"featured_media":0,"comment_status":"closed","ping_status":"closed","sticky":false,"template":"","format":"standard","meta":{"_acf_changed":false,"_monsterinsights_skip_tracking":false,"_monsterinsights_sitenote_active":false,"_monsterinsights_sitenote_note":"","_monsterinsights_sitenote_category":0,"ngg_post_thumbnail":0,"footnotes":"","_wp_rev_ctl_limit":""},"categories":[8],"tags":[98],"acf":[],"_links":{"self":[{"href":"https:\/\/www.bibula.com\/index.php?rest_route=\/wp\/v2\/posts\/12784"}],"collection":[{"href":"https:\/\/www.bibula.com\/index.php?rest_route=\/wp\/v2\/posts"}],"about":[{"href":"https:\/\/www.bibula.com\/index.php?rest_route=\/wp\/v2\/types\/post"}],"author":[{"embeddable":true,"href":"https:\/\/www.bibula.com\/index.php?rest_route=\/wp\/v2\/users\/1"}],"replies":[{"embeddable":true,"href":"https:\/\/www.bibula.com\/index.php?rest_route=%2Fwp%2Fv2%2Fcomments&post=12784"}],"version-history":[{"count":0,"href":"https:\/\/www.bibula.com\/index.php?rest_route=\/wp\/v2\/posts\/12784\/revisions"}],"wp:attachment":[{"href":"https:\/\/www.bibula.com\/index.php?rest_route=%2Fwp%2Fv2%2Fmedia&parent=12784"}],"wp:term":[{"taxonomy":"category","embeddable":true,"href":"https:\/\/www.bibula.com\/index.php?rest_route=%2Fwp%2Fv2%2Fcategories&post=12784"},{"taxonomy":"post_tag","embeddable":true,"href":"https:\/\/www.bibula.com\/index.php?rest_route=%2Fwp%2Fv2%2Ftags&post=12784"}],"curies":[{"name":"wp","href":"https:\/\/api.w.org\/{rel}","templated":true}]}}