{"id":127681,"date":"2021-09-01T13:46:57","date_gmt":"2021-09-01T17:46:57","guid":{"rendered":"https:\/\/www.bibula.com\/?p=127681"},"modified":"2021-09-01T17:11:50","modified_gmt":"2021-09-01T21:11:50","slug":"prezydent-duda-na-rozpoczeciu-roku-szkolnego-zachecam-do-tego-aby-zaszczepic-dzieci-wideo","status":"publish","type":"post","link":"https:\/\/www.bibula.com\/?p=127681","title":{"rendered":"Prezydent Duda na rozpocz\u0119ciu roku szkolnego: \u201eZach\u0119cam do tego, aby zaszczepi\u0107 dzieci\u201d"},"content":{"rendered":"<p>W \u015brod\u0119 (1.09.2021) prezydent Andrzej Duda wraz z ma\u0142\u017conk\u0105 Agat\u0105 Kornhauser-Dud\u0105 uczestniczyli w rozpocz\u0119ciu roku szkolnego w Szkole Podstawowej im. Papie\u017ca Jana Paw\u0142a II w Kruszewie. <em>\u2013 Jako prezydent Rzeczypospolitej zach\u0119cam do tego, aby zaszczepi\u0107 dzieci, ale chc\u0119, aby rodzice mieli zapewnione prawo do podj\u0119cia w\u0142asnej decyzji<\/em> \u2013 powiedzia\u0142 PAD.<\/p>\r\n<p>Prezydent \u017cyczy\u0142 uczniom, aby \u201epiel\u0119gnowali r\u00f3wie\u015bnicze relacje, uczyli komunikowania si\u0119 ze sob\u0105 i wymieniania pogl\u0105d\u00f3w\u201d.<strong> <em>\u2013 Nie b\u00f3jcie si\u0119 zadawa\u0107 pyta\u0144<\/em> \u2013 zaapelowa\u0142.<\/strong><\/p>\r\n<p>&nbsp;<\/p>\r\n<p><iframe src=\"https:\/\/www.facebook.com\/plugins\/video.php?height=314&amp;href=https%3A%2F%2Fwww.facebook.com%2Fprezydentpl%2Fvideos%2F2386622094801244%2F&amp;show_text=false&amp;width=560&amp;t=0\" scrolling=\"no\" allowfullscreen=\"allowfullscreen\" data-mce-fragment=\"1\" width=\"560\" height=\"314\" frameborder=\"0\"><\/iframe><\/p>\r\n<p>&nbsp;<\/p>\r\n<p>A zatem celebra odprawiona, \u017cyczenia z\u0142o\u017cone, zach\u0119ta do szczepie\u0144 wyg\u0142oszona. Apel o odwag\u0119 w zadawaniu pyta\u0144 jest w tym ca\u0142ym spektaklu szczeg\u00f3lnie groteskowy. Co odpowiedzia\u0142by prezydent, gdyby kto\u015b odwa\u017cy\u0142 si\u0119 zada\u0107 mu pytanie o to, czy bierze odpowiedzialno\u015b\u0107 za skutki szczepienia w postaci zapalenia mi\u0119\u015bnia sercowego u dziecka, kt\u00f3rego rodzice pos\u0142uchali jego zach\u0119ty? Wielka szkoda, \u017ce nikt nie mu tego pytania nie zada\u0142. Wielka szkoda, \u017ce nikt nie zada\u0142 mu pytania o sens noszenia bezu\u017cytecznych masek, w kt\u00f3rych paradowali uczniowie i nauczyciele. Przykro patrze\u0107 na te zamaskowane dzieci, kt\u00f3rym cyniczni lub og\u0142upieni doro\u015bli zgotowali ten los.<\/p>\r\n<p>\u0179r\u00f3d\u0142o informacji: Kancelaria Prezydenta\/Twitter, Facebook<\/p>","protected":false},"excerpt":{"rendered":"W \u015brod\u0119 (1.09.2021) prezydent Andrzej Duda wraz z ma\u0142\u017conk\u0105 Agat\u0105 Kornhauser-Dud\u0105 uczestniczyli w rozpocz\u0119ciu roku szkolnego w Szkole Podstawowej im. Papie\u017ca Jana Paw\u0142a II w Kruszewie. \u2013 Jako prezydent Rzeczypospolitej zach\u0119cam do tego, aby zaszczepi\u0107 dzieci, ale chc\u0119, aby rodzice mieli zapewnione prawo do podj\u0119cia w\u0142asnej decyzji \u2013 powiedzia\u0142 PAD. Prezydent \u017cyczy\u0142 uczniom, aby \u201epiel\u0119gnowali [&hellip;]","protected":false},"author":1,"featured_media":0,"comment_status":"closed","ping_status":"closed","sticky":false,"template":"","format":"standard","meta":{"_acf_changed":false,"_monsterinsights_skip_tracking":false,"_monsterinsights_sitenote_active":false,"_monsterinsights_sitenote_note":"","_monsterinsights_sitenote_category":0,"ngg_post_thumbnail":0,"footnotes":"","_wp_rev_ctl_limit":""},"categories":[13,451],"tags":[349,433,98,20,452],"acf":[],"_links":{"self":[{"href":"https:\/\/www.bibula.com\/index.php?rest_route=\/wp\/v2\/posts\/127681"}],"collection":[{"href":"https:\/\/www.bibula.com\/index.php?rest_route=\/wp\/v2\/posts"}],"about":[{"href":"https:\/\/www.bibula.com\/index.php?rest_route=\/wp\/v2\/types\/post"}],"author":[{"embeddable":true,"href":"https:\/\/www.bibula.com\/index.php?rest_route=\/wp\/v2\/users\/1"}],"replies":[{"embeddable":true,"href":"https:\/\/www.bibula.com\/index.php?rest_route=%2Fwp%2Fv2%2Fcomments&post=127681"}],"version-history":[{"count":3,"href":"https:\/\/www.bibula.com\/index.php?rest_route=\/wp\/v2\/posts\/127681\/revisions"}],"predecessor-version":[{"id":127715,"href":"https:\/\/www.bibula.com\/index.php?rest_route=\/wp\/v2\/posts\/127681\/revisions\/127715"}],"wp:attachment":[{"href":"https:\/\/www.bibula.com\/index.php?rest_route=%2Fwp%2Fv2%2Fmedia&parent=127681"}],"wp:term":[{"taxonomy":"category","embeddable":true,"href":"https:\/\/www.bibula.com\/index.php?rest_route=%2Fwp%2Fv2%2Fcategories&post=127681"},{"taxonomy":"post_tag","embeddable":true,"href":"https:\/\/www.bibula.com\/index.php?rest_route=%2Fwp%2Fv2%2Ftags&post=127681"}],"curies":[{"name":"wp","href":"https:\/\/api.w.org\/{rel}","templated":true}]}}