{"id":127670,"date":"2021-08-31T18:50:33","date_gmt":"2021-08-31T22:50:33","guid":{"rendered":"https:\/\/www.bibula.com\/?p=127670"},"modified":"2021-08-31T18:50:33","modified_gmt":"2021-08-31T22:50:33","slug":"rozmowa-z-zydem-o-imigracji-stephem-molyneux","status":"publish","type":"post","link":"https:\/\/www.bibula.com\/?p=127670","title":{"rendered":"Rozmowa z \u017bydem o imigracji &#8211; <em>Stephem Molyneux<\/em>"},"content":{"rendered":"<p><strong><em>Molyneux jest dziennikarzem, kt\u00f3ry zosta\u0142 zablokowany przez; Pay Pal, You Tube, Tweeter, SoundCloud itd. W swoich internetowych audycjach rozmawia r\u00f3wnie\u017c&nbsp; z widzami. Oto fragment rozmowy z widzem deklaruj\u0105cym si\u0119 jako \u017byd.<\/em><\/strong><\/p>\r\n<p>&nbsp;<\/p>\r\n<p><strong>Stephan Molyneux (SM):<\/strong>&nbsp; Wielu \u017byd\u00f3w z kt\u00f3rymi rozmawiam, prezentuje bardzo pro-imigracyjn\u0105 postaw\u0119, ale nie dotyczy to Izraela. Czy uwa\u017casz, \u017ce&nbsp; Izrael powinien przyjmowa\u0107 uchod\u017cc\u00f3w z Syrii?<\/p>\r\n<p>&nbsp;<\/p>\r\n<p><strong>Widz (W)<\/strong>: &#8211; &#8230;..Aaaaa&#8230;.eeeee&#8230;..prawdopodobnie nie le\u017cy to w ich interesie&#8230;..<\/p>\r\n<p>&nbsp;<\/p>\r\n<p><strong>SM<\/strong>: &#8211; Nie o to pytam.<\/p>\r\n<p>&nbsp;<\/p>\r\n<p><strong>W<\/strong>: &#8211; &#8230;aaaaaa&#8230;to trudne pytanie &#8230; prawdopodobnie nie powinien.&nbsp;<\/p>\r\n<p>&nbsp;<\/p>\r\n<p><strong>SM<\/strong>: &#8211; Dlaczego? Czy\u017cby\u015bcie nie cenili r\u00f3\u017cnorodno\u015bci? Gdzie wasz multikulturalizm? Co w tym z\u0142ego?&nbsp;<\/p>\r\n<p>&nbsp;<\/p>\r\n<p><strong>W<\/strong>: &#8211; &#8230;.aaaaa&#8230;eeeee&#8230; poniewa\u017c&#8230;eeeeuuuu&#8230; oni chc\u0105 zabi\u0107 ludzi do kt\u00f3rych imigruj\u0105&#8230;ummmm, no nie wiem.<\/p>\r\n<p>&nbsp;<\/p>\r\n<p><strong>SM<\/strong>: &#8211; Dobrze, ale poczekaj chwileczk\u0119&#8230; Przed chwil\u0105 wyg\u0142osi\u0142e\u015b do mnie przemow\u0119 na temat niestosowno\u015bci odpowiedzialno\u015bci zbiorowej, \u017ce ludzi trzeba ocenia\u0107 indywidualnie, a nie przez pryzmat ich przynale\u017cno\u015bci rasowej czy narodowej&#8230;\u017ce niewinny do czasu udowodnienia winy&#8230;Zaraz zaraz, czyli to odnosi si\u0119 tylko do chrze\u015bcijan, tylko do bia\u0142ych&#8230;ale gdy dotyczy to twojego kraju&#8230;.sprawy maja si\u0119 odrobin\u0119 inaczej. Nieprawda\u017c?<\/p>\r\n<p>&nbsp;<\/p>\r\n<p><strong>W<\/strong>: &#8211; No nie m\u00f3wi\u0119, \u017ce Izrael ma prawo do niewpuszczania imigrant\u00f3w, m\u00f3wi\u0119 tylko \u017ce nie le\u017cy to w ich interesie&#8230;yyyyyyy&#8230;..<\/p>\r\n<p>&nbsp;<\/p>\r\n<p><strong>SM<\/strong>: &#8211; Sam widzisz, \u017ce kr\u0119cisz z t\u0105 odpowiedzi\u0105. Nie chc\u0119 by\u0107 z\u0142o\u015bliwy, ale ci\u0119\u017cko tego si\u0119 s\u0142ucha. M\u00f3wicie do nas, \u017ce powinni\u015bmy przyj\u0105\u0107 tych wszystkich muzu\u0142ma\u0144skich uchod\u017ac\u00f3w, no ale gdy to dotyczy Izraela&#8230;to wtedy s\u0142yszymy&#8230;o nie &#8230;.oni chc\u0105 nas pozabija\u0107. To w\u0142a\u015bnie delikatnie m\u00f3wi\u0105c, wkurza nie-\u017cyd\u00f3w i zapewne niekt\u00f3rych \u017byd\u00f3w r\u00f3wnie\u017c. Sk\u0105d bierze si\u0119 to nieustanne \u017c\u0105danie, aby pa\u0144stwa chrze\u015bcija\u0144skie&nbsp; przyjmowa\u0142y tych ludzi, kt\u00f3rych kultury i religie s\u0105 zupe\u0142nie odmienne i nie do pogodzenia z ich w\u0142asn\u0105&#8230;.a Izrael p\u0142aci \u017bydom z Afryki P\u00f3\u0142nocnej aby wyjechali z kraju? Gdzie tutaj sens? To zupe\u0142nie nielogiczne. To podw\u00f3jne standardy.<\/p>\r\n<p>&nbsp;<\/p>\r\n<p><strong>W<\/strong>: &#8211; Wielu \u017byd\u00f3w zosta\u0142o zamordowanych na przestrzeni wiek\u00f3w, na pewno wi\u0119cej ni\u017c przedstawicieli innych religii i nacji, dlatego powinni by\u0107 bardziej chronieni. Taka jest prawdopodobnie odpowied\u017c na twoje pytanie.<\/p>\r\n<p>&nbsp;<\/p>\r\n<p><strong>SM<\/strong>: &#8211; Zastan\u00f3w sie ilu zgine\u0142o chrze\u015bciajn w trakcie podboju muzu\u0142ma\u0144skiego. Ilu chrze\u015bcijan popad\u0142o w muzu\u0142ma\u0144sk\u0105 niewol\u0119, rozmawiamy tutaj o milionach ludzi. Muzu\u0142manie przecie\u017c dotarli do bram Wiednia. Prawdopodobnie dziesi\u0105tki milion\u00f3w chrze\u015bcijan zgine\u0142o z r\u0105k muzu\u0142man\u00f3w w ostatnich 1400 latach. Nie jestem do ko\u0144ca przekonany, \u017ce \u017bydzi wycierpieli najwi\u0119cej podczas wojen i nie s\u0105dz\u0119, \u017ce \u017bydzi powinni by\u0107 traktowani jako jaki\u015b wyj\u0105tek. Poza tym, to raczej nie muzu\u0142manie mordowali \u017byd\u00f3w w Niemczech, no ale je\u015bli chodzi o chrze\u015bcijan, to tych muzu\u0142a\u0144skich zbrodni i zniewolenia wobec nich by\u0142o w historii bardzo du\u017co. Nie rozumiem tych podw\u00f3jnych standard\u00f3w.<\/p>\r\n<p>&nbsp;<\/p>\r\n<p><strong>W<\/strong>: &#8211; Zawiera to w sobie zapewne jaki\u015b czynnik plemienny. Na przyk\u0142ad rabin w moim liceum m\u00f3wi\u0142 aby nie oddawa\u0107 krwi dla nie-\u017cyd\u00f3w, wi\u0119c wydaje mi si\u0119, \u017ce to r\u00f3wnie\u017c odgrywa jak\u0105\u015b rol\u0119.&nbsp;<\/p>\r\n<p>&nbsp;<\/p>\r\n<p><strong>SW<\/strong>: &#8211; Rozumiem, no ale w zwi\u0105zku z tym dlaczego biali europejscy chrze\u015bcijanie nie moga r\u00f3wnie\u017c pos\u0142ugiwa\u0107 si\u0119 tym plemiennym argumentem? Dlaczego \u017bydzi nie powiedz\u0105, rozumiemy was, my te\u017c ich nie chcemy w naszym kraju&#8230;.chyba \u017ce chodzi o to, \u017ce jak p\u00f3jd\u0105 do Europy, to wtedy nie przyjd\u0105 do Izraela&#8230;albo chodzi o zdestabilizowanie kraj\u00f3w, kt\u00f3re mog\u0105 stanowi\u0107 konkurencj\u0119 dla Izraela&#8230;sam nie wiem &#8230;po prostu g\u0142o\u015bno my\u015bl\u0119..<\/p>\r\n<p>&nbsp;<\/p>\r\n<p><strong>W<\/strong>: &#8211; Czyli uwa\u017csz, \u017ce \u017bydzi s\u0105 pro-imigranccy?<\/p>\r\n<p>&nbsp;<\/p>\r\n<p><strong>SM<\/strong>: -Wi\u0119kszo\u015b\u0107 \u017byd\u00f3w zajmuje pozycje lewicowe w polityce, a wi\u0119kszo\u015b\u0107 lewicy jest pro-imigracyjna z wyj\u0105tkiem, gdy ta imigracja mia\u0142aby dotyczy\u0107 Izraela. Przecie\u017c w Izraelu zosta\u0142 wybudowany ogromny mur, kt\u00f3ry jest bardzo skuteczny. O takim samym murze m\u00f3wi si\u0119 w Ameryce i pomys\u0142y takie nie spotykaj\u0105 si\u0119 z jakiego\u015b powodu ze wsparciem lobby \u017cydowskiego. Nie m\u00f3wi\u0105, \u017ce mamy taki mur w Izraelu od lat i \u015bwietnie dzia\u0142a.&nbsp;<\/p>\r\n<p>&nbsp;<\/p>\r\n<p><strong>W<\/strong>: &#8211; &#8230;.\/<em>d\u0142ugie milczenie<\/em>&#8230;<\/p>\r\n<p>&nbsp;<\/p>\r\n<p><strong>SM<\/strong>: &#8211; To powoduje u ludzi podejrzenia&#8230;ja te\u017c nie znam odpowiedzi na te pytania..,je\u015bli nas s\u0142ucha jaki\u015b wyznawca religii moj\u017ceszowej niech zadzwoni&#8230;By\u0107 mo\u017ce sam jako cz\u0142onek wsp\u00f3lnoty \u017cydowskiej tego nie zauwa\u017casz, ale ludzie spoza tej wsp\u00f3lnoty dostrzegaja to przekonanie u \u017byd\u00f3w, \u017ce Izrael musi pozostac \u017cydowski, \u017ce je\u015bli wpu\u015bcimy do Izraela nie-\u017cyd\u00f3w, przestanie to by\u0107 kraj \u017cydowski. No ale gdy rozmawiamy o krajach chrze\u015bcija\u0144skich, to oczywi\u015bcie wszystkie powinny przyjmowa\u0107 imigrant\u00f3w, wszystkich, nawet takich, kt\u00f3rzy was nienawidza, sa zupe\u0142nie odmienni od naszej kultury i nie do pogodzenia z ni\u0105, b\u0119d\u0105 narzuca\u0107 prawo szariatu w naszych s\u0105dach, pojawi\u0105 si\u0119 strefy zagro\u017cenia lub terrory\u015bci wysadzaj\u0105cy nas w powietrze. Niewa\u017cne, macie ich wszystkich przyja\u0107. Ale gdy mowa o Izraelu, to mamy mie\u0107 mur i tylko \u017byd\u00f3w w naszym kraju&#8230;Nie dostrzegasz w tym odrobiny podw\u00f3jnych standard\u00f3w?&nbsp;<\/p>\r\n<p>&nbsp;<\/p>\r\n<p><strong>W<\/strong>: &#8211; Zgadzam si\u0119 zupe\u0142nie.<\/p>\r\n<p>&nbsp;<\/p>\r\n<p><strong>SM<\/strong>: &#8211; Gdy \u017bydzi chc\u0105 aby Izrael pozosta\u0142 \u017cydowski, to okre\u015blaj\u0105 to mianem dumy kulturowej, ale gdy tego samego chc\u0105 biali chrze\u015bcijanie, natychmiast zyskuj\u0105 miano bia\u0142ych rasist\u00f3w i szowinist\u00f3w.&nbsp;<\/p>\r\n<p>&nbsp;<\/p>\r\n<p><strong>W<\/strong>: &#8211; Zgadzam si\u0119 z tym.<\/p>\r\n<p>&nbsp;<\/p>\r\n<p><strong>SM<\/strong>: &#8211; No ale gdyby\u015b tak rozmawia\u0142 ze swoimi \u017cydowskimi znajomymi, zosta\u0142by\u015b uznany z &#8222;gojowskiego kreta&#8221;.&nbsp;<\/p>\r\n<p>&nbsp;<\/p>\r\n<p><strong>W<\/strong>: &#8211; &#8230;\u015bmiech&#8230;<\/p>\r\n<p>&nbsp;<\/p>\r\n<p><strong>SM<\/strong>: &#8211; Powa\u017cnie, ja ci to nawet proponuje, bo mo\u017cesz uczyni\u0107 wiele dobrego dla relacji chrze\u015bcija\u0144sko-\u017cydowskich, je\u015bli znajdziesz jakie\u015b uzasadnienie dla tych podw\u00f3jnych standard\u00f3w i podzielisz si\u0119 tym ze mn\u0105. Pami\u0119taj, jeste\u015b anonimowy, nic ci nie grozi. Gdyby\u015b by\u0142 w stanie uzyska\u0107 takie uzasadnienie, to uspokoi\u0142by\u015b wielu ludzi, kt\u00f3rzy b\u0119d\u0105 s\u0142ucha\u0107 tej rozmowy.&nbsp;<\/p>\r\n<p>&nbsp;<\/p>\r\n<p><strong>W<\/strong>: &#8211; Dobrze, porozmawiam z moimi \u017cydowskimi znajomymi.<\/p>\r\n<p>&nbsp;<\/p>\r\n<p><strong>SM<\/strong>: &#8211; Raczej nie rozmawiaj z rabinem w swoim liceum, bo nie chcia\u0142bym pomysle\u0107, \u017ce jego pogl\u0105dy reprezentuj\u0105 stanowisko wi\u0119kszo\u015bci spo\u0142eczno\u015bci \u017cydowskiej.<\/p>\r\n<p>&nbsp;<\/p>\r\n<p><strong>W<\/strong>: &#8211; Nie zamierzam tego robi\u0107, to by\u0142y najgorsze 4 lata mojego \u017cycia.<\/p>\r\n<p>&nbsp;<\/p>\r\n<p><strong>SM<\/strong>: &#8211; Zapytaj swoich znajomych o sprawy o kt\u00f3rych rozmawiali\u015bmy, to mo\u017ce by\u0107 interesuj\u0105ce.<\/p>\r\n<p>&nbsp;<\/p>\r\n<p><strong>W<\/strong>: &#8211; \u015arodowisko w kt\u00f3rym dorasta\u0142em nie by\u0142o lewicowe, poniewa\u017c by\u0142o to \u015brodowisko religijnych \u017byd\u00f3w. Tacy ludzie nie traktuja lewicuj\u0105cych \u017byd\u00f3w, jako &#8222;kulturowych \u017byd\u00f3w&#8221;.<\/p>\r\n<p>&nbsp;<\/p>\r\n<p><strong>SM<\/strong>: &#8211; Oczywi\u015bcie, ale pomimo tego, oni r\u00f3wnie\u017c nie zach\u0119caliby do imigracji nie-\u017cyd\u00f3w do Izraela. Z tego co wiem, to Izrael nie jest specjalnie bogobojnym pa\u0144stwem i nie przywi\u0105zuje uwagi do religijno\u015bci swoich obywateli. Na przyk\u0142ad wobec imigrant\u00f3w z Rosji stosuj\u0105 testy genetyczne, nie wiem czy w ten spos\u00f3b mo\u017cna wykry\u0107 wiar\u0119 nie m\u00f3wia\u0107 ju\u017c o samym Panu Bogu. Wygl\u0105da na to, \u017ce trzeba wy\u0142\u0105cznie wykaza\u0107 pochodzenie \u017cydowskie aby dosta\u0107 sie do Izraela, nie ma natomiast test\u00f3w dotycz\u0105cych religijno\u015bci. Nie s\u0105dz\u0119 wi\u0119c, \u017ce religia odgrywa\u0142aby jakiekolwiek znaczenie w przypadku imigracji i multikulturalizmu.&nbsp;<\/p>\r\n<p>&nbsp;<\/p>\r\n<p><strong>W<\/strong>: &#8211; Dobrze, zgadzam si\u0119, zostan\u0119 &#8222;kretem&#8221;.<\/p>\r\n<p>&nbsp;<\/p>\r\n<p><strong>SM<\/strong>: &#8211; Dzi\u0119kuje za rozmow\u0119 i powtarzam, \u017ce ta propozycja jest zupe\u0142nie powa\u017cna.<\/p>\r\n<p><em>T\u0142um. S\u0142awomir Soja<\/em><\/p>\r\n<p>&nbsp;<\/p>\r\n<p><iframe title=\"Stephan Molyneux &quot;Jewish hypocrisy on Immigration&quot;\" width=\"800\" height=\"450\" src=\"https:\/\/www.youtube.com\/embed\/FellBK0piyg?feature=oembed\" frameborder=\"0\" allow=\"accelerometer; autoplay; clipboard-write; encrypted-media; gyroscope; picture-in-picture\" allowfullscreen><\/iframe><\/p>\r\n<p>&nbsp;<\/p>\r\n<p>&nbsp;<\/p>","protected":false},"excerpt":{"rendered":"Molyneux jest dziennikarzem, kt\u00f3ry zosta\u0142 zablokowany przez; Pay Pal, You Tube, Tweeter, SoundCloud itd. W swoich internetowych audycjach rozmawia r\u00f3wnie\u017c&nbsp; z widzami. Oto fragment rozmowy z widzem deklaruj\u0105cym si\u0119 jako \u017byd. &nbsp; Stephan Molyneux (SM):&nbsp; Wielu \u017byd\u00f3w z kt\u00f3rymi rozmawiam, prezentuje bardzo pro-imigracyjn\u0105 postaw\u0119, ale nie dotyczy to Izraela. Czy uwa\u017casz, \u017ce&nbsp; Izrael powinien przyjmowa\u0107 [&hellip;]","protected":false},"author":1,"featured_media":0,"comment_status":"closed","ping_status":"closed","sticky":false,"template":"","format":"standard","meta":{"_acf_changed":false,"_monsterinsights_skip_tracking":false,"_monsterinsights_sitenote_active":false,"_monsterinsights_sitenote_note":"","_monsterinsights_sitenote_category":0,"ngg_post_thumbnail":0,"footnotes":"","_wp_rev_ctl_limit":""},"categories":[13,9],"tags":[100,76,61,18,271,20],"acf":[],"_links":{"self":[{"href":"https:\/\/www.bibula.com\/index.php?rest_route=\/wp\/v2\/posts\/127670"}],"collection":[{"href":"https:\/\/www.bibula.com\/index.php?rest_route=\/wp\/v2\/posts"}],"about":[{"href":"https:\/\/www.bibula.com\/index.php?rest_route=\/wp\/v2\/types\/post"}],"author":[{"embeddable":true,"href":"https:\/\/www.bibula.com\/index.php?rest_route=\/wp\/v2\/users\/1"}],"replies":[{"embeddable":true,"href":"https:\/\/www.bibula.com\/index.php?rest_route=%2Fwp%2Fv2%2Fcomments&post=127670"}],"version-history":[{"count":1,"href":"https:\/\/www.bibula.com\/index.php?rest_route=\/wp\/v2\/posts\/127670\/revisions"}],"predecessor-version":[{"id":127671,"href":"https:\/\/www.bibula.com\/index.php?rest_route=\/wp\/v2\/posts\/127670\/revisions\/127671"}],"wp:attachment":[{"href":"https:\/\/www.bibula.com\/index.php?rest_route=%2Fwp%2Fv2%2Fmedia&parent=127670"}],"wp:term":[{"taxonomy":"category","embeddable":true,"href":"https:\/\/www.bibula.com\/index.php?rest_route=%2Fwp%2Fv2%2Fcategories&post=127670"},{"taxonomy":"post_tag","embeddable":true,"href":"https:\/\/www.bibula.com\/index.php?rest_route=%2Fwp%2Fv2%2Ftags&post=127670"}],"curies":[{"name":"wp","href":"https:\/\/api.w.org\/{rel}","templated":true}]}}