{"id":127571,"date":"2021-08-29T16:26:32","date_gmt":"2021-08-29T20:26:32","guid":{"rendered":"https:\/\/www.bibula.com\/?p=127571"},"modified":"2021-08-29T20:54:01","modified_gmt":"2021-08-30T00:54:01","slug":"ks-st-koczwara-papiez-nie-dorasta-do-swojej-roli-bycia-widzialna-glowa-calego-kosciola","status":"publish","type":"post","link":"https:\/\/www.bibula.com\/?p=127571","title":{"rendered":"Ks. St. Koczwara: Papie\u017c nie dorasta do swojej roli bycia widzialn\u0105 g\u0142ow\u0105 ca\u0142ego Ko\u015bcio\u0142a!"},"content":{"rendered":"<p><strong><em>Przypominamy fragmenty homilii wyg\u0142oszonej przez ks. prof. Stanis\u0142awa Koczwar\u0119, kilka miesi\u0119cy temu, wraz z nagraniem wideo.<\/em><\/strong><\/p>\r\n<p>&nbsp;<\/p>\r\n<p class=\"has-drop-cap\">&#8222;Ko\u015bci\u00f3\u0142 katolicki jest teraz na wojnie, kt\u00f3ra si\u0119 szczeg\u00f3lnie obecnie nasili\u0142a. Jest to b\u00f3j o rzecz najwa\u017cniejsz\u0105 o dusz\u0119 cz\u0142owieka, o jego \u017cycie wieczne, czy b\u0119dzie szcz\u0119\u015bliwy, czy przekl\u0119ty. I musi mie\u0107 Ko\u015bci\u00f3\u0142 \u017co\u0142nierzy, czyli wolne dzieci Bo\u017ce, bo tylko tacy wiedz\u0105 o co toczy si\u0119 naprawd\u0119 b\u00f3j. Musi mie\u0107 swojego wodza ziemskiego Ko\u015bcio\u0142a czyli Papie\u017ca, kt\u00f3rego rozkazy s\u0105 tak jasne i Bo\u017ce, \u017ce s\u0105 wykonywane z zapa\u0142em przez poszczeg\u00f3lnych dow\u00f3dc\u00f3w &#8211; biskup\u00f3w, kt\u00f3rzy nie maj\u0105 cienia w\u0105tpliwo\u015bci, \u017ce s\u0105 s\u0142uszne. Podlegli im \u017co\u0142nierze &#8211; kap\u0142ani, widz\u0105c \u017ce dow\u00f3dztwo s\u0142ucha wy\u017cszych z Nieba p\u0142yn\u0105cych rozkaz\u00f3w, z zapa\u0142em walczy o zwyci\u0119stwo, gotowe w ogie\u0144 p\u00f3j\u015b\u0107 za swoich dow\u00f3dzc\u00f3w.<\/p>\r\n<p>A tu mamy sytuacj\u0119, \u017ce ju\u017c na pocz\u0105tku bitwy, w\u00f3dz og\u0142asza kapitulacj\u0119, a dow\u00f3dcy, kt\u00f3rzy na w\u0142asn\u0105 r\u0119k\u0119 pr\u00f3buj\u0105 odwlec kl\u0119sk\u0119, tak naprawd\u0119 nic nie mog\u0105. I trzeba niestety z b\u00f3lem powiedzie\u0107, \u017ce Papie\u017c nie dorasta do swojej roli bycia widzialn\u0105 G\u0142ow\u0105 ca\u0142ego Ko\u015bcio\u0142a. Nie tylko, \u017ce od\u017cegnuje si\u0119 raz po raz od wydawania wi\u0105\u017c\u0105cych decyzji dla ca\u0142ego Ko\u015bcio\u0142a, ale w obecnej sytuacji zachowuje sie jak zagubiony malec, pozostawiaj\u0105c hierarch\u00f3w i wiernych samopas. I mamy kompletny ba\u0142agan.<\/p>\r\n<p>Papie\u017c jest jeszcze winien jednemu: powinien wykorzysta\u0107 sytuacj\u0119 kryzysow\u0105 do wzmocnienia prymatu \u015awi\u0119tego Piotra w ca\u0142ym Ko\u015bciele, powinien wi\u0119c stan\u0105\u0107 na czele zagubionej ludzko\u015bci, wykorzystuj\u0105c te prerogatywy, kt\u00f3re Jezus Chrystus z\u0142o\u017cy\u0142 w Jego Urz\u0105d; i do\u015bwiadczenie jakie wyposa\u017cy\u0142a go dwutysi\u0105cletnia historia sprawowania tego Urz\u0119du na Stolicy \u015bwi\u0119tego Piotra w Rzymie, kt\u00f3ry w wizji papie\u017ca Leona Wielkiego jest G\u0142ow\u0105 \u015awiata, czyli <em>caput mundi<\/em>. [&#8230;]<\/p>\r\n<p>Ale, kochani jest inna, kt\u00f3r\u0105 chc\u0119 tu rozpatrzy\u0107, o wiele bardziej powa\u017cna ni\u017c sobie zdajemy z tego spraw\u0119, bo b\u0119dzie rzutowa\u0107 na ca\u0142y charakter narodu i narodowego my\u015blenia. Mianowicie przyj\u0119cie kodu my\u015blowego w\u0142a\u015bciwego \u017cydom, czyli segregacji. Narzucony przez Pa\u0144stwo limit wiernych uczestnicz\u0105cych we Mszy \u015bwi\u0119tej, maj\u0105 wdro\u017cy\u0107 w \u017cycie kap\u0142ani. I czyni\u0105 to; w naszych parafiach tak si\u0119 dzieje. Segreguj\u0105 wiernych, by zgadza\u0142a si\u0119 liczba os\u00f3b z wytycznymi urz\u0119dnika \u015bwieckiego. I taki <em>prikaz<\/em> i jego wykonywanie nie maj\u0105 nic wsp\u00f3lnego z naszym kodem kulturowym opartym na ewangelicznej mi\u0142o\u015bci bli\u017aniego.<\/p>\r\n<p>Bo to jest to samo co dzieje si\u0119 w krajach zachodnich, gdzie selekcjonuje si\u0119 ludzi do leczenia pod\u0142ug wieku czy przydatno\u015bci produkcyjnej, wi\u0119c starsi musz\u0105 ust\u0105pi\u0107 miejsca m\u0142odszym, sprawnym, by zadowoli\u0107 bezduszne Pa\u0144stwo. Tak post\u0119powali \u017bydzi ze swoimi rodakami w gettach: do gazu wyznaczali biednych, zostawiali bogatych; chorych do wagonu, a zdrowych ocali\u0107; starych do obozu, a m\u0142odych uratowa\u0107. I tak setki tysi\u0119cy \u017byd\u00f3w sz\u0142o na \u015bmier\u0107, wed\u0142ug ich kodu kulturowego, a uratowa\u0142o si\u0119 kilkuset. A ci, kt\u00f3rzy to wykonywali s\u0105 uznawani w tym narodzie za bohater\u00f3w.<\/p>\r\n<p>Tymczasem nasz kod kulturowy, oparty na ewangelicznej mi\u0142o\u015bci bli\u017aniego ka\u017ce nam ratowa\u0107 ka\u017cdego, jak tylko mo\u017cemy. A jak si\u0119 nie da, to odda\u0107 za niego \u017cycie.[&#8230;]<\/p>\r\n<p>Czy chcemy zniszczy\u0107 sw\u00f3j kod kulturowy? Czy kap\u0142ani chc\u0105 wprowadzi\u0107 do Ko\u015bcio\u0142a tak\u0105 praktyk\u0119? Przecie\u017c pozwolenie na limitowanie wiernych w Ko\u015bciele do tego pr\u0119dzej czy p\u00f3\u017aniej doprowadzi. W ludzkim umy\u015ble na trwa\u0142e mo\u017ce zadomowi\u0107 si\u0119 takie my\u015blenie. I duchowni nigdy na to nie powinni pozwoli\u0107, bo to jest zniszczenie ko\u015bci pacierzowej kultury narodowej wyros\u0142ej na Ewangelii.<\/p>\r\n<p>A\u017c chce si\u0119 krzycze\u0107 na ca\u0142e gard\u0142o: kap\u0142ani, biskupi, opami\u0119tajcie si\u0119! Ka\u017cdy biskup powinien jasno powiedzie\u0107 w diecezji swoim kap\u0142anom: nigdy na to nie pozwolimy! Jak trzeba ponie\u015b\u0107 kar\u0119 finansow\u0105, to j\u0105 poniesiemy; jak trzeba p\u00f3j\u015b\u0107 do wi\u0119zienia, to p\u00f3jdziemy, ale do zniszczenia ko\u015bci pacierzowej charakteru narodowego &#8211; nie pozwolimy! Niestety nie ma takiego g\u0142osu i nie ma takiego biskupa. Wi\u0119c niech dalej wprowadzaj\u0105 Dni Judaizmu, niech dalej zara\u017caj\u0105 Ko\u015bci\u00f3\u0142 i Ojczyzn\u0119 jadem segregacji, a\u017c si\u0119 to obr\u00f3ci przeciwko nim. A\u017c porzuc\u0105 was, gdy b\u0119dziecie w potrzebie, jak to robi\u0105 ju\u017c na piekielnym Zachodzie, gdzie hospicja z chorymi opuszcza personel ze strachu przed zara\u017ceniem.<\/p>\r\n<p>Do tego prowadzi bezmy\u015blne pos\u0142usze\u0144stwo zbrodniczym co do duszy Narodu zaleceniom Pa\u0144stwa. [&#8230;]&#8221;<\/p>\r\n<p class=\"podpis_sz\"><em>Trb: Bibula.com<\/em><\/p>\r\n<p>&nbsp;<\/p>\r\n<p><iframe title=\"YouTube video player\" src=\"https:\/\/www.youtube.com\/embed\/IgIYxDRuEzk\" allowfullscreen=\"allowfullscreen\" width=\"560\" height=\"315\" frameborder=\"0\"><\/iframe><\/p>\r\n<p>&nbsp;<\/p>\r\n<p class=\"zrodlo\">\u0179r\u00f3d\u0142o: <a href=\"https:\/\/www.youtube.com\/watch?v=IgIYxDRuEzk&amp;t=313s\">Youtube (Aug 20, 2021) &#8211; &#8222;Ks.S.Koczwara: Papie\u017c nie dorasta do swojej roli bycia widzialn\u0105 g\u0142ow\u0105 ca\u0142ego Ko\u015bcio\u0142a !&#8221;<\/a><\/p>","protected":false},"excerpt":{"rendered":"Przypominamy fragmenty homilii wyg\u0142oszonej przez ks. prof. Stanis\u0142awa Koczwar\u0119, kilka miesi\u0119cy temu, wraz z nagraniem wideo. &nbsp; &#8222;Ko\u015bci\u00f3\u0142 katolicki jest teraz na wojnie, kt\u00f3ra si\u0119 szczeg\u00f3lnie obecnie nasili\u0142a. Jest to b\u00f3j o rzecz najwa\u017cniejsz\u0105 o dusz\u0119 cz\u0142owieka, o jego \u017cycie wieczne, czy b\u0119dzie szcz\u0119\u015bliwy, czy przekl\u0119ty. I musi mie\u0107 Ko\u015bci\u00f3\u0142 \u017co\u0142nierzy, czyli wolne dzieci Bo\u017ce, [&hellip;]","protected":false},"author":1,"featured_media":0,"comment_status":"closed","ping_status":"closed","sticky":false,"template":"","format":"standard","meta":{"_acf_changed":false,"_monsterinsights_skip_tracking":false,"_monsterinsights_sitenote_active":false,"_monsterinsights_sitenote_note":"","_monsterinsights_sitenote_category":0,"ngg_post_thumbnail":0,"footnotes":"","_wp_rev_ctl_limit":""},"categories":[13,5],"tags":[433,301,136,33],"acf":[],"_links":{"self":[{"href":"https:\/\/www.bibula.com\/index.php?rest_route=\/wp\/v2\/posts\/127571"}],"collection":[{"href":"https:\/\/www.bibula.com\/index.php?rest_route=\/wp\/v2\/posts"}],"about":[{"href":"https:\/\/www.bibula.com\/index.php?rest_route=\/wp\/v2\/types\/post"}],"author":[{"embeddable":true,"href":"https:\/\/www.bibula.com\/index.php?rest_route=\/wp\/v2\/users\/1"}],"replies":[{"embeddable":true,"href":"https:\/\/www.bibula.com\/index.php?rest_route=%2Fwp%2Fv2%2Fcomments&post=127571"}],"version-history":[{"count":10,"href":"https:\/\/www.bibula.com\/index.php?rest_route=\/wp\/v2\/posts\/127571\/revisions"}],"predecessor-version":[{"id":127596,"href":"https:\/\/www.bibula.com\/index.php?rest_route=\/wp\/v2\/posts\/127571\/revisions\/127596"}],"wp:attachment":[{"href":"https:\/\/www.bibula.com\/index.php?rest_route=%2Fwp%2Fv2%2Fmedia&parent=127571"}],"wp:term":[{"taxonomy":"category","embeddable":true,"href":"https:\/\/www.bibula.com\/index.php?rest_route=%2Fwp%2Fv2%2Fcategories&post=127571"},{"taxonomy":"post_tag","embeddable":true,"href":"https:\/\/www.bibula.com\/index.php?rest_route=%2Fwp%2Fv2%2Ftags&post=127571"}],"curies":[{"name":"wp","href":"https:\/\/api.w.org\/{rel}","templated":true}]}}