{"id":127507,"date":"2021-08-27T15:00:41","date_gmt":"2021-08-27T19:00:41","guid":{"rendered":"https:\/\/www.bibula.com\/?p=127507"},"modified":"2021-08-27T15:00:41","modified_gmt":"2021-08-27T19:00:41","slug":"ksiadz-z-kostaryki-suspendowany-i-wyslany-do-psychologa-odprawial-nowa-msze-po-lacinie","status":"publish","type":"post","link":"https:\/\/www.bibula.com\/?p=127507","title":{"rendered":"Ksi\u0105dz z Kostaryki suspendowany i wys\u0142any do psychologa. Odprawia\u0142 now\u0105 Msz\u0119 po \u0142acinie"},"content":{"rendered":"<p><strong>Ksi\u0105dz Sixto Eduardo Varela Santamar\u00eda z Kostaryki zosta\u0142 suspendowany i wys\u0142any do poradni psychologicznej. Kar\u0119 na\u0142o\u017cy\u0142 na niego biskup za odprawienie nowej Mszy \u015awi\u0119tej po \u0142acinie.<\/strong><\/p>\r\n<p>Ksi\u0105dz by\u0142 odpowiedzialny za wsp\u00f3lnot\u0119 wiernych przywi\u0105zanych do Tradycji, dla kt\u00f3rej od roku 2019 odprawia\u0142 Msz\u0119 \u015awi\u0119t\u0105 Wszech Czas\u00f3w. <br>\r\nKs. Varela Santamar\u00eda pr\u00f3bowa\u0142 ju\u017c wcze\u015bniej przekona\u0107 biskupa do tego, by nie rozszerza\u0142 ogranicze\u0144 dla diecezji ponad to, co zosta\u0142o ju\u017c ustalone w papieskim motu proprio.<br>\r\nDecyzja kostaryka\u0144skich biskup\u00f3w pozbawi\u0142a setki katolik\u00f3w bez Mszy \u015awi\u0119tej i opieki duszpasterskiej.<\/p>\r\n<p>Biskup diecezji Alaujela w Kostaryce, Bartolom\u00e9 Buigues Oller, suspendowa\u0142 jednego ze swoich kap\u0142an\u00f3w, na sze\u015b\u0107 miesi\u0119cy odsuwaj\u0105c go od pos\u0142ugi. Ksi\u0105dz Sixto Eduardo Varela Santamar\u00eda zosta\u0142 te\u017c wys\u0142any do poradni psychologicznej. Kara zosta\u0142a na\u0142o\u017cona na kap\u0142ana za odprawienie nowej Mszy \u015awi\u0119tej, ale po \u0142acinie i ty\u0142em do ludu.<\/p>\r\n<p>Ks. Varela Santamar\u00eda po tym jak episkopat, wdra\u017caj\u0105c motu proprio Traditionis custodes, zabroni\u0142 odprawiania tradycyjnej Mszy \u015awi\u0119tej, postanowi\u0142 on zgodzi\u0107 si\u0119 na powr\u00f3t do nowej Mszy, jednak celebruj\u0105c j\u0105 po \u0142acinie i przy o\u0142tarzu, przodem do Boga, a nie przy stole.<\/p>\r\n<p>Jak o\u015bwiadczy\u0142 rzecznik kurii, ukarany ks. Varela Santamar\u00eda zosta\u0142 wcze\u015bniej dwukrotnie upomniany za odprawianie Mszy \u015awi\u0119tej po \u0142acinie w swojej parafii. W o\u015bwiadczeniu poinformowano tak\u017ce, \u017ce usuni\u0119cie kap\u0142ana z parafii i <strong>zawieszenie jego dzia\u0142alno\u015bci jest \u015brodkiem, kt\u00f3ry ma przywr\u00f3ci\u0107 jedno\u015b\u0107 Ko\u015bcio\u0142a i zadba\u0107 o dobro ksi\u0119dza<\/strong>, i poproszono o \u201e\u017carliw\u0105 modlitw\u0119\u201d w tej sprawie.[&#8230;]<\/p>\r\n<p class=\"zrodlo\">Ca\u0142o\u015b\u0107: <a href=\"https:\/\/medianarodowe.com\/2021\/08\/27\/ksiadz-z-kostaryki-suspendowany-i-wyslany-do-psychologa-odprawial-nowa-msze-po-lacinie\/\">Media Narodowe (27 sierpnia 2021)<\/a><\/p>","protected":false},"excerpt":{"rendered":"Ksi\u0105dz Sixto Eduardo Varela Santamar\u00eda z Kostaryki zosta\u0142 suspendowany i wys\u0142any do poradni psychologicznej. Kar\u0119 na\u0142o\u017cy\u0142 na niego biskup za odprawienie nowej Mszy \u015awi\u0119tej po \u0142acinie. Ksi\u0105dz by\u0142 odpowiedzialny za wsp\u00f3lnot\u0119 wiernych przywi\u0105zanych do Tradycji, dla kt\u00f3rej od roku 2019 odprawia\u0142 Msz\u0119 \u015awi\u0119t\u0105 Wszech Czas\u00f3w. Ks. Varela Santamar\u00eda pr\u00f3bowa\u0142 ju\u017c wcze\u015bniej przekona\u0107 biskupa do tego, [&hellip;]","protected":false},"author":1,"featured_media":0,"comment_status":"closed","ping_status":"closed","sticky":false,"template":"","format":"standard","meta":{"_acf_changed":false,"_monsterinsights_skip_tracking":false,"_monsterinsights_sitenote_active":false,"_monsterinsights_sitenote_note":"","_monsterinsights_sitenote_category":0,"ngg_post_thumbnail":0,"footnotes":"","_wp_rev_ctl_limit":""},"categories":[13,3],"tags":[472,24,33],"acf":[],"_links":{"self":[{"href":"https:\/\/www.bibula.com\/index.php?rest_route=\/wp\/v2\/posts\/127507"}],"collection":[{"href":"https:\/\/www.bibula.com\/index.php?rest_route=\/wp\/v2\/posts"}],"about":[{"href":"https:\/\/www.bibula.com\/index.php?rest_route=\/wp\/v2\/types\/post"}],"author":[{"embeddable":true,"href":"https:\/\/www.bibula.com\/index.php?rest_route=\/wp\/v2\/users\/1"}],"replies":[{"embeddable":true,"href":"https:\/\/www.bibula.com\/index.php?rest_route=%2Fwp%2Fv2%2Fcomments&post=127507"}],"version-history":[{"count":1,"href":"https:\/\/www.bibula.com\/index.php?rest_route=\/wp\/v2\/posts\/127507\/revisions"}],"predecessor-version":[{"id":127508,"href":"https:\/\/www.bibula.com\/index.php?rest_route=\/wp\/v2\/posts\/127507\/revisions\/127508"}],"wp:attachment":[{"href":"https:\/\/www.bibula.com\/index.php?rest_route=%2Fwp%2Fv2%2Fmedia&parent=127507"}],"wp:term":[{"taxonomy":"category","embeddable":true,"href":"https:\/\/www.bibula.com\/index.php?rest_route=%2Fwp%2Fv2%2Fcategories&post=127507"},{"taxonomy":"post_tag","embeddable":true,"href":"https:\/\/www.bibula.com\/index.php?rest_route=%2Fwp%2Fv2%2Ftags&post=127507"}],"curies":[{"name":"wp","href":"https:\/\/api.w.org\/{rel}","templated":true}]}}