{"id":127,"date":"2006-03-02T00:00:00","date_gmt":"2006-03-02T00:00:00","guid":{"rendered":""},"modified":"-0001-11-30T00:00:00","modified_gmt":"-0001-11-30T04:00:00","slug":"","status":"publish","type":"post","link":"https:\/\/www.bibula.com\/?p=127","title":{"rendered":"Papie\u017c rezygnuje z tradycyjnego tytu\u0142u 'Patriarchy Zachodu&#8217;!"},"content":{"rendered":"<p><span class=\"content_sz\">WATYKAN, 1 marca 2006, (CWNews.com)<\/span> &ndash;  Papie\u017c Benedykt XVI zrezygnowa\u0142 z tradycyjnego tytu\u0142u, kt\u00f3rym pos\u0142ugiwali sie  poprzedni Papie\u017ce od okolo V wieku.\r\nD\u0105\u017c\u0105c do eliminacji kolejnej  &bdquo;przeszkody&rdquo; w procesie ekumenicznym,  Ojciec &#346;wi\u0119ty zrezygnowa\u0142 z tytu\u0142u &#8222;Patriarcha Zachodu&#8221; (<em>Patriarcha  Occidentis<\/em>). Obok innych tytu\u0142\u00f3w Papie\u017ca, tytu\u0142 &#8222;Patriarcha Zachodu&#8221; zosta\u0142 pomini\u0119ty w wydrukowanym przez Watykan, cho\u0107 jeszcze oficjalnie nie rozprowadzonym, Spisie Pontyfikalnym na rok 2006. <\/p>\r\n<p>&nbsp;<\/p>\r\n<p>&nbsp;<\/p>\r\n<p>KOMENTARZ <em>BIBU\u0141Y<\/em>:&nbsp;\r\nKrok po kroku posoborowi papie\u017ce rezygnuj\u0105 z tradycyjnych atrybut\u00f3w urz\u0119du Namiestnika Chrystusa, pozbywaj\u0105c si\u0119 insygni\u00f3w (Pawe\u0142 VI zrezygnowa\u0142 z tiary, a pocz\u0105wszy od Jana Paw\u0142a I zrezygnowano z koronacji papie\u017ca). Wstr\u0119t do tradycji przez Benedykta XVI &#8211; tego, kt\u00f3ry chce uchodzi\u0107 za &#8222;konserwatywnego&#8221; papie\u017ca &#8211; jest wida\u0107  na tyle silny, \u017ce jako pierwszy papie\u017c zrezygnowa\u0142 z umieszczenia tiary w papieskim herbie. Teraz s\u0142yszymy, \u017ce rezygnuje z tytu\u0142u <em>Patriarchy Zachodu<\/em>.\r\n<p>Czekamy, by odda\u0142 Pier\u015bcie\u0144 Rybaka i sprzeda\u0142 na gie\u0142dzie, a pieni\u0105dze &#8222;odda\u0142 dla biednych&#8221;, a najlepiej chorym na AIDS. Wszak to w\u0142a\u015bnie Pawe\u0142 VI, pozbywaj\u0105c si\u0119 insygni\u00f3w papieskich, sprzeda\u0142 tiar\u0119, a &#8222;pieni\u0105dze rozda\u0142 ubogim&#8221;. Tiar\u0119 cudem odzyskano z wt\u00f3rnego rynku spekulacyjnego, odkupiono i jest dzi\u015b umieszczona jako muzealny rekwizyt w katedrze waszyngto\u0144skiej. Taaaak. Masoni waszyngto\u0144scy ciesz\u0105 si\u0119 teraz, \u017ce nie widz\u0105 ju\u017c tiary na g\u0142owach Biskup\u00f3w Rzymu. Ciesz\u0105 si\u0119 te\u017c z rezygnacji ze &#8222;stoj\u0105cego na przeszkodzie&#8221; z &#8222;ko\u015bcio\u0142ami&#8221; wschodnimi w poczcie  chorego ekumenizmu, tradycyjnego tytu\u0142u Papie\u017ca.\r\n<p>Jak wida\u0107 realizuje si\u0119 plan destrukcji Ko\u015bcio\u0142a r\u0119kami  konsekrowanymi &#8211; co przepowiedziane zosta\u0142o w Fatimie. Ko\u015bci\u00f3\u0142 rezygnuje ze swych pryncypi\u00f3w. Dzi\u015b papie\u017c rezygnuje z insygni\u00f3w i tytu\u0142\u00f3w, jutro podzieli si\u0119 w\u0142adz\u0105. Najpierw kolegialn\u0105, z biskupami \u015bwiata, p\u00f3\u017aniej ze schizmatykami i heretykami r\u00f3\u017cnej ma\u015bci.\r\n<p>\r\n","protected":false},"excerpt":{"rendered":"WATYKAN, 1 marca 2006, (CWNews.com) &ndash; Papie\u017c Benedykt XVI zrezygnowa\u0142 z tradycyjnego tytu\u0142u, kt\u00f3rym pos\u0142ugiwali sie poprzedni Papie\u017ce od okolo V wieku. D\u0105\u017c\u0105c do eliminacji kolejnej &bdquo;przeszkody&rdquo; w procesie ekumenicznym, Ojciec &#346;wi\u0119ty zrezygnowa\u0142 z tytu\u0142u &#8222;Patriarcha Zachodu&#8221; (Patriarcha Occidentis). Obok innych tytu\u0142\u00f3w Papie\u017ca, tytu\u0142 &#8222;Patriarcha Zachodu&#8221; zosta\u0142 pomini\u0119ty w wydrukowanym przez Watykan, cho\u0107 jeszcze oficjalnie [&hellip;]","protected":false},"author":1,"featured_media":0,"comment_status":"closed","ping_status":"open","sticky":false,"template":"","format":"standard","meta":{"_acf_changed":false,"_monsterinsights_skip_tracking":false,"_monsterinsights_sitenote_active":false,"_monsterinsights_sitenote_note":"","_monsterinsights_sitenote_category":0,"ngg_post_thumbnail":0,"footnotes":"","_wp_rev_ctl_limit":""},"categories":[3],"tags":[],"acf":[],"_links":{"self":[{"href":"https:\/\/www.bibula.com\/index.php?rest_route=\/wp\/v2\/posts\/127"}],"collection":[{"href":"https:\/\/www.bibula.com\/index.php?rest_route=\/wp\/v2\/posts"}],"about":[{"href":"https:\/\/www.bibula.com\/index.php?rest_route=\/wp\/v2\/types\/post"}],"author":[{"embeddable":true,"href":"https:\/\/www.bibula.com\/index.php?rest_route=\/wp\/v2\/users\/1"}],"replies":[{"embeddable":true,"href":"https:\/\/www.bibula.com\/index.php?rest_route=%2Fwp%2Fv2%2Fcomments&post=127"}],"version-history":[{"count":0,"href":"https:\/\/www.bibula.com\/index.php?rest_route=\/wp\/v2\/posts\/127\/revisions"}],"wp:attachment":[{"href":"https:\/\/www.bibula.com\/index.php?rest_route=%2Fwp%2Fv2%2Fmedia&parent=127"}],"wp:term":[{"taxonomy":"category","embeddable":true,"href":"https:\/\/www.bibula.com\/index.php?rest_route=%2Fwp%2Fv2%2Fcategories&post=127"},{"taxonomy":"post_tag","embeddable":true,"href":"https:\/\/www.bibula.com\/index.php?rest_route=%2Fwp%2Fv2%2Ftags&post=127"}],"curies":[{"name":"wp","href":"https:\/\/api.w.org\/{rel}","templated":true}]}}