{"id":126743,"date":"2021-07-22T15:33:04","date_gmt":"2021-07-22T19:33:04","guid":{"rendered":"https:\/\/www.bibula.com\/?p=126743"},"modified":"2021-07-22T15:39:23","modified_gmt":"2021-07-22T19:39:23","slug":"amerykanska-akademia-pediatryczna-nienawidzi-dzieci","status":"publish","type":"post","link":"https:\/\/www.bibula.com\/?p=126743","title":{"rendered":"Ameryka\u0144ska Akademia Pediatryczna nienawidzi dzieci"},"content":{"rendered":"<p>Ameryka\u0144ska organizacja pediatryczna <em>American Academy of Pediatrics (AAP)<\/em>, skupiaj\u0105ca 62 tysi\u0105ce cz\u0142onk\u00f3w, najcz\u0119\u015bciej lekarzy-pediatr\u00f3w, zaapelowa\u0142a aby wprowadzony zosta\u0142y nakaz &#8222;uniwersalnego maskowania&#8221;, czyli obowi\u0105zku noszenia przez <strong>ka\u017cde dziecko powy\u017cej 2 roku \u017cycia<\/strong> maseczki zas\u0142aniaj\u0105cej usta i nos.<\/p>\r\n<p>Przygotowuj\u0105c si\u0119 do jesiennego powrotu dzieci do szk\u00f3\u0142, AAP rekomenduje wprowadzenie obowi\u0105zku noszenia w szkole (bad\u017a innych o\u015brodkach, jak przedszkola i \u017c\u0142obki) przez dzieci powy\u017cej 2 roku \u017cycia maseczek. W swoim &#8222;<span style=\"text-decoration: underline;\"><a href=\"https:\/\/services.aap.org\/en\/pages\/2019-novel-coronavirus-covid-19-infections\/clinical-guidance\/covid-19-planning-considerations-return-to-in-person-education-in-schools\/\">Przewodniku do bezpiecznych szk\u00f3\u0142<\/a><\/span>&#8221; AAP nie pr\u00f3buje nawet podeprze\u0107 si\u0119 jakimikolwiek podstawami medycznymi mog\u0105cymi uzasadni\u0107 skuteczno\u015b\u0107 maseczek. Brak wyja\u015bnie\u0144 i podstaw jest oczywista, gdy\u017c <strong>nie istnieje na \u015bwiecie ani jedno badanie naukowe<\/strong> mog\u0105ce w najmniejszym nawet stopniu uzasadni\u0107 ten bezwarto\u015bciowy pod wzgl\u0119dem medycznym proceder, jakim jest noszenie maseczek. Istniej\u0105 natomiast solidne badania pokazuj\u0105ce niebezpiecze\u0144stwo noszenia maseczek, kt\u00f3re same w sobie posiadaj\u0105 gro\u017ane substancje, jak i w znacznym stopniu utrudniaj\u0105 oddychanie. Opublikowane w pi\u015bmie <strong><span style=\"text-decoration: underline;\"><a href=\"https:\/\/www.bibula.com\/?p=126187\"><em>JAMA<\/em> badania naukowe<\/a><\/span><\/strong> pokazuj\u0105, \u017ce ju\u017c nawet 3-minutowe noszenie przez dzieci maseczki zwi\u0119ksza poziom dwutlenku w\u0119gla CO<sub>2<\/sub> a\u017c 12-krotnie. Z kolei badania przeprowadzone przez naukowc\u00f3w kanadyjskich w szko\u0142ach i o\u015brodkach opieki dziennej, wykaza\u0142y, \u017ce st\u0119\u017cenie przekraczaj\u0105ce ju\u017c 1000 ppm CO<sub>2<\/sub> wi\u0105za\u0142o si\u0119 z nasileniem objaw\u00f3w i zaburzeniami funkcji poznawczych. Objawy obejmowa\u0142y podra\u017cnienie oczu, gard\u0142a i nosa, a tak\u017ce b\u00f3le g\u0142owy, zm\u0119czenie i zawroty g\u0142owy, a efekty poznawcze obejmowa\u0142y zmniejszon\u0105 koncentracj\u0119, zmniejszon\u0105 wydajno\u015b\u0107 zada\u0144 i obni\u017cone wyniki test\u00f3w. Normalny poziom CO<sub>2<\/sub> w wolnym powietrzu wynosi oko\u0142o 400 cz\u0105stek na milion (ppm), a zaledwie trzyminutowe noszenie maseczki przez dzieci zwi\u0119ksza ten poziom do 25 000 ppm.<\/p>\r\n<p>AAP uczestniczy r\u00f3wnie\u017c w <strong>diabolicznym programie przygotowuj\u0105cym lekarzy do masowego wyszczepiania dzieci<\/strong>. Na pierwszym miejscu g\u0142\u00f3wnej strony AAP zamieszczono &#8222;materia\u0142y informacyjne&#8221; dla lekarzy-pediatr\u00f3w &#8222;<em>Preparing your practice for the COVID-19 vaccine for children<\/em>&#8222;, propaguj\u0105ce wyszczepianie dzieci preparatem reklamowanym jako &#8222;szczepionka przeciwko Covid-19&#8221;, kt\u00f3ra masowa zabija doros\u0142ych i powoduje powa\u017cne zaburzenia kr\u0105\u017cenia u m\u0142odzie\u017cy.<\/p>\r\n<p>Ameryka\u0144ska organizacja <strong>anty-<\/strong>pediatryczna promuje r\u00f3wnie\u017c &#8222;chirurgiczne interwencje&#8221; u dorastaj\u0105cych dzieci, kt\u00f3re wprowadzone w b\u0142\u0105d i zdezorientowane chcia\u0142yby &#8222;zmieni\u0107 p\u0142e\u0107&#8221;.<\/p>\r\n<p>W ostatnich latach niemal wszystkie najwa\u017cniejsze organizacje &#8222;medyczne&#8221;, skupiaj\u0105ce &#8222;najwi\u0119ksze autorytety&#8221; stan\u0119\u0142y po stronie anty-nauki i zaszkodzeniu dobru cz\u0142owieka. Ich dzia\u0142ania oraz milczenie szeregowych lekarzy spowodowa\u0142o spadek zaufania do zawodu lekarza, utrat\u0119 zaufania do instytucji rz\u0105dowych i pozarz\u0105dowych oraz dewaluacj\u0119 nauki, kt\u00f3ra przeradza si\u0119 w narz\u0119dzie ideologiczne.<\/p>\r\n<p class=\"zrodlo\">Oprac. www.bibula.com<br>\r\n2021-07-22<br>\r\nna podstawie <a href=\"https:\/\/www.lifesitenews.com\/news\/american-academy-of-pediatrics-schoolchildren-aged-2-and-over-ought-to-be-forced-to-wear-masks\">Lifesitenews<\/a><\/p>","protected":false},"excerpt":{"rendered":"Ameryka\u0144ska organizacja pediatryczna American Academy of Pediatrics (AAP), skupiaj\u0105ca 62 tysi\u0105ce cz\u0142onk\u00f3w, najcz\u0119\u015bciej lekarzy-pediatr\u00f3w, zaapelowa\u0142a aby wprowadzony zosta\u0142y nakaz &#8222;uniwersalnego maskowania&#8221;, czyli obowi\u0105zku noszenia przez ka\u017cde dziecko powy\u017cej 2 roku \u017cycia maseczki zas\u0142aniaj\u0105cej usta i nos. Przygotowuj\u0105c si\u0119 do jesiennego powrotu dzieci do szk\u00f3\u0142, AAP rekomenduje wprowadzenie obowi\u0105zku noszenia w szkole (bad\u017a innych o\u015brodkach, jak [&hellip;]","protected":false},"author":1,"featured_media":0,"comment_status":"closed","ping_status":"closed","sticky":false,"template":"","format":"standard","meta":{"_acf_changed":false,"_monsterinsights_skip_tracking":false,"_monsterinsights_sitenote_active":false,"_monsterinsights_sitenote_note":"","_monsterinsights_sitenote_category":0,"ngg_post_thumbnail":0,"footnotes":"","_wp_rev_ctl_limit":""},"categories":[13,451,7],"tags":[433,105,20,221,452],"acf":[],"_links":{"self":[{"href":"https:\/\/www.bibula.com\/index.php?rest_route=\/wp\/v2\/posts\/126743"}],"collection":[{"href":"https:\/\/www.bibula.com\/index.php?rest_route=\/wp\/v2\/posts"}],"about":[{"href":"https:\/\/www.bibula.com\/index.php?rest_route=\/wp\/v2\/types\/post"}],"author":[{"embeddable":true,"href":"https:\/\/www.bibula.com\/index.php?rest_route=\/wp\/v2\/users\/1"}],"replies":[{"embeddable":true,"href":"https:\/\/www.bibula.com\/index.php?rest_route=%2Fwp%2Fv2%2Fcomments&post=126743"}],"version-history":[{"count":8,"href":"https:\/\/www.bibula.com\/index.php?rest_route=\/wp\/v2\/posts\/126743\/revisions"}],"predecessor-version":[{"id":126751,"href":"https:\/\/www.bibula.com\/index.php?rest_route=\/wp\/v2\/posts\/126743\/revisions\/126751"}],"wp:attachment":[{"href":"https:\/\/www.bibula.com\/index.php?rest_route=%2Fwp%2Fv2%2Fmedia&parent=126743"}],"wp:term":[{"taxonomy":"category","embeddable":true,"href":"https:\/\/www.bibula.com\/index.php?rest_route=%2Fwp%2Fv2%2Fcategories&post=126743"},{"taxonomy":"post_tag","embeddable":true,"href":"https:\/\/www.bibula.com\/index.php?rest_route=%2Fwp%2Fv2%2Ftags&post=126743"}],"curies":[{"name":"wp","href":"https:\/\/api.w.org\/{rel}","templated":true}]}}