{"id":1267,"date":"2007-10-15T00:00:00","date_gmt":"2007-10-15T00:00:00","guid":{"rendered":""},"modified":"-0001-11-30T00:00:00","modified_gmt":"-0001-11-30T04:00:00","slug":"","status":"publish","type":"post","link":"https:\/\/www.bibula.com\/?p=1267","title":{"rendered":"Zbrodniarze na piedestale"},"content":{"rendered":"<p><em>Pi\u0119\u0107 tysi\u0119cy Ukrai\u0144c\u00f3w wysz\u0142o wczoraj na ulice Kijowa, domagaj\u0105c si\u0119  przyznania praw kombatanckich cz\u0142onkom Ukrai\u0144skiej Powsta\u0144czej Armii  (UPA). Gloryfikacja zbrodniczej formacji odpowiedzialnej za masakr\u0119  Polak\u00f3w na Wo\u0142yniu odbywa si\u0119 przy pe\u0142nym poparciu ukrai\u0144skich w\u0142adz  spod znaku &#8222;pomara\u0144czowej koalicji&#8221;, kt\u00f3re nie ustaj\u0105 w tworzeniu kultu  UPA oraz rehabilitacji jej cz\u0142onk\u00f3w. Przekonywanie w tej sytuacji do  idei polsko-ukrai\u0144skiego pojednania wydaje si\u0119 nieporozumieniem.<\/em><br \/>\r\n  <br \/>\r\n  &#8211;  UPA powinna by\u0107 uznana za stron\u0119 walcz\u0105c\u0105 w II wojnie \u015bwiatowej,  poniewa\u017c jej celem by\u0142a niepodleg\u0142o\u015b\u0107 Ukrainy. UPA nie walczy\u0142a pod  Krakowem, Warszaw\u0105 czy Moskw\u0105. Walczy\u0142a na swojej ziemi &#8211; grzmia\u0142  podczas wczorajszych uroczysto\u015bci O\u0142eh Tiahnybok, przewodnicz\u0105cy  skrajnie nacjonalistycznej partii Swoboda. Oddzia\u0142y milicyjnego  specnazu podzieli\u0142y Kij\u00f3w na dwie cz\u0119\u015bci &#8211; w jednej, do\u015b\u0107 skromnie,  mityngowali socjali\u015bci odrzucaj\u0105cy wybielanie UPA, w drugiej obok  pomnika Bohdana Chmielnickiego nacjonali\u015bci ukrai\u0144scy domagali si\u0119 praw  kombatanckich dla weteran\u00f3w UPA. &#8222;UPA i SS&#8221;, &#8222;Faszyzm ukrai\u0144ski nie  przejdzie!&#8221; &#8211; skandowali jedni. &#8222;OUN-UPA &#8211; pa\u0144stwowe uznanie!&#8221;,  &#8222;Szuchewycz &#8211; bohater Ukrainy!&#8221; &#8211; mo\u017cna by\u0142o us\u0142ysze\u0107 w szeregach  drugich.<br \/>\r\n  Po tym, jak prezydent Ukrainy Wiktor Juszczenko og\u0142osi\u0142  dekret &#8222;O \u015bwi\u0105tecznych obchodach 65-lecia powo\u0142ania UPA&#8221; i poleci\u0142  przyspieszenie prac przy budowie lwowskiego pomnika wata\u017cki formacji  Romana Szuchewycza, spadkobiercy OUN-UPA znacznie zaktywizowali akcje  gloryfikowania ugrupowania uznawanego przez historyk\u00f3w za ludob\u00f3jcze.  Dla cz\u0119\u015bci ukrai\u0144skich polityk\u00f3w prezydencki dekret z 12 pa\u017adziernika  to krok do pe\u0142nej rehabilitacji UPA, kt\u00f3ra podczas<br \/>\r\n  II wojny  \u015bwiatowej wsp\u00f3\u0142pracowa\u0142a z hitlerowskimi Niemcami i jest odpowiedzialna  za etniczne czystki, a tak\u017ce za mordowanie swoich oponent\u00f3w w szeregach  Ukrai\u0144c\u00f3w. <br \/>\r\n  Proprezydencki blok Nasza Ukraina &#8211; Ludowa Samoobrona  (NU &#8211; LS) robi wszystko, \u017ceby oficjalnie uzna\u0107 upowc\u00f3w za narodowych  bohater\u00f3w. Borys Tarasiuk, by\u0142y minister spraw zagranicznych i jeden z  decydent\u00f3w NU &#8211; LS, w przededniu \u015bwi\u0119towania 65. rocznicy powstania UPA  w Kijowie na pytanie, czy jego apel o uznanie organizacji za stron\u0119  walcz\u0105c\u0105 o niepodleg\u0142o\u015b\u0107 Ukrainy z Niemcami i Sowietami nie zaszkodzi  stosunkom polsko-ukrai\u0144skim, odpowiedzia\u0142: &#8222;Dlaczego mia\u0142by zaszkodzi\u0107?  W naszych relacjach dawno ju\u017c postawiono wszystkie kropki nad i,  przyjmuj\u0105c formu\u0142\u0119: przebaczamy i prosimy o przebaczenie&#8221;. <br \/>\r\n  Jednym  z czo\u0142owych punkt\u00f3w obchod\u00f3w 65. rocznicy powstania UPA by\u0142o  ods\u0142oni\u0119cie we Lwowie pomnika Stepana Bandery &#8211; symbolu upowskiego  ludob\u00f3jstwa na wo\u0142y\u0144skich Polakach.<br \/>\r\n  &#8211; Stawianie pomnik\u00f3w ludob\u00f3jcom  z OUN-UPA i inne przedsi\u0119wzi\u0119cia zmierzaj\u0105ce do rehabilitacji jej  cz\u0142onk\u00f3w \u015bwiadcz\u0105 o niskim poziomie moralnym elit ukrai\u0144skich i  szerokich kr\u0119g\u00f3w spo\u0142ecznych wspieraj\u0105cych te akcje, a tak\u017ce o ich  antypolskim nastawieniu &#8211; zauwa\u017ca Ewa Siemaszko, autorka prac o  ludob\u00f3jstwie UPA na Wo\u0142yniu. Jej zdaniem, powinno da\u0107 to do my\u015blenia  polskim politykom, kt\u00f3rzy nie ustaj\u0105 w wysi\u0142kach na rzecz wprowadzenia  Ukrainy do &#8222;europejskiej rodziny&#8221;. Ukrai\u0144cy s\u0105 podzieleni w swoim  stosunku do UPA. Glori\u0105 bohater\u00f3w otaczaj\u0105 organizacj\u0119 przewa\u017cnie  mieszka\u0144cy zachodnich obwod\u00f3w. Tak\u017ce wczoraj do Kijowa wielu  demonstrant\u00f3w przyjecha\u0142o autokarami ze Lwowa czy Tarnopola.  Najbardziej liczny na Ukrainie o\u015brodek nacjonalist\u00f3w we Lwowie korzysta  z silnego finansowego wsparcia ze strony diaspory ukrai\u0144skiej w  Kanadzie i USA. To ona w du\u017cej cz\u0119\u015bci przyczyni\u0142a si\u0119 do wzniesienia  lwowskiego pomnika Bandery. &#8211; Gloryfikacja UPA, kt\u00f3r\u0105 coraz silniej  obserwujemy na Ukrainie, odbywa si\u0119 przy milcz\u0105cej zgodzie polskich  w\u0142adz. Ta bierna postawa powoduje, \u017ce integralny nacjonalizm ukrai\u0144ski  otrzymuje zielone \u015bwiat\u0142o dla propagandy UPA i jej wata\u017ck\u00f3w, kt\u00f3rzy  maj\u0105 na sumieniu tysi\u0105ce ofiar eksterminacji Narodu Polskiego na  Kresach Po\u0142udniowo-Wschodnich II Rzeczypospolitej &#8211; twierdzi politolog  ukrai\u0144ski Oleksandr Majstrenko.<\/p>\r\n<p align=\"left\"> <br \/>\r\n  <strong><em>Eugeniusz Tuzow-Luba\u0144ski, Kij\u00f3w<\/em><\/strong><br \/>\r\n  <br \/>\r\n<p align=\"center\"><img decoding=\"async\" src=\"http:\/\/www.naszdziennik.pl\/php\/hr99.gif\" align=\"middle\" \/><br \/>\r\n<\/p>\r\n  <p>&nbsp;<\/p>\r\n  <br \/>\r\n  <strong>Oleksandr Majstrenko, politolog ukrai\u0144ski:<\/strong><br \/>\r\n  Gloryfikacja  UPA, kt\u00f3r\u0105 coraz silniej obserwujemy na Ukrainie, odbywa si\u0119 przy  milcz\u0105cej zgodzie polskich w\u0142adz. Ta bierna postawa powoduje, \u017ce  integralny nacjonalizm ukrai\u0144ski otrzymuje zielone \u015bwiat\u0142o dla  propagandy UPA i jej wata\u017ck\u00f3w, kt\u00f3rzy maj\u0105 na sumieniu tysi\u0105ce ofiar  eksterminacji Narodu Polskiego na Kresach Po\u0142udniowo-Wschodnich II  Rzeczypospolitej. Taka pozycja Polski nie sprzyja normalnym stosunkom  polsko-ukrai\u0144skim. Pami\u0119tajmy, \u017ce nie wszyscy Ukrai\u0144cy wspieraj\u0105  OUN-UPA.<br \/>\r\n  <strong>not. ETL<\/strong><br \/>\r\n  <br \/>\r\n  <strong>Prof. Miros\u0142aw Popowycz, dyrektor Instytutu Filozofii Akademii Nauk Ukrainy:<\/strong><br \/>\r\n  Liderzy  Naszej Ukrainy nie chc\u0105 u\u015bwiadomi\u0107 sobie, \u017ce bycie spadkobiercami  OUN-UPA to nonsens. Politycy spod znaku &#8222;pomara\u0144czowej koalicji&#8221; tworz\u0105  mity OUN-UPA w spos\u00f3b podobny, jak to czynili bolszewicy dla  konsolidacji spo\u0142ecze\u0144stwa. Banderowcy mieli prawo broni\u0107 w\u0142asnej  ojczyzny przed wrogiem, ale nie mo\u017cna milcze\u0107 o masakrach na cywilach,  kt\u00f3re maj\u0105 na sumieniu upowcy. Organizacja Ukrai\u0144skich Nacjonalist\u00f3w  by\u0142a organizacj\u0105 faszystowsk\u0105 i wchodzi\u0142a do faszystowskiego ruchu  mi\u0119dzynarodowego, i trzeba to przyj\u0105\u0107 do wiadomo\u015bci.<br \/>\r\n  <strong>not. ETL<\/strong><\/p>\r\n<p>&nbsp;<\/p>\r\n<p>Za: <a class=\"content_sz\" href =\"http:\/\/www.naszdziennik.pl\/index.php?typ=sw&amp;dat=20071015&amp;id=sw11.txt\" target=\"_blank\">Nasz Dziennik, Poniedzia\u0142ek, 15 pa\u017adziernika 2007, Nr 241 (2954)<\/a><\/p>\r\n<p>&nbsp;<\/p>\r\n\r\n","protected":false},"excerpt":{"rendered":"Pi\u0119\u0107 tysi\u0119cy Ukrai\u0144c\u00f3w wysz\u0142o wczoraj na ulice Kijowa, domagaj\u0105c si\u0119 przyznania praw kombatanckich cz\u0142onkom Ukrai\u0144skiej Powsta\u0144czej Armii (UPA). Gloryfikacja zbrodniczej formacji odpowiedzialnej za masakr\u0119 Polak\u00f3w na Wo\u0142yniu odbywa si\u0119 przy pe\u0142nym poparciu ukrai\u0144skich w\u0142adz spod znaku &#8222;pomara\u0144czowej koalicji&#8221;, kt\u00f3re nie ustaj\u0105 w tworzeniu kultu UPA oraz rehabilitacji jej cz\u0142onk\u00f3w. Przekonywanie w tej sytuacji do idei [&hellip;]","protected":false},"author":1,"featured_media":0,"comment_status":"closed","ping_status":"open","sticky":false,"template":"","format":"standard","meta":{"_acf_changed":false,"_monsterinsights_skip_tracking":false,"_monsterinsights_sitenote_active":false,"_monsterinsights_sitenote_note":"","_monsterinsights_sitenote_category":0,"ngg_post_thumbnail":0,"footnotes":"","_wp_rev_ctl_limit":""},"categories":[6],"tags":[],"acf":[],"_links":{"self":[{"href":"https:\/\/www.bibula.com\/index.php?rest_route=\/wp\/v2\/posts\/1267"}],"collection":[{"href":"https:\/\/www.bibula.com\/index.php?rest_route=\/wp\/v2\/posts"}],"about":[{"href":"https:\/\/www.bibula.com\/index.php?rest_route=\/wp\/v2\/types\/post"}],"author":[{"embeddable":true,"href":"https:\/\/www.bibula.com\/index.php?rest_route=\/wp\/v2\/users\/1"}],"replies":[{"embeddable":true,"href":"https:\/\/www.bibula.com\/index.php?rest_route=%2Fwp%2Fv2%2Fcomments&post=1267"}],"version-history":[{"count":0,"href":"https:\/\/www.bibula.com\/index.php?rest_route=\/wp\/v2\/posts\/1267\/revisions"}],"wp:attachment":[{"href":"https:\/\/www.bibula.com\/index.php?rest_route=%2Fwp%2Fv2%2Fmedia&parent=1267"}],"wp:term":[{"taxonomy":"category","embeddable":true,"href":"https:\/\/www.bibula.com\/index.php?rest_route=%2Fwp%2Fv2%2Fcategories&post=1267"},{"taxonomy":"post_tag","embeddable":true,"href":"https:\/\/www.bibula.com\/index.php?rest_route=%2Fwp%2Fv2%2Ftags&post=1267"}],"curies":[{"name":"wp","href":"https:\/\/api.w.org\/{rel}","templated":true}]}}