{"id":126597,"date":"2021-07-19T13:20:14","date_gmt":"2021-07-19T17:20:14","guid":{"rendered":"https:\/\/www.bibula.com\/?p=126597"},"modified":"2021-07-19T14:23:33","modified_gmt":"2021-07-19T18:23:33","slug":"bp-romuald-kaminski-zawiesil-tymczasowo-liturgie-wedlug-nadzwyczajnej-formy-rytu-rzymskiego","status":"publish","type":"post","link":"https:\/\/www.bibula.com\/?p=126597","title":{"rendered":"Bp Romuald Kami\u0144ski zawiesi\u0142 tymczasowo liturgie wed\u0142ug nadzwyczajnej formy rytu rzymskiego"},"content":{"rendered":"<p><strong><em>Nasz Dziennik z rado\u015bci\u0105 informuje:<\/em><\/strong><\/p>\r\n<p>&#8222;[&#8230;] W swoim li\u015bcie do prezbiter\u00f3w i wiernych bp Kami\u0144ski napisa\u0142, \u017ce zgodnie z decyzj\u0105 papie\u017ca jest zobowi\u0105zany do wyznaczenia miejsc sprawowania liturgii wed\u0142ug nadzwyczajnej formy rytu rzymskiego dopiero po konsultacjach z proboszczami tych parafii, w kt\u00f3rych dotychczas je sprawowano, <strong>aby si\u0119 upewni\u0107 si\u0119, \u017ce \u201enie by\u0142y to wsp\u00f3lnoty, w kt\u00f3rych podwa\u017cano wa\u017cno\u015b\u0107 i prawowito\u015b\u0107 reformy liturgicznej<\/strong>, nakaz\u00f3w Soboru Watyka\u0144skiego II i Magisterium papie\u017cy\u201d.<\/p>\r\n<p>Po drugie, biskup przypomnia\u0142, \u017ce <strong>od dnia 16 lipca 2021 r. prezbiterzy utracili prawo sprawowania liturgii w rycie nadzwyczajnym.<\/strong> Biskup poprosi\u0142, by kap\u0142ani, kt\u00f3rzy chc\u0105 j\u0105 nadal celebrowa\u0107, zwr\u00f3cili si\u0119 do niego z pisemn\u0105 pro\u015bb\u0105 o zgod\u0119 do ko\u0144ca sierpnia 2021 r. [&#8230;]<\/p>\r\n<p>Na zako\u0144czenie bp Romuald Kami\u0144ski oznajmi\u0142, \u017ce \u201edo czasu wskazania miejsca, gdzie celebrowana b\u0119dzie Eucharystia wed\u0142ug Msza\u0142u Rzymskiego z 1962 r. oraz powo\u0142ania prezbitera, kt\u00f3ry b\u0119dzie sprawowa\u0142 opiek\u0119 duszpastersk\u0105 nad t\u0105 grup\u0105, <strong>zawieszone zostaj\u0105 na terenie diecezji warszawsko-praskiej wszelkie liturgie wed\u0142ug nadzwyczajnej formy rytu rzymskiego<\/strong>\u201d. [&#8230;]<\/p>\r\n<p>AB, KAI&#8221;<\/p>\r\n<p class=\"zrodlo\">Ca\u0142o\u015b\u0107: <a href=\"https:\/\/naszdziennik.pl\/polska\/240570,bp-romuald-kaminski-zawiesil-tymczasowo-liturgie-wedlug-nadzwyczajnej-formy-rytu-rzymskiego.html\">Nasz Dziennik (19 lipca 2021)<\/a><\/p>\r\n<p><img fetchpriority=\"high\" decoding=\"async\" class=\"aligncenter\" src=\"https:\/\/upload.wikimedia.org\/wikipedia\/commons\/d\/d5\/Romuald_Kami%C5%84ski.jpg\" width=\"703\" height=\"527\"><\/p>\r\n<p style=\"text-align: center;\"><strong><em>Biskup Romuald Kami\u0144ski<\/em><\/strong><\/p>\r\n<p class=\"podpis_sz\" style=\"text-align: center;\">Photo source: <a href=\"https:\/\/en.wikipedia.org\/wiki\/Romuald_Kami%C5%84ski#\/media\/File:Romuald_Kami%C5%84ski.jpg\">wikipedia<\/a><\/p>\r\n<h4>&nbsp;<\/h4>\r\n<hr style=\"background-color: #000000; border-width: 0; color: #000000; height: 2px; line-height: 0; text-align: center; width: 100%;\">\r\n<h4>&nbsp;<\/h4>\r\n<h1>Podpisz Petycj\u0119 &#8222;Do Papie\u017ca Franciszka&#8221;<\/h1>\r\n<h2>&#8222;Show Pope Francis the Latin Mass will survive any suppression&#8221;<br>\r\n<br>\r\n<\/h2>\r\n<p>Petycja LIFEPetitions zorganizowana przez <span style=\"text-decoration: underline;\"><a href=\"https:\/\/lifepetitions.com\/petition\/sign-show-pope-francis-the-latin-mass-will-survive-any-suppression\">LifeSiteNews<\/a><\/span><\/p>\r\n<div class=\"c-petition-engagement o-sidebar__container o-sidebar__container--no-padding\">\r\n<div class=\"c-petition-engagement__wrapper\">\r\n<div id=\"petition-text-ctr\" class=\"petition-text-ctr animate__animated animate__slideInLeft animate__faster\">\r\n<div id=\"petition-text-inside\" class=\"petition-text-inside\">\r\n<blockquote>\r\n<p><span class=\"petition-text-header\">PETITION TO<\/span><br>\r\n<strong>Pope Francis<\/strong><\/p>\r\n<p>Your Holiness,&nbsp;<br>\r\n<br>\r\nAs lay people dedicated to Christ and His Church, we urge you to reconsider your unjust and scandalous treatment of&nbsp;the Traditional Latin Mass. WE URGE you to have regard for the many souls who benefit spiritually from the Ancient Rite.<br>\r\n<br>\r\nThe Traditional Latin Mass has been a source of unity for the Catholic Church&nbsp;for more than 1500 years, producing great saints, repentant&nbsp;sinners, and souls won for Christ across the world.<\/p>\r\n<p>To attempt to restrict the Traditional Latin Mass&nbsp;as a new generation&nbsp;are&nbsp;rediscovering the treasures of&nbsp;God&#8217;s Church will inevitably cause further division and hurt among the faithful, risking the loss of some souls who will regretfully turn away.&nbsp;<\/p>\r\n<p>We are concerned for your own soul Holy Father. We love you and&nbsp;hope that, with your cardinals, you will&nbsp;follow the <em>sensus fidelium<\/em> and reinstate the Mass of the Ages to its proper place in the Catholic Church.<\/p>\r\n<p>Yours sincerely in Christ.&nbsp;<\/p>\r\n<h4><span style=\"text-decoration: underline;\"><strong><a href=\"https:\/\/lifepetitions.com\/petition\/sign-show-pope-francis-the-latin-mass-will-survive-any-suppression\">Sign this PETITION here<\/a><\/strong><\/span><\/h4>\r\n<\/blockquote>\r\n<\/div>\r\n<\/div>\r\n<\/div>\r\n<\/div>\r\n<h4>&nbsp;<\/h4>\r\n<hr style=\"background-color: #000000; border-width: 0; color: #000000; height: 2px; line-height: 0; text-align: center; width: 100%;\">\r\n<h4>&nbsp;<\/h4>","protected":false},"excerpt":{"rendered":"Nasz Dziennik z rado\u015bci\u0105 informuje: &#8222;[&#8230;] W swoim li\u015bcie do prezbiter\u00f3w i wiernych bp Kami\u0144ski napisa\u0142, \u017ce zgodnie z decyzj\u0105 papie\u017ca jest zobowi\u0105zany do wyznaczenia miejsc sprawowania liturgii wed\u0142ug nadzwyczajnej formy rytu rzymskiego dopiero po konsultacjach z proboszczami tych parafii, w kt\u00f3rych dotychczas je sprawowano, aby si\u0119 upewni\u0107 si\u0119, \u017ce \u201enie by\u0142y to wsp\u00f3lnoty, w [&hellip;]","protected":false},"author":1,"featured_media":0,"comment_status":"closed","ping_status":"closed","sticky":false,"template":"","format":"standard","meta":{"_acf_changed":false,"_monsterinsights_skip_tracking":false,"_monsterinsights_sitenote_active":false,"_monsterinsights_sitenote_note":"","_monsterinsights_sitenote_category":0,"ngg_post_thumbnail":0,"footnotes":"","_wp_rev_ctl_limit":""},"categories":[13,5],"tags":[301,98,24,33],"acf":[],"_links":{"self":[{"href":"https:\/\/www.bibula.com\/index.php?rest_route=\/wp\/v2\/posts\/126597"}],"collection":[{"href":"https:\/\/www.bibula.com\/index.php?rest_route=\/wp\/v2\/posts"}],"about":[{"href":"https:\/\/www.bibula.com\/index.php?rest_route=\/wp\/v2\/types\/post"}],"author":[{"embeddable":true,"href":"https:\/\/www.bibula.com\/index.php?rest_route=\/wp\/v2\/users\/1"}],"replies":[{"embeddable":true,"href":"https:\/\/www.bibula.com\/index.php?rest_route=%2Fwp%2Fv2%2Fcomments&post=126597"}],"version-history":[{"count":9,"href":"https:\/\/www.bibula.com\/index.php?rest_route=\/wp\/v2\/posts\/126597\/revisions"}],"predecessor-version":[{"id":126606,"href":"https:\/\/www.bibula.com\/index.php?rest_route=\/wp\/v2\/posts\/126597\/revisions\/126606"}],"wp:attachment":[{"href":"https:\/\/www.bibula.com\/index.php?rest_route=%2Fwp%2Fv2%2Fmedia&parent=126597"}],"wp:term":[{"taxonomy":"category","embeddable":true,"href":"https:\/\/www.bibula.com\/index.php?rest_route=%2Fwp%2Fv2%2Fcategories&post=126597"},{"taxonomy":"post_tag","embeddable":true,"href":"https:\/\/www.bibula.com\/index.php?rest_route=%2Fwp%2Fv2%2Ftags&post=126597"}],"curies":[{"name":"wp","href":"https:\/\/api.w.org\/{rel}","templated":true}]}}