{"id":126576,"date":"2021-07-19T10:54:26","date_gmt":"2021-07-19T14:54:26","guid":{"rendered":"https:\/\/www.bibula.com\/?p=126576"},"modified":"2021-07-19T11:07:21","modified_gmt":"2021-07-19T15:07:21","slug":"skutki-uboczne-po-szczepionkach-przeciwko-covid-19-przypadki-kristi-dobbs-i-maddie-de-garay","status":"publish","type":"post","link":"https:\/\/www.bibula.com\/?p=126576","title":{"rendered":"Skutki uboczne po &#8222;szczepionkach przeciwko COVID-19&#8221;: przypadki Kristi Dobbs i Maddie de Garay"},"content":{"rendered":"<div class=\"entry-content\">\r\n<p><strong><em>Senator Ron Johnson i Ken Ruettgers zorganizowali 28 czerwca 2021 roku konferencj\u0119 prasow\u0105 z rodzinami, kt\u00f3re chc\u0105 by\u0107 \u201ewidziane, s\u0142yszane i \u017ceby spo\u0142eczno\u015b\u0107 medyczna im uwierzy\u0142a\u201d po tym, jak dozna\u0142y niepo\u017c\u0105danych efekt\u00f3w ubocznych na eksperymentalne terapie genowe, tzn. szczepionki na COVID. <\/em><\/strong><em>[zob. m.in. <\/em><em><span style=\"text-decoration: underline;\"><a href=\"https:\/\/www.bibula.com\/?p=126230\">tutaj<\/a><\/span><\/em><em>]<\/em><strong><em><br>\r\n<\/em><\/strong><\/p>\r\n<p><strong> <img fetchpriority=\"high\" decoding=\"async\" class=\"aligncenter size-full wp-image-19145\" src=\"https:\/\/pubmedinfo.org\/wp-content\/uploads\/2021\/07\/Skutki-uboczne-po-szczepionkach-przeciwko-COVID-19-Kristi-Dobbs.jpg\" sizes=\"(min-width: 0px) and (max-width: 480px) 480px, (min-width: 481px) 600px, 100vw\" srcset=\"https:\/\/pubmedinfo.org\/wp-content\/uploads\/2021\/07\/Skutki-uboczne-po-szczepionkach-przeciwko-COVID-19-Kristi-Dobbs.jpg 600w, https:\/\/pubmedinfo.org\/wp-content\/uploads\/2021\/07\/Skutki-uboczne-po-szczepionkach-przeciwko-COVID-19-Kristi-Dobbs-480x281.jpg 480w\" alt=\"Skutki uboczne po szczepionkach przeciwko COVID-19 - Kristi Dobbs\" width=\"600\" height=\"351\"><\/strong><\/p>\r\n<h4>&nbsp;<\/h4>\r\n<h4><strong>Skutki uboczne po szczepionkach przeciwko COVID-19<\/strong><\/h4>\r\n<p><strong>Kristi Dobbs:<\/strong> Z racji wykonywania takiego, a nie innego zawodu, od zawsze by\u0142am zwolenniczk\u0105 nauki i szczepie\u0144. W chwili zaszczepienia by\u0142am w pe\u0142ni zdrow\u0105, 39-letnia kobiet\u0105. Ceni\u0142am sobie aktywno\u015b\u0107 na \u015bwie\u017cym powietrzu, podr\u00f3\u017cowanie i sp\u0119dzanie czasu z rodzin\u0105. Uwielbiam tak\u017ce swoj\u0105 prace w ciesz\u0105cej si\u0119 powodzeniem klinice pediatryczno-dentystycznej. Przed otrzymaniem szczepionki nie bra\u0142am \u017cadnych lek\u00f3w, co wi\u0119cej, nigdy nie mia\u0142am COVID-19, co potwierdzaj\u0105 wyniki stosownych test\u00f3w.<\/p>\r\n<p>W styczniu moje \u017cycie uleg\u0142o dramatycznej zmianie<strong>. Zaraz po otrzymaniu zastrzyku poczu\u0142am dziwne sw\u0119dzenie i wra\u017cenie cierpni\u0119cia w ramieniu. Dozna\u0142am nag\u0142ych palpitacji serca, mia\u0142am wra\u017cenie, \u017ce zaraz zemdlej\u0119.<\/strong> Przepraszam.<\/p>\r\n<p><strong>Mia\u0142am tak wysokie ci\u015bnienie krwi, \u017ce nie wiem jakim cudem nie mia\u0142am udaru<\/strong>. Nie pami\u0119tam dok\u0142adnie, jaka to by\u0142a konkretnie warto\u015b\u0107. Jako stomatolog zawsze przed zabiegiem dokonuje u swoich pacjent\u00f3w doros\u0142ych pomiaru ci\u015bnienia. M\u00f3j wynik wtedy by\u0142 tak wysoki, \u017ce ba\u0142am si\u0119, \u017ce co\u015b ze mn\u0105 nie tak i powa\u017cnie. Ostatecznie m\u00f3j stan si\u0119 unormowa\u0142, lekarz monitorowa\u0142 mnie przez standardowe 15 minut i dodatkowe 30 minut po zastrzyku. M\u00f3j stan wr\u00f3ci\u0142 do normy, wi\u0119c odes\u0142ano mnie do domu.<\/p>\r\n<p>Po powrocie do domu zacz\u0119\u0142am odczuwa\u0107 zawroty g\u0142owy i md\u0142o\u015bci, przez kolejne kilka dni bezustannie bola\u0142a mnie g\u0142owa i generalnie czu\u0142am si\u0119 \u017ale. Wszystkie te objawy by\u0142y wymienione w podpisanym przeze mnie formularzu zgody na przyj\u0119cie szczepionki. Ale 3 dni p\u00f3\u017aniej objawy nasili\u0142y si\u0119 i zacz\u0119\u0142y post\u0119powa\u0107.<\/p>\r\n<p><strong>W okolicach \u0142opatek odczuwa\u0142am kuj\u0105cy, ostry b\u00f3l, co\u015b zbli\u017conego do b\u00f3lu od rany k\u0142utej zadawanej no\u017cem. Odczuwa\u0142am sw\u0119dzenie na ca\u0142ym ciele i wiotczenie obu ko\u0144czy g\u00f3rnych.<\/strong><\/p>\r\n<p><strong>Wr\u00f3ci\u0142y palpitacje serca, drgawki ca\u0142ego organizmu, jakie\u015b wewn\u0119trzne drgania. Aby opisa\u0107 wra\u017cenie wibracji wewn\u0105trz cia\u0142a, to mo\u017cna to przyr\u00f3wna\u0107 do uczucia jakby wstrz\u0105s elektryczny przep\u0142ywa\u0142 przez ca\u0142e cia\u0142o. To troch\u0119 tak jak by\u0107 permanentnie przywi\u0105zanym do fotela wibracyjnego do masa\u017cu, kt\u00f3ry nigdy nie przestaje dzia\u0142a\u0107.<\/strong><\/p>\r\n<p>Mam drgawki w r\u0119kach, co napawa mnie obaw\u0105, \u017ce by\u0107 mo\u017ce ju\u017c nigdy nie b\u0119d\u0119 mog\u0142a wr\u00f3ci\u0107 do pracy w gabinecie dentystycznym. Podobnie jak Sherryl boj\u0119 si\u0119, \u017ce mo\u017ce si\u0119 okaza\u0107, \u017ce mam jakie\u015b zaburzenie neurologiczne, jak np. choroba Parkinsona.<\/p>\r\n<p>Lekarze wykluczyli stwardnienie rozsiane, ale te\u017c <strong>nie postawili mi \u017cadnej diagnozy. Lekarze jedynie w stanie s\u0105 okre\u015bli\u0107, co mi nie dolega. Mam powi\u0119kszone w\u0119z\u0142y ch\u0142onne, zmagam si\u0119 z mg\u0142\u0105 m\u00f3zgow\u0105. Objawy mg\u0142y m\u00f3zgowej s\u0105 u mnie tak silne, \u017ce zdarza mi si\u0119 traci\u0107 nagle przytomno\u015b\u0107 podczas rozmowy z inn\u0105 osob\u0105, a gdy staram si\u0119 odtworzy\u0107 przebieg tej rozmowy, to trafiam na pustk\u0119.<\/strong><\/p>\r\n<p>Powi\u0119kszone naczynia ch\u0142onne, s\u0142abo\u015b\u0107 mi\u0119\u015bniowa, wysypki o nieznanym pod\u0142o\u017cu. Doznawa\u0142am konwulsji i napad\u00f3w drgawek w \u015brodku nocy i moja 6-letni c\u00f3rka by\u0142a zmuszona w \u015brodku nocy wytrz\u0105sa\u0107 mnie z ataku. \u017baden 6-latek nie powinien czego\u015b takiego do\u015bwiadczy\u0107.<\/p>\r\n<p>R\u00f3wnie\u017c stwierdzono u mnie <strong>du\u017ce zakrzepy, mam obfite krwawienia menstruacyjne. Ba\u0142am si\u0119 tak bardzo, \u017ce dos\u0142ownie napisa\u0142am ju\u017c testament, kt\u00f3ry mam tutaj ze sob\u0105 oraz nekrolog dla mojej rodziny, poniewa\u017c boj\u0119 si\u0119, \u017ce nast\u0119pnego dnia by\u0107 mo\u017ce ju\u017c si\u0119 nie obudz\u0119.<\/strong><\/p>\r\n<p>Zg\u0142osi\u0142am mojej objawy do V-safe, do systemu zg\u0142aszania niepo\u017c\u0105danych odczyn\u00f3w poszczepiennych VAERS, do CDC, FDA i Pfizera. Wys\u0142a\u0142am tak\u017ce informacje do dw\u00f3ch s\u0142ynnych plac\u00f3wek badawczych, a tak\u017ce skontaktowa\u0142am si\u0119 z presti\u017cowymi uniwersytetami. Zmagam si\u0119 z tymi problemami ju\u017c 5 miesi\u0119cy. Te ostatnie 5 miesi\u0119cy to pasmo ci\u0105g\u0142ych, doskwieraj\u0105cych problem\u00f3w neurologicznych. Ka\u017cdy kolejny dzie\u0144 jest jak sytuacja w filmie \u201eDzie\u0144 \u015bwistaka\u201d, ka\u017cdej nocy k\u0142ad\u0105c si\u0119 do snu modl\u0119 si\u0119 w nadziei, \u017ce jutro wszystko wr\u00f3ci do normy. Ale tak si\u0119 nie dzieje. Robiono mi mn\u00f3stwo test\u00f3w, wi\u0119cej, ni\u017c do\u015bwiadcza przeci\u0119tna osoba na takim etapie \u017cycia.<\/p>\r\n<p><strong>Robiono mi rentgena, badania krwi, rezonans magnetyczny, tomografi\u0119, USG, EEG i wiele innych. Po dzi\u015b dzie\u0144 spo\u0142eczno\u015b\u0107 lekarska nie jest w stanie okre\u015bli\u0107, co mi dolega i pom\u00f3c mi wr\u00f3ci\u0107 do zdrowia.<\/strong> Boj\u0119 si\u0119 o swoj\u0105 przysz\u0142o\u015b\u0107, ale wci\u0105\u017c mam nadziej\u0119.<\/p>\r\n<p>Dlatego jestem dzi\u015b tutaj i dziel\u0119 si\u0119 moj\u0105 histori\u0105. To wcale nie jest dla mnie \u0142atwe, ale mam nadziej\u0119, \u017ce nasze schorzenia b\u0119d\u0105 badane naukowo, mam nadziej\u0119, \u017ce uda si\u0119 znale\u017a\u0107 rozwi\u0105zanie mog\u0105ce nas wyleczy\u0107. Tylko tego chc\u0119. Odda\u0142abym wszystko, odda\u0142abym wszystkie swoje oszcz\u0119dno\u015bci, by m\u00f3c wr\u00f3ci\u0107 do tego dnia, 17 stycznia i unikn\u0105\u0107 tego, co mnie spotka\u0142o. I po trzecie, osoby, kt\u00f3re cierpi\u0105 z tego powodu oraz osoby, kt\u00f3re do\u015bwiadcz\u0105 losu podobnego do naszego, poniewa\u017c te szczepienia jeszcze si\u0119 nie zako\u0144czy\u0142y, \u017ce osoby te skorzystaj\u0105 na naszym dzisiejszym wyst\u0105pieniu.<\/p>\r\n<p>Wycierpieli\u015bmy ju\u017c wystarczaj\u0105co du\u017co. S\u0105dz\u0119, \u017ce zas\u0142u\u017cyli\u015bmy sobie na ten czas danym nam dzisiaj tutaj i jeste\u015bmy wdzi\u0119czne, \u017ce po\u015bwi\u0119cili Pa\u0144stwo sw\u00f3j czas dla nas. Zas\u0142u\u017cyli\u015bmy sobie na uwag\u0119, tak, jak ma to w\u0142a\u015bnie dzisiaj w tym miejscu i wys\u0142uchanie nas, co w\u0142a\u015bnie Pa\u0144stwo czyni\u0105. Potrzeba, aby\u015bcie nam uwierzyli.<\/p>\r\n<p>To jest najwi\u0119kszy problem. Chcemy, aby\u015bcie nam uwierzyli, \u017ce to si\u0119 dzieje naprawd\u0119. Jeste\u015bmy obywatelami ameryka\u0144skimi z krwi i ko\u015bci, prawdziwymi osobami do\u015bwiadczaj\u0105cymi tych niepo\u017c\u0105danych odczyn\u00f3w. Dzi\u0119kuj\u0119 Pa\u0144stwu w\u0142a\u015bnie za to.<\/p>\r\n<p>\u2013 Nieco bli\u017cej\u2026 bli\u017cej ust.<\/p>\r\n<p><img decoding=\"async\" class=\"aligncenter  wp-image-19146\" src=\"https:\/\/pubmedinfo.org\/wp-content\/uploads\/2021\/07\/Skutki-uboczne-po-szczepionkach-przeciwko-COVID-19-Maddie-de-Garay.jpg\" sizes=\"(min-width: 0px) and (max-width: 480px) 480px, (min-width: 481px) 600px, 100vw\" srcset=\"https:\/\/pubmedinfo.org\/wp-content\/uploads\/2021\/07\/Skutki-uboczne-po-szczepionkach-przeciwko-COVID-19-Maddie-de-Garay.jpg 600w, https:\/\/pubmedinfo.org\/wp-content\/uploads\/2021\/07\/Skutki-uboczne-po-szczepionkach-przeciwko-COVID-19-Maddie-de-Garay-480x270.jpg 480w\" alt=\"Skutki uboczne po szczepionkach przeciwko COVID-19 - Maddie de Garay\" width=\"705\" height=\"396\"><\/p>\r\n<p><strong>Stephanie de Garay:<\/strong> Dobrze. Po pierwsze pragn\u0119 podzi\u0119kowa\u0107 senatorowi Johnsonowi za danie mi szansy na podzielenie si\u0119 przypadkiem mojej c\u00f3rki Maddie, za wol\u0119 wys\u0142uchania jej historii. To nie jest dla mnie \u0142atwe i jak nie trudno zauwa\u017cy\u0107, bardzo emocjonalne prze\u017cycie, tak wi\u0119c odczytam to, co napisa\u0142am, by nie gubi\u0107 w\u0105tku.<\/p>\r\n<p>Mam na imi\u0119 Stephanie, a to moja c\u00f3rka, Maddie. Mieszkamy w Ohio. 20 stycznia Maddie otrzyma\u0142a 2. dawk\u0119 szczepionki przeciwko COVID-19 produkcji Pfizera w ramach test\u00f3w klinicznych dla ochotnik\u00f3w z grupy wiekowej od 12 do 17 roku \u017cycia.<\/p>\r\n<p>Ka\u017cde z tr\u00f3jki naszych dzieci zg\u0142osi\u0142o si\u0119 na ochotnika do tych test\u00f3w klinicznych, aby pom\u00f3c nam wszystkich wr\u00f3ci\u0107 do normalnego \u017cycia. M\u00f3j m\u0105\u017c pracuje w obszarze zwi\u0105zanym z medycyn\u0105, a ja jestem z wykszta\u0142cenia elektrotechnikiem. Oboje jeste\u015bmy zwolennikami szczepie\u0144 i nauki. Zgodzili\u015bmy si\u0119, by Maddie wraz z dwoma starszymi bra\u0107mi wzi\u0119\u0142a udzia\u0142 w badaniach klinicznych [eksperymentalnej terapii genowej].<\/p>\r\n<p>Przed otrzymaniem drugiej dawki szczepionki Maddie by\u0142a zdrow\u0105 12-latk\u0105. W szkole mia\u0142a same 5-tki, mia\u0142a mn\u00f3stwo przyjaci\u00f3\u0142, mia\u0142a \u017cycie, by\u0142a pe\u0142na energii, nie to co teraz. Nadal jednak ma mn\u00f3stwo przyjaci\u00f3\u0142. <strong>Natychmiast po otrzymaniu drugiej dawki Maddie odczu\u0142a b\u00f3l w miejscu wykonania zastrzyku. W trakcie kolejnych 24 godzin Maddie odczuwa\u0142a ostre b\u00f3le w okolicy brzucha i klatki piersiowe<\/strong>j, kt\u00f3re opisa\u0142a, te b\u00f3le klatki piersiowej, tu cytat:<\/p>\r\n<p><strong><em>\u201eCzuj\u0119 si\u0119 tak, jakby wyrywano mi serce przez szyj\u0119\u201d.<\/em><\/strong><\/p>\r\n<p><strong>Mia\u0142a bolesne drgawki w okolicach szyi i kr\u0119gos\u0142upa, kt\u00f3re powodowa\u0142y, \u017ce musia\u0142a porusza\u0107 si\u0119 zgarbiona. Mia\u0142a ostre b\u00f3le w palcach r\u0105k i n\u00f3g, kt\u00f3re dos\u0142ownie robi\u0142y si\u0119 blade i zimne w dotyku. Mia\u0142a obrz\u0119ki\u2026<\/strong><\/p>\r\n<p>Zabrali\u015bmy j\u0105 z m\u0119\u017cem na oddzia\u0142 ratunkowy tak, jak poinstruowa\u0142a nas piel\u0119gniarka podaj\u0105ca szczepionk\u0119, co by\u0142o cz\u0119\u015bci\u0105 standardowego protoko\u0142u w takich przypadkach. Pobrano jej krew do test\u00f3w wydolno\u015bci nerkowej. Wykonano jej badanie w kierunku zapalenia wyrostka robaczkowego, kt\u00f3ry ju\u017c dawno jej usuni\u0119to. Podano jej kropl\u00f3wk\u0119 i p\u00f3\u017aniej odes\u0142ano do domu.<\/p>\r\n<p><strong>W wypisie ze szpitala dzieci\u0119cego do kt\u00f3rego zosta\u0142a przyj\u0119ta w rubryczce \u201ediagnoza\u201d widnia\u0142o: <em>\u201eNiepo\u017c\u0105dany odczyn poszczepienny \u2013 pierwsze leczenie\u201d<\/em> To pierwszy i jedyny taki wpis w jej dokumentacji medycznej.<\/strong><\/p>\r\n<p>Przez nast\u0119pne 2 czy 3 miesi\u0105ce b\u00f3le w okolicy brzucha, mi\u0119\u015bni i nerw\u00f3w sta\u0142y si\u0119 dla c\u00f3rki trudne do wytrzymania. Pojawi\u0142y si\u0119 kolejne objawy, takie jak <strong><a href=\"https:\/\/pl.wikipedia.org\/wiki\/Gastropareza\" target=\"_blank\" rel=\"noopener nofollow external noreferrer\" data-wpel-link=\"external\">gastropareza<\/a>, md\u0142o\u015bci i wymioty, niestabilno\u015b\u0107 ci\u015bnienia krwi i rytmu serca, utrata pami\u0119ci, mylenie s\u0142\u00f3w, mg\u0142a m\u00f3zgowa, b\u00f3le i zawroty g\u0142owy, omdlenia \u2013 raz upadaj\u0105c skaleczy\u0142a sobie g\u0142ow\u0119 \u2013 oraz napady padaczkowe. Pojawi\u0142y si\u0119 tiki werbalne i motoryczne.<\/strong><\/p>\r\n<p>C\u00f3rka <strong>straci\u0142a czucie od talii w d\u00f3\u0142 oraz mia\u0142a os\u0142abione mi\u0119\u015bnie. Drastyczne zmiany w widzeniu, problemy z retencj\u0105 moczu i kontrol\u0105 p\u0119cherza, bardzo nieregularne i intensywne cykle menstruacyjne. <\/strong><\/p>\r\n<p>I w ko\u0144cu <strong>koniecznym sta\u0142o si\u0119 karmienie c\u00f3rki za pomoc\u0105 zg\u0142\u0119bnika nosowo-\u017co\u0142\u0105dkowego. <\/strong>Wszystkie wymienione symptomy nadal wyst\u0119puj\u0105, raz bardziej, raz mniej nasilone.<\/p>\r\n<p>Najtrudniejszym by\u0142 moment, kiedy lekarze zacz\u0119li rozwa\u017ca\u0107 alternatywn\u0105 diagnoz\u0119, pierwsz\u0105 w\u0142a\u015bciwie, gdy\u017c wcze\u015bniej nie postawiono jej \u017cadnej.<\/p>\r\n<p>Podobnie jak w przypadku pozosta\u0142ych os\u00f3b tutaj obecnych, wykonano jej mn\u00f3stwo test\u00f3w, ale znacznie mniej, ni\u017c w przypadku obecnych tutaj os\u00f3b, a jest ona przecie\u017c dzieckiem. Dlaczego nie wykonano jej tych wszystkich test\u00f3w? Przepraszam.<\/p>\r\n<p><strong>Poniewa\u017c lekarze nie mogli dociec, co jej dolega, jeden z lekarzy zasugerowa\u0142, \u017ce cierpi na zesp\u00f3\u0142 czynno\u015bciowych objaw\u00f3w neurologicznych sugeruj\u0105c, \u017ce przyczyn\u0105 s\u0105 stany l\u0119kowe.<\/strong><\/p>\r\n<p>Nasza reakcja by\u0142 natychmiastowa. Nie mogli\u015bmy zgodzi\u0107 si\u0119 z t\u0105 diagnoz\u0105. <strong>Jakie stany l\u0119kowe? Sp\u00f3jrzcie na ni\u0105, to spokojna, 13-letnia dziewczyna, jakie l\u0119ki czy problemy psychiczne? <\/strong>Raz nawet <strong>zasugerowano, by skierowa\u0107 j\u0105 do szpitala dla psychicznie chorych.<\/strong> Tak wi\u0119c postanowili\u015bmy zasi\u0119gn\u0105\u0107 rady u innych medyk\u00f3w, niekt\u00f3rzy to to osoby z tej grupy.<\/p>\r\n<p>W czerwcu bogatsi o t\u0119 wiedz\u0119 skontaktowali\u015bmy si\u0119 z lekarzem, kt\u00f3re bada\u0142 przypadki podobne do mojej c\u00f3rki. W ko\u0144cu wykonano jej rezonans magnetyczny m\u00f3zgu, wenografi\u0119 rezonansem magnetycznym oraz cykl bada\u0144 krwi. Potrzeba by\u0142o 5 miesi\u0119cy, by w ko\u0144cu te testy wykonano.<\/p>\r\n<p><strong>W ci\u0105gu tych 5 miesi\u0119cy Maddie przyjmowana by\u0142a na oddzia\u0142 ratunkowy 9 razy i by\u0142a hospitalizowana 3 razy na okres w sumie 2 miesi\u0119cy. <\/strong>Chcia\u0142am zapyta\u0107, <strong>dlaczego skoro Maddie zaanga\u017cowa\u0142a si\u0119 badanie kliniczne [eksperymentalnej] szczepionki Pfizera, dlaczego dok\u0142adnie nie studiuj\u0105 jej przypadku?<\/strong><\/p>\r\n<p><strong>Jaka jest przyczyna jej stanu, by inni takiego losu mogli unikn\u0105\u0107. Zamiast tego traktuj\u0105 j\u0105 jak osob\u0119 psychicznie chor\u0105.<\/strong> Wed\u0142ug mnie to oni s\u0105 chorzy psychicznie. Nasze wysi\u0142ki by przywr\u00f3ci\u0107 Maddie do zdrowia wci\u0105\u017c trwaj\u0105, Pragn\u0119, \u017ceby ludzie dostrzegli, us\u0142yszeli i uwierzyli Maddie, bo to nie jest jeszcze jej ostatnie s\u0142owo. Pragniemy, by otrzyma\u0142a opiek\u0119 kt\u00f3rej bardzo potrzebuje, by mog\u0142a wr\u00f3ci\u0107 do zdrowia. Dlaczego nadal jest w takim stanie?<\/p>\r\n<p>By\u0142a w pe\u0142ni zdrowym dzieckiem przed tym incydentem. Post\u0105pi\u0142a s\u0142usznie, chcia\u0142a pom\u00f3c nam wszystkim, a teraz my nie pomagamy jej. Dzi\u0119kuj\u0119.<\/p>\r\n<p>&nbsp;<\/p>\r\n<h4><strong>Skutki uboczne po szczepionkach przeciwko COVID-19: Kristi Dobbs i Maddie de Garay [napisy PL]<\/strong><\/h4>\r\n<p><a href=\"https:\/\/rumble.com\/vk18qc-skutki-uboczne-po-szczepionkach-przeciwko-covid-19-kristi-dobbs-i-maddie-de.html\">https:\/\/rumble.com\/vk18qc-skutki-uboczne-po-szczepionkach-przeciwko-covid-19-kristi-dobbs-i-maddie-de.html<\/a><\/p>\r\n<iframe class=\"rumble\" src=\"https:\/\/rumble.com\/embed\/vhf2l2\/?pub=4\" allowfullscreen=\"allowfullscreen\" width=\"640\" height=\"360\" frameborder=\"0\"><\/iframe>\r\n<p>&nbsp;<\/p>\r\n<div class=\"podpis_sz\"><strong>Zobacz na:<\/strong>\r\n<ul>\r\n\t<li><a href=\"https:\/\/pubmedinfo.org\/2016\/03\/29\/jak-szczepionka-moze-uszkodzic-twoj-mozgu-russell-blaylock\/\" target=\"_blank\" rel=\"noopener\" data-wpel-link=\"internal\">Jak szczepionka mo\u017ce uszkodzi\u0107 Tw\u00f3j m\u00f3zg \u2013 dr Russell L. Blaylock<\/a><\/li>\r\n\t<li><a href=\"https:\/\/pubmedinfo.org\/2018\/01\/12\/jestes-krzywy-niesymetryczne-twarze-szczepieniach\/\" target=\"_blank\" rel=\"noopener\" data-wpel-link=\"internal\">Czy jeste\u015b krzywy? Niesymetryczne twarze po szczepieniach \u2013 Forrest Maready<\/a><\/li>\r\n\t<li><a href=\"https:\/\/pubmedinfo.org\/2021\/07\/15\/pierwsze-prawo-medycyny-colemana\/\" target=\"_blank\" rel=\"noopener\" data-wpel-link=\"internal\">Pierwsze prawo medycyny Colemana \u2013 Nowe symptomy spowodowane s\u0105 otrzymywanym leczeniem<\/a><\/li>\r\n\t<li><a href=\"https:\/\/pubmedinfo.org\/2019\/12\/10\/w-usa-rejestruje-sie-mniej-niz-1-nopow\/\" target=\"_blank\" rel=\"noopener\" data-wpel-link=\"internal\">W USA rejestruje si\u0119 mniej ni\u017c 1% NOP\u00f3w \u2013 Harvard Pilgrim Health Care<\/a><\/li>\r\n\t<li><a href=\"https:\/\/pubmedinfo.org\/2021\/07\/18\/korzysci-i-ryzyka-z-terapii-genowej-na-c-19-wsrod-nastolatkow\/\" target=\"_blank\" rel=\"noopener\" data-wpel-link=\"internal\">Korzy\u015bci i ryzyka z terapii genowej na C-19 w\u015br\u00f3d nastolatk\u00f3w \u2013 dr Robert Malone<\/a><\/li>\r\n\t<li><a href=\"https:\/\/pubmedinfo.org\/2021\/06\/25\/ignorancja-i-uprzedzenia-w-medycynie-dr-vernon-coleman\/\" target=\"_blank\" rel=\"noopener\" data-wpel-link=\"internal\">Ignorancja i uprzedzenia w medycynie \u2013 dr Vernon Coleman<\/a><\/li>\r\n\t<li><a href=\"https:\/\/pubmedinfo.org\/2021\/06\/22\/bialko-kolcowe-sars-cov-2-jest-bardzo-niebezpieczne-jest-cytotoksyczne\/\" target=\"_blank\" rel=\"noopener\" data-wpel-link=\"internal\">Bia\u0142ko kolcowe SARS-Cov-2 jest bardzo niebezpieczne, jest cytotoksyczne.<\/a><\/li>\r\n\t<li><a href=\"https:\/\/pubmedinfo.org\/2020\/02\/09\/wytyczne-dotyczace-przedklinicznych-badan-farmakologicznych-i-toksykologicznych-szczepionek\/\" target=\"_blank\" rel=\"noopener noreferrer\" data-wpel-link=\"internal\">Wytyczne Dotycz\u0105ce Przedklinicznych Bada\u0144 Farmakologicznych i Toksykologicznych Szczepionek \u2013 EMA<\/a><\/li>\r\n\t<li><a href=\"https:\/\/pubmedinfo.org\/2018\/03\/12\/czy-szczepionki-to-najlepiej-przebadane-produkty\/\" target=\"_blank\" rel=\"noopener noreferrer\" data-wpel-link=\"internal\">Czy na pewno szczepionki to najlepiej przebadane produkty firm farmaceutycznych? Sprawd\u017amy.<\/a><\/li>\r\n\t<li><a href=\"https:\/\/pubmedinfo.org\/2020\/02\/16\/szczepionki-sa-bardzo-bezpieczne-dr-soumya-swaminathan-who\/\" target=\"_blank\" rel=\"noopener\" data-wpel-link=\"internal\">Szczepionki s\u0105 bardzo bezpieczne \u2013 dr Soumya Swaminathan, WHO<\/a><\/li>\r\n\t<li><a href=\"https:\/\/pubmedinfo.org\/2021\/04\/06\/ocena-zwiazku-przyczynowo-skutkowego-dla-niepozadanych-odczynow-poszczepiennych\/\" target=\"_blank\" rel=\"noopener\" data-wpel-link=\"internal\">Skorygowana ocena zwi\u0105zku przyczynowo-skutkowego mi\u0119dzy szczepieniami a zdarzeniami niepo\u017c\u0105danymi dokonana przez \u015awiatow\u0105 Organizacj\u0119 Zdrowia (WHO) \u2013 analiza krytyczna<\/a><\/li>\r\n\t<li><a href=\"https:\/\/pubmedinfo.org\/2021\/02\/22\/system-monitorowania-bezpieczenstwa-szczepionek-ledwo-zipie\/\" target=\"_blank\" rel=\"noopener\" data-wpel-link=\"internal\">System monitorowania bezpiecze\u0144stwa szczepionek ledwo zipie, w czasie gdy miliony ludzi si\u0119 szczepi w USA.<\/a><\/li>\r\n\t<li><a href=\"https:\/\/pubmedinfo.org\/2021\/05\/07\/anafilaksja-po-szczepieniu\/\" target=\"_blank\" rel=\"noopener\" data-wpel-link=\"internal\">Anafilaksja po szczepieniu ~1% zg\u0142aszane jako NOP<\/a><\/li>\r\n<\/ul>\r\n<\/div>\r\n<p>&nbsp;<\/p>\r\n<p class=\"zrodlo\">Za: <a href=\"https:\/\/pubmedinfo.org\/2021\/07\/19\/skutki-uboczne-po-szczepionkach-przeciwko-covid-19\/\">PubMedInfo.org (Lip 19, 2021) &#8211; &#8211; [Org. tytu\u0142: \u00abSkutki uboczne po szczepionkach przeciwko COVID-19: Kristi Dobbs i Maddie de Garay\u00bb]<\/a><\/p>\r\n<\/div>\r\n<h4>&nbsp;<\/h4>\r\n<hr style=\"background-color: #000000; border-width: 0; color: #000000; height: 2px; line-height: 0; text-align: center; width: 100%;\">\r\n<h4>&nbsp;<\/h4>\r\n<h3><strong>Poni\u017cej, oficjalne statystyki VAERS: 11 tysi\u0119cy zamordowanych przez &#8222;szczepionk\u0119&#8221; Amerykan\u00f3w, p\u00f3\u0142 miliona cierpi\u0105cych&#8230; Nikogo to nie interesuje&#8230;<\/strong><\/h3>\r\n<p>&nbsp;<\/p>\r\n<p>Wed\u0142ug oficjalnych statystyk &#8222;na wirusa SARS-CoV-2&#8221; (<strong>kt\u00f3ry do tej pory nigdy i nigdzie nie zosta\u0142 wyizolowany<\/strong>, a ca\u0142a &#8222;pandemia&#8221; opiera si\u0119 komputerowym modelu rzekomego wirusa; innymi s\u0142owy: ca\u0142a narracja kowidowa opiera si\u0119 na wirtualnym modelu <strong>czego\u015b, co nie istnieje<\/strong>), w Stanach Zjednoczonych zmar\u0142o 608,495 os\u00f3b &#8222;na Covid-19&#8221;. Jest to liczba nie tylko zawy\u017cona, ale zupe\u0142nie nierealna i stworzona zosta\u0142a jako kompilacja liczby os\u00f3b:<\/p>\r\n<p>1) zmar\u0142ych na przer\u00f3\u017cne rodzaje chor\u00f3b, u kt\u00f3rych <strong>fa\u0142szywe testy<\/strong> PCR &#8222;wykry\u0142y koronawirusa&#8221;;<\/p>\r\n<p>2) zmar\u0142ych na sezonow\u0105 gryp\u0119. Corocznie umiera w USA nawet do 60 tys. os\u00f3b, za\u015b podczas pandemii zmar\u0142o&#8230; nie wiadomo, prawdopodobnie kilkaset. (Do dnia dzisiejszego &#8211; czyli 17 lipca 2021 &#8211; CDC nie opublikowa\u0142 jeszcze danych dotycz\u0105cych sezonu 2020-21. Niewygodna prawda?)<\/p>\r\n<p>3) zmar\u0142ych, kt\u00f3rym zapisano w akcie zgonu &#8222;Covid-19&#8221;, gdy\u017c tak wykaza\u0142y testy PCR, albo &#8211; jak wskazuj\u0105 udokumentowane przypadki tysi\u0119cy os\u00f3b &#8211; nawet nie przechodzili \u017cadnych test\u00f3w. <span style=\"text-decoration: underline;\"><a href=\"http:\/\/www.bibula.com\/?p=115805\">W pogoni za dodatkowymi funduszami<\/a><\/span> szpitale masowo wpisywa\u0142y &#8222;Covid-19&#8221;, nawet w tak jaskrawych przypadkach jak <span style=\"text-decoration: underline;\"><a href=\"https:\/\/www.bibula.com\/?p=115995\">pora\u017cenie piorunem<\/a><\/span>, wypadki motocyklowe, rany postrza\u0142owe czy samob\u00f3jstwa.<\/p>\r\n<p>&nbsp;<\/p>\r\n<h4><strong>Gro\u017any preparat zwany szczepionk\u0105<\/strong><\/h4>\r\n<p>Tzw. szczepionka przeciwko Covid-19, ani nie jest w stanie w najmniejszym stopniu zapobiec czemu\u015b co nazwano chorob\u0105 &#8222;Covid-19&#8221;, ani nie przeciwdzia\u0142a transmisji &#8222;Covid-19&#8221;, natomiast jest rodzajem biologiczno-genetycznego preparatu os\u0142abiaj\u0105cego organizm. Jest to szczeg\u00f3lnie niebezpieczny preparat w\u0142a\u015bnie dla os\u00f3b przewlekle chorych i chorych na wiele tzw. cywilizacyjnych chor\u00f3b (nadci\u015bnienie, cukrzyca typ 2).<\/p>\r\n<p>&nbsp;<\/p>\r\n<p><a href=\"https:\/\/www.bibula.com\/images\/126522\/OpenVAERS-2021-07-09.png\" rel=\"https:\/\/www.bibula.com\/images\/126522\/OpenVAERS-2021-07-09.png\"><img decoding=\"async\" class=\"aligncenter\" src=\"https:\/\/www.bibula.com\/images\/126522\/OpenVAERS-2021-07-09.png\" alt=\"\" width=\"700\" height=\"674\"><\/a><\/p>\r\n<p style=\"text-align: center;\"><em>Zrzut ekranu systemu OpenVAERS pokazuj\u0105cy w spos\u00f3b czytelny liczb\u0119 ofiar (w tym niemal 11 tysi\u0119cy \u015bmiertelnych) tzw. szczepionki przeciwko Covid-19. Dane pochodz\u0105 z rz\u0105dowej strony VAERS, kt\u00f3ra publikuje dane z du\u017cym op\u00f3\u017anieniem.<\/em><\/p>\r\n<p>Nawet wed\u0142ug oficjalnych (zani\u017canych i publikowanych z wielotygodniowym op\u00f3\u017anieniem) danych, kt\u00f3re ukaza\u0142y si\u0119 na stronie VAERS prowadzonej przez CDC, w Stanach Zjednoczonych zmar\u0142o prawie 11 tysi\u0119cy os\u00f3b jako wynik poszczepiennych skutk\u00f3w ubocznych, tylko od tzw. szczepionki przeciwko Covid-19. Opr\u00f3cz ofiar \u015bmiertelnych setki tysi\u0119cy os\u00f3b cierpi na wiele chor\u00f3b, od zapalenia mi\u0119\u015bnia sercowego, choroby Bella, po przer\u00f3\u017cne choroby automimmunologiczne. W rzeczywisto\u015bci, oficjalne dane odzwierciedlaj\u0105 zaledwie 1% do 10% ofiar tej jednej jedynie grupy &#8222;szczepionek przeciwko Covid-19&#8221;, kt\u00f3ra dla wielu sta\u0142a si\u0119 \u015bmierteln\u0105 trucizn\u0105 zabijaj\u0105c\u0105 cz\u0142owieka, okaleczaj\u0105c\u0105, albo tworz\u0105c\u0105 z organizmu fabryk\u0119 bia\u0142ka kolca, co pr\u0119dzej czy p\u00f3\u017aniej doprowadzi do \u0142atwiejszej zapadalno\u015bci na choroby i wycie\u0144czenia organizmu.<\/p>\r\n<p>W czasach przed PLANdemi\u0105, ka\u017cda opracowywania i testowana szczepionka, kt\u00f3ra przyczyni\u0142a si\u0119 do \u015bmierci <strong>od kilku do kilkudziesi\u0119ciu os\u00f3b, by\u0142a natychmiast wycofywana<\/strong>, a projekt podlega\u0142 wygaszaniu. W przypadku preparatu reklamowanego jako &#8222;szczepionka przeciwko Covid-19&#8221; na \u015bwiecie zmar\u0142o w wyniku tylko i wy\u0142\u0105cznie tego preparatu, prawdobodobnie kilkaset tysi\u0119cy ludzi, lecz projekt ideologiczno-polityczny wyszczepienia ca\u0142ej populacji, jest kontynuowany.<\/p>\r\n<p class=\"zrodlo\">Oprac. <a href=\"https:\/\/www.bibula.com\/?p=126522\">www.bibula.com<\/a><br>\r\n2021-07-17<\/p>\r\n<h4>&nbsp;<\/h4>\r\n<hr style=\"background-color: #000000; border-width: 0; color: #000000; height: 2px; line-height: 0; text-align: center; width: 100%;\">\r\n<h4>&nbsp;<\/h4>","protected":false},"excerpt":{"rendered":"Senator Ron Johnson i Ken Ruettgers zorganizowali 28 czerwca 2021 roku konferencj\u0119 prasow\u0105 z rodzinami, kt\u00f3re chc\u0105 by\u0107 \u201ewidziane, s\u0142yszane i \u017ceby spo\u0142eczno\u015b\u0107 medyczna im uwierzy\u0142a\u201d po tym, jak dozna\u0142y niepo\u017c\u0105danych efekt\u00f3w ubocznych na eksperymentalne terapie genowe, tzn. szczepionki na COVID. [zob. m.in. tutaj] &nbsp; Skutki uboczne po szczepionkach przeciwko COVID-19 Kristi Dobbs: Z racji [&hellip;]","protected":false},"author":1,"featured_media":0,"comment_status":"closed","ping_status":"closed","sticky":false,"template":"","format":"standard","meta":{"_acf_changed":false,"_monsterinsights_skip_tracking":false,"_monsterinsights_sitenote_active":false,"_monsterinsights_sitenote_note":"","_monsterinsights_sitenote_category":0,"ngg_post_thumbnail":0,"footnotes":"","_wp_rev_ctl_limit":""},"categories":[13,451],"tags":[433,20,452],"acf":[],"_links":{"self":[{"href":"https:\/\/www.bibula.com\/index.php?rest_route=\/wp\/v2\/posts\/126576"}],"collection":[{"href":"https:\/\/www.bibula.com\/index.php?rest_route=\/wp\/v2\/posts"}],"about":[{"href":"https:\/\/www.bibula.com\/index.php?rest_route=\/wp\/v2\/types\/post"}],"author":[{"embeddable":true,"href":"https:\/\/www.bibula.com\/index.php?rest_route=\/wp\/v2\/users\/1"}],"replies":[{"embeddable":true,"href":"https:\/\/www.bibula.com\/index.php?rest_route=%2Fwp%2Fv2%2Fcomments&post=126576"}],"version-history":[{"count":10,"href":"https:\/\/www.bibula.com\/index.php?rest_route=\/wp\/v2\/posts\/126576\/revisions"}],"predecessor-version":[{"id":126594,"href":"https:\/\/www.bibula.com\/index.php?rest_route=\/wp\/v2\/posts\/126576\/revisions\/126594"}],"wp:attachment":[{"href":"https:\/\/www.bibula.com\/index.php?rest_route=%2Fwp%2Fv2%2Fmedia&parent=126576"}],"wp:term":[{"taxonomy":"category","embeddable":true,"href":"https:\/\/www.bibula.com\/index.php?rest_route=%2Fwp%2Fv2%2Fcategories&post=126576"},{"taxonomy":"post_tag","embeddable":true,"href":"https:\/\/www.bibula.com\/index.php?rest_route=%2Fwp%2Fv2%2Ftags&post=126576"}],"curies":[{"name":"wp","href":"https:\/\/api.w.org\/{rel}","templated":true}]}}