{"id":126451,"date":"2021-07-13T10:51:24","date_gmt":"2021-07-13T14:51:24","guid":{"rendered":"https:\/\/www.bibula.com\/?p=126451"},"modified":"2021-07-13T10:51:24","modified_gmt":"2021-07-13T14:51:24","slug":"szczera-zydowska-samokrytyka-stanislaw-michalkiewicz","status":"publish","type":"post","link":"https:\/\/www.bibula.com\/?p=126451","title":{"rendered":"Szczera \u017cydowska samokrytyka &#8211; <em>Stanis\u0142aw Michalkiewicz<\/em>"},"content":{"rendered":"<p>Kto by pomy\u015bla\u0142, \u017ce doczekamy si\u0119 takiej samokrytyki na \u0142amach \u017cydowskiej gazety dla Polak\u00f3w, redagowanej przez potomka sowieckich kolaborant\u00f3w, pana redaktora Adama Michnika? Zdarzaj\u0105 si\u0119 jednak na tym \u015bwiecie rzeczy kt\u00f3re nie \u015bni\u0142y si\u0119 filozofom i to jest w\u0142a\u015bnie jedna z nich.<\/p>\r\n<p>Oto na portalu \u201e<i>Wyborcza.pl<\/i>\u201d ukaza\u0142a si\u0119 publikacja zatytu\u0142owana: \u201e<i>Jako kraj jeste\u015bmy coraz wi\u0119kszym chamem. Domagamy si\u0119 kasy i rekompensat za wszystko<\/i>\u201d. Dla nikogo nie powinno ulega\u0107 w\u0105tpliwo\u015bci, \u017ce musi tu chodzi\u0107 o bezcenny Izrael &#8211; t\u0119 krost\u0119 na ciele \u015bwiata, kt\u00f3ra od samego pocz\u0105tku swojego istnienia wywo\u0142uje wok\u00f3\u0142 siebie odczyny zapalne. Czy\u017c jest bowiem na \u015bwiecie jaki\u015b inny kraj, kt\u00f3ry domaga si\u0119 kasy i rekompensat za wszystko &#8211; przede wszystkim za masakr\u0119 europejskich \u017byd\u00f3w w czasie II wojny \u015bwiatowej, pretensjonalnie nazwanej \u201e<i>holokaustem<\/i>\u201d? Dotychczas, to znaczy &#8211; do roku 2000 &#8211; bezcenny Izrael i organizacje przemys\u0142u holokaustu, g\u0142\u00f3wnie z Ameryki, molestowa\u0142y w tej sprawie Niemcy &#8211; ale kiedy Niemcy, po wyfutrowaniu tych organizacji oraz bezcennego Izraela kwot\u0105 100 miliard\u00f3w marek, nie licz\u0105c okr\u0119t\u00f3w podwodnych i innego sprz\u0119tu wojskowego, dosz\u0142y do wniosku, \u017ce ju\u017c wystarczy &#8211; tamtejsze hande\u0142esy, kt\u00f3re w mi\u0119dzyczasie przyzwyczai\u0142y si\u0119 do tego, \u017ce reszta \u015bwiata, a w ka\u017cdym razie jego cz\u0119\u015b\u0107, przede wszystkim USA, ten ca\u0142y bezcenny Izrael utrzymuje, coraz natarczywiej domagaj\u0105 si\u0119 od Polski, kt\u00f3r\u0105 w porozumieniu z Niemcami wytypowa\u0142y w charakterze winowajcy zast\u0119pczego, \u201e<i>kasy i rekompensat za wszystko<\/i>\u201d i w tym celu podnosz\u0105 klangor, kiedy tylko nasz nieszcz\u0119\u015bliwy kraj, kt\u00f3ry lekkomy\u015blnie udzieli\u0142 kiedy\u015b znienawidzonym w ca\u0142ej Europie \u017bydom schronienia, pr\u00f3buje uchroni\u0107 si\u0119 przed tym rabunkiem.<\/p>\r\n<p>Ale &#8211; jak m\u00f3wi \u017cydowska Biblia &#8211; \u201e<i>z obfito\u015bci serca usta m\u00f3wi\u0105<\/i>\u201d &#8211; tote\u017c i \u017cydowska gazeta dla Polak\u00f3w pod kierownictwem zazwyczaj czujnego pana red. Adama Michnika, przem\u00f3wi\u0142a nie tylko szczerze ale i samokrytycznie. Nic nie mo\u017cna do tego tytu\u0142u ani doda\u0107, ani uj\u0105\u0107, wi\u0119c je\u015bli nawet dalsza cz\u0119\u015b\u0107 publikacji polega na wykr\u0119caniu kota ogonem, to nie ma powodu, \u017ceby si\u0119 temu wra\u017ceniu poddawa\u0107 na widok tak daleko posuni\u0119tej szczero\u015bci i samokrytyki. Najwyra\u017aniej pan red. Michnik i pan red. Kurski albo przysn\u0105\u0142, albo zapomnia\u0142 o przestrodze Janusza Wilhelmiego, kt\u00f3ry jeszcze za pierwszej komuny mawia\u0142, \u017ce nale\u017cy wystrzega\u0107 si\u0119 pierwszych odruch\u00f3w &#8211; bo mog\u0105 by\u0107 uczciwe.<\/p>\r\n<p><strong><em>Stanis\u0142aw Michalkiewicz<\/em><\/strong><\/p>\r\n<p>Felieton &nbsp;<b>\u2022<\/b>&nbsp; specjalnie dla www.michalkiewicz.pl &nbsp;<b>\u2022<\/b>&nbsp; 12 lipca 2021<\/p>","protected":false},"excerpt":{"rendered":"Kto by pomy\u015bla\u0142, \u017ce doczekamy si\u0119 takiej samokrytyki na \u0142amach \u017cydowskiej gazety dla Polak\u00f3w, redagowanej przez potomka sowieckich kolaborant\u00f3w, pana redaktora Adama Michnika? Zdarzaj\u0105 si\u0119 jednak na tym \u015bwiecie rzeczy kt\u00f3re nie \u015bni\u0142y si\u0119 filozofom i to jest w\u0142a\u015bnie jedna z nich. Oto na portalu \u201eWyborcza.pl\u201d ukaza\u0142a si\u0119 publikacja zatytu\u0142owana: \u201eJako kraj jeste\u015bmy coraz wi\u0119kszym [&hellip;]","protected":false},"author":1,"featured_media":0,"comment_status":"closed","ping_status":"closed","sticky":false,"template":"","format":"standard","meta":{"_acf_changed":false,"_monsterinsights_skip_tracking":false,"_monsterinsights_sitenote_active":false,"_monsterinsights_sitenote_note":"","_monsterinsights_sitenote_category":0,"ngg_post_thumbnail":0,"footnotes":"","_wp_rev_ctl_limit":""},"categories":[13,9],"tags":[65,22,61,98,53,34],"acf":[],"_links":{"self":[{"href":"https:\/\/www.bibula.com\/index.php?rest_route=\/wp\/v2\/posts\/126451"}],"collection":[{"href":"https:\/\/www.bibula.com\/index.php?rest_route=\/wp\/v2\/posts"}],"about":[{"href":"https:\/\/www.bibula.com\/index.php?rest_route=\/wp\/v2\/types\/post"}],"author":[{"embeddable":true,"href":"https:\/\/www.bibula.com\/index.php?rest_route=\/wp\/v2\/users\/1"}],"replies":[{"embeddable":true,"href":"https:\/\/www.bibula.com\/index.php?rest_route=%2Fwp%2Fv2%2Fcomments&post=126451"}],"version-history":[{"count":1,"href":"https:\/\/www.bibula.com\/index.php?rest_route=\/wp\/v2\/posts\/126451\/revisions"}],"predecessor-version":[{"id":126452,"href":"https:\/\/www.bibula.com\/index.php?rest_route=\/wp\/v2\/posts\/126451\/revisions\/126452"}],"wp:attachment":[{"href":"https:\/\/www.bibula.com\/index.php?rest_route=%2Fwp%2Fv2%2Fmedia&parent=126451"}],"wp:term":[{"taxonomy":"category","embeddable":true,"href":"https:\/\/www.bibula.com\/index.php?rest_route=%2Fwp%2Fv2%2Fcategories&post=126451"},{"taxonomy":"post_tag","embeddable":true,"href":"https:\/\/www.bibula.com\/index.php?rest_route=%2Fwp%2Fv2%2Ftags&post=126451"}],"curies":[{"name":"wp","href":"https:\/\/api.w.org\/{rel}","templated":true}]}}