{"id":126381,"date":"2021-07-10T10:16:00","date_gmt":"2021-07-10T14:16:00","guid":{"rendered":"https:\/\/www.bibula.com\/?p=126381"},"modified":"2021-07-10T10:16:00","modified_gmt":"2021-07-10T14:16:00","slug":"wieden-nowy-kosciol-bractwa-sw-piusa-x","status":"publish","type":"post","link":"https:\/\/www.bibula.com\/?p=126381","title":{"rendered":"Wiede\u0144: Nowy ko\u015bci\u00f3\u0142 Bractwa \u015bw. Piusa X"},"content":{"rendered":"<p><strong>Wielka rado\u015b\u0107 zapanowa\u0142a w austriackim dystrykcie Bractwa, gdy 20 maja 2021 r. podpisano umow\u0119, na mocy kt\u00f3rej FSSPX przej\u0119\u0142o jedn\u0105 z najstarszych, najwi\u0119kszych i najwa\u017cniejszych \u015bwi\u0105ty\u0144 stolicy Austrii: po\u0142o\u017cony w centrum gotycki ko\u015bci\u00f3\u0142 o.o. franciszkan\u00f3w, szerzej znany jako Minoritenkirche (od <em>minoriten<\/em> \u2018bracia mniejsi\u2019, czyli w\u0142a\u015bnie zakon \u015bw. Franciszka).<\/strong><\/p>\r\n<p>&nbsp;<\/p>\r\n<p><a href=\"https:\/\/news.fsspx.pl\/wp-content\/uploads\/city-2644574_960_720.jpg\"><img fetchpriority=\"high\" decoding=\"async\" class=\"aligncenter\" src=\"https:\/\/news.fsspx.pl\/wp-content\/uploads\/city-2644574_960_720.jpg\" width=\"703\" height=\"527\"><\/a><\/p>\r\n<p>&nbsp;<\/p>\r\n<p>Najstarsze zachowane cz\u0119\u015bci ko\u015bcio\u0142a, pierwotnie nale\u017c\u0105cego do klasztoru franciszka\u0144skiego, pochodz\u0105 z 1276 r., z czas\u00f3w Rudolfa I Habsburga. Kszta\u0142t zbli\u017cony do obecnego \u015bwi\u0105tynia uzyska\u0142a w wyniku licznych przebud\u00f3w, dokonywanych przez francuskich budowniczych katedr od po\u0142owy XIV wieku. Budowla z wie\u017c\u0105, nies\u0142ychanie okaza\u0142\u0105 jak na ko\u015bci\u00f3\u0142 franciszka\u0144ski, bo pierwotnie licz\u0105c\u0105 osiemdziesi\u0105t metr\u00f3w, znajduje si\u0119 w pobli\u017cu dawnego cesarskiego zamku.<\/p>\r\n<p>Lokalizacja oraz rozmiar wie\u017cy ko\u015bcielnej zadecydowa\u0142y o znaczeniu \u015bwi\u0105tyni. Cieszy\u0142a si\u0119 ona szczeg\u00f3lnymi wzgl\u0119dami rodziny cesarskiej i dworu, czego dowodem jest jej przepi\u0119kny wystr\u00f3j. Wie\u017ca, b\u0119d\u0105ca jedn\u0105 z najwy\u017cszych budowli w mie\u015bcie, dzi\u0119ki blisko\u015bci po\u0142udniowo-wschodniego muru miejskiego s\u0142u\u017cy\u0142a jako punkt obserwacyjny w czasie obl\u0119\u017ce\u0144 stolicy przez Turk\u00f3w w latach 1529 oraz 1683. Dwukrotnie jej szczyt by\u0142 niszczony przez tureck\u0105 artyleri\u0119, a p\u00f3\u017aniej tylko pobie\u017cnie rekonstruowany, przez co wie\u017ca jest dzi\u015b ni\u017csza i mierzy sze\u015b\u0107dziesi\u0105t pi\u0119\u0107 metr\u00f3w.<\/p>\r\n<p>Cesarski zamek i pa\u0142ace od dawna s\u0142u\u017c\u0105 jako muzea, wojska mahometa\u0144skie \u2013 je\u015bli nawet tylko tymczasowo \u2013 ust\u0105pi\u0142y, ale Minoritenkirche pozosta\u0142 jednym z najwa\u017cniejszych punkt\u00f3w miasta. Bliskimi s\u0105siadami \u015bwi\u0105tyni stoj\u0105cej przy Minoritenplatz s\u0105: Austriackie Archiwum Pa\u0144stwowe, Ministerstwo Spraw Wewn\u0119trznych oraz Kancelaria Federalna, kt\u00f3ra znajduje si\u0119 tu\u017c za rogiem.<\/p>\r\n<p>Jak to si\u0119 sta\u0142o, \u017ce akurat Bractwo \u015bw. Piusa X ma opiekowa\u0107 si\u0119 t\u0105 per\u0142\u0105 architektury? Paradoksalnie, mo\u017cna uzna\u0107 to za odleg\u0142\u0105 konsekwencj\u0119 dzia\u0142a\u0144 cesarza J\u00f3zefa II, kt\u00f3rego rz\u0105dy by\u0142y naznaczone walk\u0105 z tradycj\u0105 katolick\u0105 (tzw. j\u00f3zefinizm). W 1782 r. ko\u015bci\u00f3\u0142 zosta\u0142 \u201eupa\u0144stwowiony\u201d, a franciszkanie przeniesieni do barokowego ko\u015bcio\u0142a Tr\u00f3jcy Przenaj\u015bwi\u0119tszej, gdzie zreszt\u0105 pos\u0142uguj\u0105 do dzisiaj. Dwa lata p\u00f3\u017aniej cesarz przekaza\u0142 dawny ko\u015bci\u00f3\u0142 franciszkan\u00f3w <a class=\"wpel-icon-right\" href=\"http:\/\/www.minoritenkirche-wien.info\/\" rel=\"external noopener noreferrer\" data-wpel-link=\"external\">Kongregacji W\u0142oskiej<\/a> (Congregazione della Chiesa nazionale italiana), \u015bwieckiemu stowarzyszeniu W\u0142och\u00f3w mieszkaj\u0105cych na terenie Wiednia.<\/p>\r\n<p>Kongregacja pozosta\u0142a w\u0142a\u015bcicielem ko\u015bcio\u0142a a\u017c do czerwca tego roku. W ostatnim czasie diecezja usi\u0142owa\u0142a przej\u0105\u0107 Minoritenkirche, przez co Kongregacja zdecydowa\u0142a o przekazaniu go w nowe r\u0119ce. Dotychczasowi w\u0142a\u015bciciele maj\u0105 rok na zako\u0144czenie spraw zwi\u0105zanych ze \u015bwi\u0105tyni\u0105 i organizacjami z ni\u0105 zwi\u0105zanymi, m.in. z afiliowan\u0105 plac\u00f3wk\u0105 edukacyjn\u0105. Ten sam czas Bractwo wykorzysta na przeniesienie dotychczasowej kaplicy \u015bw. J\u00f3zefa, mieszcz\u0105cej si\u0119 w przebudowanym gara\u017cu przy Bernardgasse. Od czerwca przysz\u0142ego roku Bractwo b\u0119dzie wy\u0142\u0105cznym u\u017cytkownikiem ko\u015bcio\u0142a.<\/p>\r\n<p>Z pocz\u0105tkiem lipca wiede\u0144ski przeor, ks. Jerzy Wegner FSSPX, wyda\u0142 komunikat, w kt\u00f3rym wyrazi\u0142 wdzi\u0119czno\u015b\u0107 \u015bw. J\u00f3zefowi za jego wstawiennictwo i poleci\u0142 jego opiece przysz\u0142y apostolat, kt\u00f3ry b\u0119dzie obejmowa\u0142 r\u00f3wnie\u017c wsp\u00f3lnot\u0119 w\u0142osk\u0105. Obj\u0119cie opiek\u0105 duszpastersk\u0105 tego \u201ewyj\u0105tkowego pomnika Matki Bo\u017cej\u201d okre\u015bli\u0142 jako zaszczyt i nowy rozdzia\u0142 w historii Tradycji katolickiej w Austrii. Przypomnia\u0142 tak\u017ce obietnic\u0119 z\u0142o\u017con\u0105 w 2008 r. przez swojego poprzednika, przeora ks. Waldemara Schultza FSSPX:<\/p>\r\n<blockquote>\r\n<p>Obiecujemy Opiekunowi Dzieci\u0105tka Jezus i naszemu patronowi, \u015bw. J\u00f3zefowi, odprawi\u0107 trzykrotnie Msze \u015bw. gregoria\u0144skie [tzn. trzy razy po trzydzie\u015bci Mszy \u015bw. przez trzydzie\u015bci kolejnych dni z rz\u0119du] ku Jego czci i zgodnie z Jego \u017cyczeniem: od Was, drodzy Wierni, nast\u0119pne od przeoratu, i ostatnie od przeora.<\/p>\r\n<\/blockquote>\r\n<p>\u0141\u0105czmy si\u0119 wraz z austriackimi ksi\u0119\u017cmi i wiernymi we wdzi\u0119czno\u015bci w obliczu tak ewidentnej interwencji Bo\u017cej opatrzno\u015bci, kt\u00f3ra pozwoli\u0142a Tradycji katolickiej znale\u017a\u0107 nowy, godny dom w sercu Austrii.<\/p>\r\n<p>\u0179r\u00f3d\u0142a<\/p>\r\n<ul>\r\n\t<li><a class=\"wpel-icon-right\" href=\"https:\/\/fsspx.today\/chapel\/wien\/vorwort\/\" rel=\"external noopener noreferrer\" data-wpel-link=\"external\">List ks. Wegnera<\/a><\/li>\r\n\t<li><a class=\"wpel-icon-right\" href=\"http:\/\/www.summorum-pontificum.de\/themen\/gemeinschaften\/2054-wien-eine-kirche-fuer-die-sffpx.html\" rel=\"external noopener noreferrer\" data-wpel-link=\"external\">Wien: Eine Kirche f\u00fcr die FSSPX!<\/a><\/li>\r\n<\/ul>\r\n<h4>&nbsp;<\/h4>","protected":false},"excerpt":{"rendered":"Wielka rado\u015b\u0107 zapanowa\u0142a w austriackim dystrykcie Bractwa, gdy 20 maja 2021 r. podpisano umow\u0119, na mocy kt\u00f3rej FSSPX przej\u0119\u0142o jedn\u0105 z najstarszych, najwi\u0119kszych i najwa\u017cniejszych \u015bwi\u0105ty\u0144 stolicy Austrii: po\u0142o\u017cony w centrum gotycki ko\u015bci\u00f3\u0142 o.o. franciszkan\u00f3w, szerzej znany jako Minoritenkirche (od minoriten \u2018bracia mniejsi\u2019, czyli w\u0142a\u015bnie zakon \u015bw. Franciszka). &nbsp; &nbsp; Najstarsze zachowane cz\u0119\u015bci ko\u015bcio\u0142a, pierwotnie [&hellip;]","protected":false},"author":1,"featured_media":0,"comment_status":"closed","ping_status":"closed","sticky":false,"template":"","format":"standard","meta":{"_acf_changed":false,"_monsterinsights_skip_tracking":false,"ngg_post_thumbnail":0,"footnotes":"","_wp_rev_ctl_limit":""},"categories":[13,3],"tags":[244,119,32],"acf":[],"_links":{"self":[{"href":"https:\/\/www.bibula.com\/index.php?rest_route=\/wp\/v2\/posts\/126381"}],"collection":[{"href":"https:\/\/www.bibula.com\/index.php?rest_route=\/wp\/v2\/posts"}],"about":[{"href":"https:\/\/www.bibula.com\/index.php?rest_route=\/wp\/v2\/types\/post"}],"author":[{"embeddable":true,"href":"https:\/\/www.bibula.com\/index.php?rest_route=\/wp\/v2\/users\/1"}],"replies":[{"embeddable":true,"href":"https:\/\/www.bibula.com\/index.php?rest_route=%2Fwp%2Fv2%2Fcomments&post=126381"}],"version-history":[{"count":4,"href":"https:\/\/www.bibula.com\/index.php?rest_route=\/wp\/v2\/posts\/126381\/revisions"}],"predecessor-version":[{"id":126385,"href":"https:\/\/www.bibula.com\/index.php?rest_route=\/wp\/v2\/posts\/126381\/revisions\/126385"}],"wp:attachment":[{"href":"https:\/\/www.bibula.com\/index.php?rest_route=%2Fwp%2Fv2%2Fmedia&parent=126381"}],"wp:term":[{"taxonomy":"category","embeddable":true,"href":"https:\/\/www.bibula.com\/index.php?rest_route=%2Fwp%2Fv2%2Fcategories&post=126381"},{"taxonomy":"post_tag","embeddable":true,"href":"https:\/\/www.bibula.com\/index.php?rest_route=%2Fwp%2Fv2%2Ftags&post=126381"}],"curies":[{"name":"wp","href":"https:\/\/api.w.org\/{rel}","templated":true}]}}