{"id":126203,"date":"2021-07-02T16:39:47","date_gmt":"2021-07-02T20:39:47","guid":{"rendered":"https:\/\/www.bibula.com\/?p=126203"},"modified":"2021-07-02T16:39:47","modified_gmt":"2021-07-02T20:39:47","slug":"wirtuoz-intrygi-przekonspirowal-stanislaw-michalkiewicz","status":"publish","type":"post","link":"https:\/\/www.bibula.com\/?p=126203","title":{"rendered":"Wirtuoz intrygi przekonspirowa\u0142 &#8211; <em>Stanis\u0142aw Michalkiewicz<\/em>"},"content":{"rendered":"<p>\u201e<i>Na nic fortele, na nic fortele! G\u0142upi wygrywa, m\u0105dry ginie!<\/i>\u201d &#8211; Takie my\u015bli z szybko\u015bci\u0105 b\u0142yskawicy przelatywa\u0142y przez g\u0142ow\u0119 pana Zag\u0142oby, p\u0119dz\u0105cego wraz z husari\u0105 dowodzon\u0105 przez pana Skrzetuskiego do ataku na wojsko Krzywonosa. Rzeczywi\u015bcie; na pierwszy rzut oka wygl\u0105da na to, \u017ce umi\u0142owane przez Naczelnika Pa\u0144stwa intrygi i spiskowe metody wzi\u0119\u0142y w \u0142eb. Chodzi oczywi\u015bcie o \u017cydowskie roszczenia maj\u0105tkowe w zakresie tzw. \u201e<i>mienia bezdziedzicznego<\/i>\u201d wobec Polski, po praz pierwszy podniesione w roku 1996 przez sekretarza \u015awiatowego Kongresu \u017byd\u00f3w, Izraela Singera. Zapowiedzia\u0142 on wtedy, \u017ce w razie odmowy, Polsk\u0105 b\u0119dzie \u201e<i>upokarzana<\/i>\u201d na arenie mi\u0119dzynarodowej. I rzeczywi\u015bcie &#8211; zaraz uruchomiony zosta\u0142 pan dr Jan Tomasz Gross, awansowany na t\u0119 okoliczno\u015b\u0107 na \u201e<i>historyka<\/i>\u201d i to od razu \u201e<i>\u015bwiatowej s\u0142awy<\/i>\u201d. Przemys\u0142 holokaustu obstalowa\u0142 u niego dzie\u0142o pt. \u201e<i>S\u0105siedzi<\/i>\u201d, jak to polscy mieszka\u0144cy Jedwabnego w roku 1941 wymordowali swoich \u017cydowskich s\u0105siad\u00f3w, czemu Niemcy, zw\u0142aszcza ci z Einsatzgruppen, kt\u00f3rzy w\u0142a\u015bnie kontynuowali atak na Zwi\u0105zek Sowiecki, przygl\u0105dali si\u0119 temu z niedowierzaniem i obrzydzeniem. 10 lipca 2001 roku z wielkim przytupem odby\u0142a si\u0119 w Jedwabnem uroczysto\u015b\u0107, podczas kt\u00f3rej wysuni\u0119ta zosta\u0142a teza, jakoby Polacy byli \u201e<i>wsp\u00f3\u0142winni<\/i>\u201d masakry europejskich \u017byd\u00f3w, pretensjonalnie nazwanej \u201e<i>holokaustem<\/i>\u201d, a kt\u00f3r\u0105 to tez\u0119 potwierdzi\u0142 \u00f3wczesny prezydent Kwa\u015bniewski, sk\u0142adaj\u0105c za to \u201e<i>w imieniu narodu polskiego<\/i>\u201d publiczne przeprosiny. Potem ju\u017c si\u0119 potoczy\u0142o; pojawi\u0142y si\u0119 \u201e<i>polskie obozy koncentracyjne<\/i>\u201d, a nawet &#8211; \u201e<i>polskie obozy zag\u0142ady<\/i>\u201d, kt\u00f3re trafi\u0142y nawet do przem\u00f3wienia Naszego Najwa\u017cniejszego Sojusznika, prezydenta Obamy, a w roku 2011, \u00f3wczesny prezydent Komorowski postawi\u0142 kropk\u0119 nad \u201e<i>i<\/i>\u201d, umieszczaj\u0105c w li\u015bcie skierowanym do uczestnik\u00f3w skromniejszej ju\u017c uroczysto\u015bci w Jedwabnem zdanie, i\u017c \u201e<i>Nar\u00f3d polski<\/i>\u201d powinien przyzwyczai\u0107 si\u0119 do my\u015bli, \u017ce by\u0142 r\u00f3wnie\u017c sprawc\u0105. A wi\u0119c ju\u017c nie \u201e<i>wsp\u00f3\u0142sprawc\u0105<\/i>\u201d, tylko sprawc\u0105 samodzielnym. By\u0142o to wyj\u015bcie naprzeciw skoordynowanym politykom historycznym: niemieckiej i \u017cydowskiej, skierowanym na wytypowanie zast\u0119pczego winowajcy tego ca\u0142ego \u201e<i>holokaustu<\/i>\u201d i rozpocz\u0119cie szlamowania go pod pretekstem \u201e<i>roszcze\u0144<\/i>\u201d. Dwa lata wcze\u015bniej w Pradze przemys\u0142 holokaustu zorganizowa\u0142 mi\u0119dzynarodow\u0105 konferencj\u0119, kt\u00f3rej efektem by\u0142a \u201e<i>deklaracja terezi\u0144ska<\/i>\u201d uwa\u017cana za rodzaj \u201e<i>moralnej podstawy<\/i>\u201d \u017cydowskich roszcze\u0144. Ta deklaracja sta\u0142a si\u0119 z kolei pretekstem do przeforsowania w ameryka\u0144skim Kongresie ustawy nr 447, na podstawie kt\u00f3rej rz\u0105d USA przyj\u0105\u0142 na siebie zobowi\u0105zanie dopilnowania, \u017ceby kraje, do kt\u00f3rych przemys\u0142 holokaustu zwr\u00f3ci si\u0119 o haracz, ten haracz wyp\u0142aci\u0142y. Wobec kompletnej bezczynno\u015bci polskich w\u0142adz, kt\u00f3re zorganizowa\u0142y nawet co\u015b w rodzaju dywersji wobec wysi\u0142k\u00f3w Polonii ameryka\u0144skiej, by t\u0119 ustaw\u0119 zablokowa\u0107 w Izbie Reprezentant\u00f3w Kongresu USA, prezydent Trump, w imieniu Naszego Najwa\u017cniejszego Sojusznika, podpisa\u0142 j\u0105 w roku 2018. Mleko si\u0119 rozla\u0142o, ale Umi\u0142owani Przyw\u00f3dcy, zar\u00f3wno z obozu \u201e<i>dobrej zmiany<\/i>\u201d, jak i obozu zdrady i zaprza\u0144stwa bagatelizowa\u0142y t\u0119 spraw\u0119, albo w og\u00f3le nie zabieraj\u0105c g\u0142osu, albo deklamuj\u0105c, \u017ce nie oddamy ani guzika. Nie zmieni\u0142o tego nawet ujawnienie, i\u017c w\u0142adze polskie prowadz\u0105 z przedstawicielami Departamentu Stanu USA rozmowy w sprawie realizacji tych roszcze\u0144. W tej sytuacji zaproponowa\u0142em przyj\u0119cie ustawy \u201e<i>antyroszczeniowej<\/i>\u201d, zobowi\u0105zuj\u0105cej Rad\u0119 Ministr\u00f3w do o\u015bwiadczenia, i\u017c Rzeczpospolita Polska nie zado\u015b\u0107uczyni \u017cadnym roszczeniom odnosz\u0105cym si\u0119 do tzw. \u201e<i>w\u0142asno\u015bci bezdziedzicznej<\/i>\u201d i nak\u0142adaj\u0105cej kary, jak za \u201e<i>zdrad\u0119 dyplomatyczn\u0105<\/i>\u201d (art. 129 kodeksu karnego) na sprawc\u00f3w wszelkich pr\u00f3b z\u0142amania tego zakazu, czy pr\u00f3b jego obej\u015bcia. Pojawi\u0142 si\u0119 te\u017c drugi, podobny projekt autorstwa pos\u0142a Rzymkowskiego, od kt\u00f3rego jednak autor wkr\u00f3tce si\u0119 odci\u0105\u0142 i uzna\u0142 go za \u201e<i>niepotrzebny<\/i>\u201d, po czym przeszed\u0142 do Klubu Parlamentarnego PiS i zosta\u0142 pos\u0142em na obecn\u0105 kadencj\u0119 z listy Zjednoczonej Prawicy. Ale pod podobnym projektem Roty Niepodleg\u0142o\u015bci, kierowane przez pana Roberta B\u0105kiewicza, zebra\u0142y ponad 200 tys. podpis\u00f3w i projekt ten, jako \u201e<i>projekt obywatelski<\/i>\u201d trafi\u0142 do Sejmu, kt\u00f3ry mia\u0142 obowi\u0105zek postawi\u0107 go na porz\u0105dku dziennym w terminie 3 miesi\u0119cy. I tak si\u0119 sta\u0142o &#8211; ale projekt zosta\u0142 skierowany do komisji, gdzie bez \u015bladu uton\u0105\u0142, a &#8211; o ile mi wiadomo &#8211; organizator akcji zbierania pod nim podpis\u00f3w przesta\u0142 si\u0119 jego losem interesowa\u0107.<\/p>\r\n<p>Kiedy w ten oto spos\u00f3b Naczelnik Pa\u0144stwa zablokowa\u0142 wszelkie pr\u00f3by chwycenia byka za rogi i zaj\u0119cia jasnego i zdecydowanego stanowiska, to swoim zwyczajem przyst\u0105pi\u0142 do tak zwanego \u201e<i>chachm\u0119cenia<\/i>\u201d, to znaczy &#8211; schowania przepisu blokuj\u0105cego mo\u017cliwo\u015b\u0107 realizowania roszcze\u0144 odnosz\u0105cych si\u0119 do \u201e<i>w\u0142asno\u015bci bezdziedzicznej<\/i>\u201d w jakiej\u015b innej ustawie i niepostrze\u017cenie przepchn\u0105\u0107 j\u0105 przez Sejm. Pad\u0142o na kodeks post\u0119powania administracyjnego, gdzie w art. 156 postanowiono dopisa\u0107 paragraf 3 stanowi\u0105cy, \u017ce nie jest dopuszczalne stwierdzenie niewa\u017cno\u015bci decyzji nawet podj\u0119tej z ra\u017c\u0105cym naruszeniem prawa, je\u015bli od jej podj\u0119cia lub og\u0142oszenia min\u0119\u0142o 30 lat, a inne osoby naby\u0142y dzi\u0119ki niej prawa, albo przynajmniej ekspektatyw\u0119.<\/p>\r\n<p>Ale zanim jeszcze projekt nowelizacji kpa trafi\u0142 pod obrady Sejmu, czujny jak \u017curaw przedstawiciel Departamentu Stanu USA na Polsk\u0119, charge d\u2019affaires USA w Warszawie, pan Bix Alliu, w li\u015bcie do pani marsza\u0142ek Witek da\u0142 wyraz swemu straszliwemu zaniepokojeniu, \u017ce nowelizacja zablokuje zado\u015b\u0107uczynienie ocala\u0142ym z holokaustu oraz ich rodzinom, powo\u0142uj\u0105c si\u0119 przy tym w\u0142a\u015bnie na ustaw\u0119 447. Jako cz\u0142owiek uwa\u017caj\u0105cy Jaros\u0142awa Kaczy\u0144skiego za wirtuoza intrygi, jestem prawie pewien, \u017ce tak w\u0142a\u015bnie sobie to wykombinowa\u0142, a mo\u017ce nawet osobi\u015bcie obudzi\u0142 czujno\u015b\u0107 pana Blix Alliu &#8211; bo niby sk\u0105d mia\u0142by on wiedzie\u0107, \u017ce ma tak\u0105 uwag\u0119 zwraca\u0107 akurat na nowelizacj\u0119 nudnego kodeksu post\u0119powania administracyjnego? Zamarkujemy intencj\u0119 zablokowania mo\u017cliwo\u015bci realizowania roszcze\u0144, ale potem, kiedy na Polsk\u0119 obruszy si\u0119 gniew Departamentu Stanu i bezcennego Izraela, ulegniemy przemocy. Bo bezcenny Izrael te\u017c ju\u017c gniewnie zareagowa\u0142. Nikt tedy nie b\u0119dzie mia\u0142 do nas pretensji o zablokowanie poprzednich propozycji ustaw antyroszczeniowych, bo przecie\u017c dobrze chcieli\u015bmy, a \u017ce wysz\u0142o jak zawsze, to ju\u017c si\u0142a wy\u017csza. Podobna sytuacja mia\u0142a miejsce za rz\u0105d\u00f3w AWS, kt\u00f3re forsowa\u0142o ustaw\u0119 restytucyjn\u0105, firmowan\u0105 przez pana prof. Biel\u0119, kt\u00f3ra zawiera\u0142a \u201e<i>paragraf aryjski<\/i>\u201d w postaci zablokowania mo\u017cliwo\u015bci dochodzenia roszcze\u0144 osobom, kt\u00f3re nie mieszka\u0142y w Polsce przez ostatnie 5 lat. Osobi\u015bcie odradza\u0142em panu profesorowi umieszczanie \u201e<i>paragrafu aryjskiego<\/i>\u201d, wskazuj\u0105c na inne, bezpieczne wyj\u015bcie, ale gdzie tam! \u201e<i>Paragraf aryjski<\/i>\u201d pozosta\u0142, prezydent Kwa\u015bniewski ustaw\u0119 zawetowa\u0142 i tyle. Dopiero wtedy ze wstydem zrozumia\u0142em, \u017ce AWS, nie m\u00f3wi\u0105c ju\u017c o UW, nie mia\u0142y najmniejszego zamiaru przeprowadzenia restytucji w\u0142asno\u015bci, tylko nie chcia\u0142y si\u0119 do tego przyzna\u0107, wi\u0119c stworzy\u0142y pozory. I teraz, jak przypuszczam, Jaros\u0142aw Kaczy\u0144ski robi dok\u0142adnie to samo, a ka\u017cdego, kto go skrytykuje, postraszy Putinem, kt\u00f3ry jest dobry na wszystko, nawet \u201e<i>na \u0142adn\u0105 niewinn\u0105 panienk\u0119<\/i>\u201d.<\/p>\r\n<p><strong><em>Stanis\u0142aw Michalkiewicz<\/em><\/strong><\/p>\r\n<p>Felieton &nbsp;<b>\u2022<\/b>&nbsp; serwis \u201ePrawy.pl\u201d (prawy.pl) &nbsp;<b>\u2022<\/b>&nbsp; 1 lipca 2021<\/p>","protected":false},"excerpt":{"rendered":"\u201eNa nic fortele, na nic fortele! G\u0142upi wygrywa, m\u0105dry ginie!\u201d &#8211; Takie my\u015bli z szybko\u015bci\u0105 b\u0142yskawicy przelatywa\u0142y przez g\u0142ow\u0119 pana Zag\u0142oby, p\u0119dz\u0105cego wraz z husari\u0105 dowodzon\u0105 przez pana Skrzetuskiego do ataku na wojsko Krzywonosa. Rzeczywi\u015bcie; na pierwszy rzut oka wygl\u0105da na to, \u017ce umi\u0142owane przez Naczelnika Pa\u0144stwa intrygi i spiskowe metody wzi\u0119\u0142y w \u0142eb. Chodzi [&hellip;]","protected":false},"author":1,"featured_media":0,"comment_status":"closed","ping_status":"closed","sticky":false,"template":"","format":"standard","meta":{"_acf_changed":false,"_monsterinsights_skip_tracking":false,"_monsterinsights_sitenote_active":false,"_monsterinsights_sitenote_note":"","_monsterinsights_sitenote_category":0,"ngg_post_thumbnail":0,"footnotes":"","_wp_rev_ctl_limit":""},"categories":[13,9],"tags":[65,22,61,98,53,37,34,20,221],"acf":[],"_links":{"self":[{"href":"https:\/\/www.bibula.com\/index.php?rest_route=\/wp\/v2\/posts\/126203"}],"collection":[{"href":"https:\/\/www.bibula.com\/index.php?rest_route=\/wp\/v2\/posts"}],"about":[{"href":"https:\/\/www.bibula.com\/index.php?rest_route=\/wp\/v2\/types\/post"}],"author":[{"embeddable":true,"href":"https:\/\/www.bibula.com\/index.php?rest_route=\/wp\/v2\/users\/1"}],"replies":[{"embeddable":true,"href":"https:\/\/www.bibula.com\/index.php?rest_route=%2Fwp%2Fv2%2Fcomments&post=126203"}],"version-history":[{"count":1,"href":"https:\/\/www.bibula.com\/index.php?rest_route=\/wp\/v2\/posts\/126203\/revisions"}],"predecessor-version":[{"id":126204,"href":"https:\/\/www.bibula.com\/index.php?rest_route=\/wp\/v2\/posts\/126203\/revisions\/126204"}],"wp:attachment":[{"href":"https:\/\/www.bibula.com\/index.php?rest_route=%2Fwp%2Fv2%2Fmedia&parent=126203"}],"wp:term":[{"taxonomy":"category","embeddable":true,"href":"https:\/\/www.bibula.com\/index.php?rest_route=%2Fwp%2Fv2%2Fcategories&post=126203"},{"taxonomy":"post_tag","embeddable":true,"href":"https:\/\/www.bibula.com\/index.php?rest_route=%2Fwp%2Fv2%2Ftags&post=126203"}],"curies":[{"name":"wp","href":"https:\/\/api.w.org\/{rel}","templated":true}]}}