{"id":126200,"date":"2021-07-02T16:39:53","date_gmt":"2021-07-02T20:39:53","guid":{"rendered":"https:\/\/www.bibula.com\/?p=126200"},"modified":"2021-07-02T16:39:53","modified_gmt":"2021-07-02T20:39:53","slug":"wakacji-w-tym-roku-nie-bedzie-zaszczepieni-musza-poddac-sie-kwarantannie","status":"publish","type":"post","link":"https:\/\/www.bibula.com\/?p=126200","title":{"rendered":"Wakacji w tym roku nie b\u0119dzie? Zaszczepieni musz\u0105 podda\u0107 si\u0119 kwarantannie"},"content":{"rendered":"<p><strong>Liczba dodatnich wynik\u00f3w na koronawirusa w Europie przybiera na sile. Kraje wprowadzaj\u0105 kolejne obostrzenia, restrykcje, nakazy i zakazy. Portugalia, opr\u00f3cz wprowadzenia godziny policyjnej, og\u0142osi\u0142a tak\u017ce, \u017ce kwarantannie po kontakcie z zaka\u017con\u0105 osob\u0105 musz\u0105 si\u0119 podda\u0107 nawet zaszczepieni.<\/strong><\/p>\r\n<p>Zabawa startuje od nowa. Szczepienia mia\u0142y zapewni\u0107 powr\u00f3t do tzw. normalno\u015bci, tymczasem przywracane s\u0105 zasady obowi\u0105zuj\u0105ce podczas pierwszej, drugiej i trzeciej fali koronawirusa.<\/p>\r\n<p>Generalna Dyrekcja ds. Zdrowia (DGS) w Portugalii og\u0142osi\u0142a, \u017ce obowi\u0105zek kwarantanny dotyczy \u201cw r\u00f3wnym stopniu\u201d os\u00f3b, kt\u00f3re przesz\u0142y pe\u0142en proces szczepie\u0144, jak i tych obywateli, kt\u00f3rzy nie zostali jeszcze zaszczepieni.<\/p>\r\n<p>\u201eOsoby, kt\u00f3re zako\u0144czy\u0142y proces szczepie\u0144 przeciwko koronawirusowi, musz\u0105 podda\u0107 si\u0119 14-dniowej kwarantannie, je\u015bli mia\u0142y kontakt z chorym na Covid-19\u201d \u2013 brzmi fragment komunikatu DGS.<\/p>\r\n<p>Resort zdrowia poda\u0142 te\u017c, i\u017c w 10-milionowej Portugalii do szczepie\u0144 wykorzystano ju\u017c ponad 8 mln dawek preparat\u00f3w przeciwko Covid-19, a proces szczepie\u0144 zako\u0144czy\u0142o 3,5 mln os\u00f3b.<\/p>\r\n<p>Ponadto rz\u0105d Portugalii opublikowa\u0142 w dzienniku ustaw rozporz\u0105dzenie przewiduj\u0105ce zwrot ka\u017cdemu obywatelowi pe\u0142nego kosztu wykonanych w ci\u0105gu miesi\u0105ca test\u00f3w antygenowych \u2013 maksymalnie czterech.<\/p>\r\n<p>Portugalia og\u0142osi\u0142a tak\u017ce, \u017ce przywraca godzin\u0119 policyjn\u0105. Wi\u0119cej w poni\u017cszym tek\u015bcie.<\/p>\r\n<p class=\"zrodlo\">Ca\u0142o\u015b\u0107: <a href=\"https:\/\/nczas.com\/2021\/07\/02\/wakacji-w-tym-roku-nie-bedzie-zaszczepieni-musza-poddac-sie-kwarantannie\/\">Najwy\u017cszy Czas! (2 lipca 2021)<\/a><\/p>\r\n<h4>&nbsp;<\/h4>\r\n<hr style=\"background-color: #000000; border-width: 0; color: #000000; height: 2px; line-height: 0; text-align: center; width: 100%;\">\r\n<h4>&nbsp;<\/h4>\r\n<h2>Premier Portugalii zaszczepi\u0142 si\u0119 i\u2026 zosta\u0142 wys\u0142any na kwarantann\u0119<\/h2>\r\n<p><strong>Premier Portugalii zosta\u0142 poddany kwarantannie po kontakcie z osob\u0105 zara\u017con\u0105 \u2013 poinformowa\u0142 portal Econews \u2013 Portuguese Economy. Musia\u0142 si\u0119 podda\u0107 izolacji mimo pe\u0142nego zaszczepienia.<\/strong><span id=\"more-752006\"><\/span> [&#8230;]<\/p>\r\n<p>Prezydent Portugalii o\u015bwiadczy\u0142, \u017ce ministerstwo zdrowia powinno wyja\u015bni\u0107 szczeg\u00f3\u0142owo dlaczego szef rz\u0105du pomimo posiadania tzw. paszportu covidowego i przej\u015bcia pe\u0142nego procesu szczepie\u0144 musia\u0142 zosta\u0107 poddany izolacji. \u201eTrzeba precyzyjnie wyja\u015bni\u0107 spo\u0142ecze\u0144stwu dlaczego premier musi odbywa\u0107 kwarantann\u0119, w przeciwnym razie zlekcewa\u017cy ono proces szczepie\u0144, uznaj\u0105c go za niepotrzebny\u201d \u2013 stwierdzi\u0142 Rebelo de Sousa. [&#8230;]<\/p>\r\n<p>\u201eZe wzgl\u0119du na kontakt z cz\u0142onkiem gabinetu, kt\u00f3ry okaza\u0142 si\u0119 potwierdzonym pozytywnym przypadkiem Covid-19, i pomimo posiadania ju\u017c dw\u00f3ch dawek szczepionki od ponad p\u00f3\u0142tora miesi\u0105ca i przestrzegania zasady zachowania dystansu fizycznego i noszenia maski premier przestrzega okresu profilaktycznej izolacji ustalonego przez w\u0142adze zdrowotne\u201d \u2013 czytamy w o\u015bwiadczeniu wys\u0142anym przez rz\u0105d Portugalii.[&#8230;]<\/p>\r\n<p>W artykule [<em>na portalu kresy.pl<\/em>] stwierdzono, \u017ce nale\u017cy naby\u0107 co najmniej jedn\u0105 inn\u0105 szczepionk\u0119 typu mRNA, a tak\u017ce szczepionk\u0119 wykorzystuj\u0105c\u0105 inn\u0105 technologi\u0119, aby pom\u00f3c chroni\u0107 przed zatorami w produkcji.<\/p>\r\n<p>\u201eW Niemczech nale\u017ca\u0142oby si\u0119 spodziewa\u0107 dostaw nieco ponad dw\u00f3ch dawek na mieszka\u0144ca, wliczaj\u0105c w to rezerw\u0119 bezpiecze\u0144stwa\u201d \u2013 cytuj\u0105 niemieckie media. Jak podaje portal Interia, wed\u0142ug raportu zaleca si\u0119: \u201eTerminowe zabezpieczenie dodatkowych ilo\u015bci szczepionki w celu ochrony przed mutacjami i na szczepienia uzupe\u0142niaj\u0105ce\u201d.<\/p>\r\n<p>Ma to wszystko sens?<\/p>\r\n<p>\u0179r\u00f3d\u0142o: kresy.pl<\/p>\r\n<p class=\"zrodlo\">Ca\u0142o\u015b\u0107: <a href=\"https:\/\/www.magnapolonia.org\/premier-portugalii-zaszczepil-sie-i-zostal-wyslany-na-kwarantanne\/\">magnapolonia.org (2 lipca 2021)<\/a><\/p>\r\n<h4>&nbsp;<\/h4>\r\n<hr style=\"background-color: #000000; border-width: 0; color: #000000; height: 2px; line-height: 0; text-align: center; width: 100%;\">\r\n<h4>&nbsp;<\/h4>","protected":false},"excerpt":{"rendered":"Liczba dodatnich wynik\u00f3w na koronawirusa w Europie przybiera na sile. Kraje wprowadzaj\u0105 kolejne obostrzenia, restrykcje, nakazy i zakazy. Portugalia, opr\u00f3cz wprowadzenia godziny policyjnej, og\u0142osi\u0142a tak\u017ce, \u017ce kwarantannie po kontakcie z zaka\u017con\u0105 osob\u0105 musz\u0105 si\u0119 podda\u0107 nawet zaszczepieni. Zabawa startuje od nowa. Szczepienia mia\u0142y zapewni\u0107 powr\u00f3t do tzw. normalno\u015bci, tymczasem przywracane s\u0105 zasady obowi\u0105zuj\u0105ce podczas pierwszej, [&hellip;]","protected":false},"author":1,"featured_media":0,"comment_status":"closed","ping_status":"closed","sticky":false,"template":"","format":"standard","meta":{"_acf_changed":false,"_monsterinsights_skip_tracking":false,"_monsterinsights_sitenote_active":false,"_monsterinsights_sitenote_note":"","_monsterinsights_sitenote_category":0,"ngg_post_thumbnail":0,"footnotes":"","_wp_rev_ctl_limit":""},"categories":[13,451],"tags":[433,23,224,20,452],"acf":[],"_links":{"self":[{"href":"https:\/\/www.bibula.com\/index.php?rest_route=\/wp\/v2\/posts\/126200"}],"collection":[{"href":"https:\/\/www.bibula.com\/index.php?rest_route=\/wp\/v2\/posts"}],"about":[{"href":"https:\/\/www.bibula.com\/index.php?rest_route=\/wp\/v2\/types\/post"}],"author":[{"embeddable":true,"href":"https:\/\/www.bibula.com\/index.php?rest_route=\/wp\/v2\/users\/1"}],"replies":[{"embeddable":true,"href":"https:\/\/www.bibula.com\/index.php?rest_route=%2Fwp%2Fv2%2Fcomments&post=126200"}],"version-history":[{"count":2,"href":"https:\/\/www.bibula.com\/index.php?rest_route=\/wp\/v2\/posts\/126200\/revisions"}],"predecessor-version":[{"id":126202,"href":"https:\/\/www.bibula.com\/index.php?rest_route=\/wp\/v2\/posts\/126200\/revisions\/126202"}],"wp:attachment":[{"href":"https:\/\/www.bibula.com\/index.php?rest_route=%2Fwp%2Fv2%2Fmedia&parent=126200"}],"wp:term":[{"taxonomy":"category","embeddable":true,"href":"https:\/\/www.bibula.com\/index.php?rest_route=%2Fwp%2Fv2%2Fcategories&post=126200"},{"taxonomy":"post_tag","embeddable":true,"href":"https:\/\/www.bibula.com\/index.php?rest_route=%2Fwp%2Fv2%2Ftags&post=126200"}],"curies":[{"name":"wp","href":"https:\/\/api.w.org\/{rel}","templated":true}]}}