{"id":1261,"date":"2007-10-12T00:00:00","date_gmt":"2007-10-12T00:00:00","guid":{"rendered":""},"modified":"-0001-11-30T00:00:00","modified_gmt":"-0001-11-30T04:00:00","slug":"","status":"publish","type":"post","link":"https:\/\/www.bibula.com\/?p=1261","title":{"rendered":"Socjalistyczny rz\u0105d Hiszpanii usunie wszystkie symbole i pomniki genera\u0142a Franco"},"content":{"rendered":"<p>Wszystkie  wystawione publicznie pami\u0105tki, w tym pomniki, tablice pami\u0105tkowe, nazwy ulic i wszelkie inne symbole zwi\u0105zane z genera\u0142em Francisco Franco i jego wsp\u00f3\u0142pracownikami, zostan\u0105 usuni\u0119te &#8211; planuje socjalistyczny rz\u0105d Hiszpanii.<\/p>\r\n<p>Wed\u0142ug  ustawy przedstawionej parlamentowi w zesz\u0142ym tygodniu, znikn\u0105\u0107 b\u0119d\u0105 musia\u0142y z miejsc publicznych wszelkie najmniejsze tablice pami\u0105tkowe a nawet  witra\u017ce przedstawiaj\u0105ce symbol Falangi, antykomunistycznej partii narodowej. <\/p>\r\n<p>W ci\u0105gu ostatnich lat  socjaldemokratyczny rz\u0105d premiera Zapatero walczy z najchlubniejszymi kartami historii Hiszpanii, kieruj\u0105c kraj drog\u0105 socjalistycznej destrukcji. Rozpocz\u0119ty proces usuwania pami\u0105tek po generale Franco, ma zosta\u0107 zintensyfikowany.<\/p>\r\n<p>&nbsp;<\/p>\r\n<ul>\r\n  <li><strong> Sylwetka genera\u0142a Franco zosta\u0142a doskonale przedstawiona przez dr. Jacka Bartyzela [ZOB: <a class=\"content_sz\" href=\"http:\/\/konserwatyzm.pl\/content\/view\/1642\/118\/\" target=\"_blank\">konserwatyzm.pl<\/a>] <\/strong><\/li>\r\n<\/ul>\r\n<p>&nbsp;<\/p>\r\n<p>CZYTAJ:<\/p>\r\n<ul>\r\n  <li> <a class=\"content_sz\" href =\"http:\/\/konserwatyzm.pl\/content\/view\/1977\/140\/\" target=\"_blank\">Ostatnia Krucjata Hiszpania 1936 &#8211; <em>Warren H. Carroll<\/em><\/a><\/li>\r\n  <li><a class=\"content_sz\" href =\"http:\/\/www.tedeum.pl\/?nr=2&amp;id=705\" target=\"_blank\">Hiszpania Franco. &#377;r\u00f3d\u0142a i istota doktryny politycznej &#8211; <em>Adam Wielomski<\/em><\/a><em><\/em> <\/li>\r\n<\/ul>\r\n<p>&nbsp;<\/p>\r\n\r\n","protected":false},"excerpt":{"rendered":"Wszystkie wystawione publicznie pami\u0105tki, w tym pomniki, tablice pami\u0105tkowe, nazwy ulic i wszelkie inne symbole zwi\u0105zane z genera\u0142em Francisco Franco i jego wsp\u00f3\u0142pracownikami, zostan\u0105 usuni\u0119te &#8211; planuje socjalistyczny rz\u0105d Hiszpanii. Wed\u0142ug ustawy przedstawionej parlamentowi w zesz\u0142ym tygodniu, znikn\u0105\u0107 b\u0119d\u0105 musia\u0142y z miejsc publicznych wszelkie najmniejsze tablice pami\u0105tkowe a nawet witra\u017ce przedstawiaj\u0105ce symbol Falangi, antykomunistycznej partii [&hellip;]","protected":false},"author":1,"featured_media":0,"comment_status":"closed","ping_status":"open","sticky":false,"template":"","format":"standard","meta":{"_acf_changed":false,"_monsterinsights_skip_tracking":false,"_monsterinsights_sitenote_active":false,"_monsterinsights_sitenote_note":"","_monsterinsights_sitenote_category":0,"ngg_post_thumbnail":0,"footnotes":"","_wp_rev_ctl_limit":""},"categories":[6],"tags":[],"acf":[],"_links":{"self":[{"href":"https:\/\/www.bibula.com\/index.php?rest_route=\/wp\/v2\/posts\/1261"}],"collection":[{"href":"https:\/\/www.bibula.com\/index.php?rest_route=\/wp\/v2\/posts"}],"about":[{"href":"https:\/\/www.bibula.com\/index.php?rest_route=\/wp\/v2\/types\/post"}],"author":[{"embeddable":true,"href":"https:\/\/www.bibula.com\/index.php?rest_route=\/wp\/v2\/users\/1"}],"replies":[{"embeddable":true,"href":"https:\/\/www.bibula.com\/index.php?rest_route=%2Fwp%2Fv2%2Fcomments&post=1261"}],"version-history":[{"count":0,"href":"https:\/\/www.bibula.com\/index.php?rest_route=\/wp\/v2\/posts\/1261\/revisions"}],"wp:attachment":[{"href":"https:\/\/www.bibula.com\/index.php?rest_route=%2Fwp%2Fv2%2Fmedia&parent=1261"}],"wp:term":[{"taxonomy":"category","embeddable":true,"href":"https:\/\/www.bibula.com\/index.php?rest_route=%2Fwp%2Fv2%2Fcategories&post=1261"},{"taxonomy":"post_tag","embeddable":true,"href":"https:\/\/www.bibula.com\/index.php?rest_route=%2Fwp%2Fv2%2Ftags&post=1261"}],"curies":[{"name":"wp","href":"https:\/\/api.w.org\/{rel}","templated":true}]}}