{"id":126076,"date":"2021-06-26T12:17:15","date_gmt":"2021-06-26T16:17:15","guid":{"rendered":"https:\/\/www.bibula.com\/?p=126076"},"modified":"2021-06-26T12:17:15","modified_gmt":"2021-06-26T16:17:15","slug":"zaszczepieni-na-kwarantanne-katarzyna-ts","status":"publish","type":"post","link":"https:\/\/www.bibula.com\/?p=126076","title":{"rendered":"Zaszczepieni na kwarantann\u0119 &#8211; <em>Katarzyna TS<\/em>"},"content":{"rendered":"<p>Mia\u0142o by\u0107 tak: dwie dawki szczepionki i wracamy do normalno\u015bci. Aby uwiarygodni\u0107 ten przekaz rz\u0105dowa propaganda rzuci\u0142a has\u0142o \u201eOstatnia Prosta\u201d. Wicie, rozumicie \u2013 meta jest blisko, wystarczy kuju-kuju i wirus zostanie pokonany, a wy znowu b\u0119dziecie mogli normalnie \u017cy\u0107. Gdy m\u0105drzy ludzie ostrzegali, \u017ce szczepionki nie wyeliminuj\u0105 wirusa i na dw\u00f3ch dawkach zabawa si\u0119 nie sko\u0144czy, natychmiast rozlega\u0142o si\u0119 wycie, \u017ce to foliarze i antyszczepy, a do tego ruskie onuce realizuj\u0105ce scenariusz pisany przez KGB. A wi\u0119c niespodzianka! W \u015brod\u0119 (23.06.2021) dyrektor generalny izraelskiego ministerstwa zdrowia, Chezy Levy, o\u015bwiadczy\u0142, co nast\u0119puje: <strong>\u201eW pe\u0142ni zaszczepione osoby, kt\u00f3re mia\u0142y kontakt z nowym wariantem SARS- CoV-2, b\u0119d\u0105 poddawane kwarantannie\u201d.<\/strong> Dlaczego? Dlatego, \u017ce oko\u0142o 40-50 proc. nowych przypadk\u00f3w stwierdzonych zaka\u017ce\u0144 stanowi\u0105 osoby zaszczepione. <em>\u2013 Chocia\u017c liczby zwi\u0105zane z zaka\u017ceniami nie s\u0105 najwy\u017csze to fakt, \u017ce nowy szczep dotyka osoby w pe\u0142ni zaszczepione sprawia, \u017ce musimy pozna\u0107 dok\u0142adn\u0105 liczb\u0119 zaka\u017ce\u0144 w\u015br\u00f3d os\u00f3b zaszczepionych<\/em> \u2013 o\u015bwiadczy\u0142 Levy.<\/p>\r\n<p>I co teraz? Teraz zaszczepieni nadludzie, kt\u00f3rzy uwierzyli, \u017ce kuju-kuju pokona wirusa, b\u0119d\u0105 siedzie\u0107 w aresztach domowych i skroba\u0107 si\u0119 po g\u0142owach pr\u00f3buj\u0105c dociec, jak to mo\u017cliwe. A wi\u0119c wyja\u015bniam po raz kolejny: szczepionka nie wyeliminuje koronawirusa tak jak nie wyeliminowa\u0142a wirusa grypy. Opcja \u201eZero Covid\u201d jest niemo\u017cliwa do zrealizowania. Nie pomo\u017ce masowe testowanie, nie pomo\u017ce DDM, nie pomo\u017ce lockdown, nie pomog\u0105 szczepionki. &nbsp;Pora zrozumie\u0107, \u017ce koronawirus zostanie z nami na zawsze i b\u0119dziemy musieli z nim \u017cy\u0107, tak jak \u017cyjemy z wirusem grypy. \u015amiertelno\u015b\u0107 wywo\u0142ywana przez te wirusy jest na zbli\u017conym poziomie. Tak, niekt\u00f3rzy spo\u015br\u00f3d zaka\u017conych koronawirusem umr\u0105, tak jak umieraj\u0105 niekt\u00f3rzy spo\u015br\u00f3d zaka\u017conych gryp\u0105. Ale je\u015bli nadal wirus SARS-Cov-2 b\u0119dzie traktowany nie jak grypa, ale jak d\u017cuma, zgon\u00f3w b\u0119dzie o wiele wi\u0119cej ni\u017c gdyby nie podj\u0119to \u017cadnej walki z pandemi\u0105. To ju\u017c pokaza\u0142a praktyka i \u017cadne propagandowe wygibasy tego nie zmieni\u0105. Tymczasem doszli\u015bmy ju\u017c do etapu, w kt\u00f3rym zaszczepieni siedz\u0105 na kwarantannie. Je\u015bli to nie wywo\u0142a otrze\u017awienia u fan\u00f3w maskowania, lockdownu i szczepionki, to nie wiem, co jeszcze musi si\u0119 sta\u0107, \u017ceby poszli po rozum do g\u0142owy.<\/p>\r\n<p>Niestety, zamiast rozumu mamy kolejne przyk\u0142ady pomys\u0142\u00f3w segregacyjnych. Oto dzisiejszy wpis na Twitterze pokazuj\u0105cy, jakie praktyki zaczynaj\u0105 pojawia\u0107 si\u0119 w Polsce. Jest to oczywiste bezprawie, ale r\u00f3wnie\u017c dzia\u0142anie bez sensu. Zaszczepieni choruj\u0105 i zaka\u017caj\u0105. Jakie podstawy medyczne ma zatem poni\u017cszy pomys\u0142? \u017badne. To jest czystej wody foliarstwo w s\u0142u\u017cbie terroryzowania spo\u0142ecze\u0144stwa. Nic poza tym!<\/p>\r\n<p><img fetchpriority=\"high\" decoding=\"async\" class=\"aligncenter\" src=\"https:\/\/wprawo.pl\/wp-content\/uploads\/2021\/06\/poz-w-Legnicy.png\" width=\"693\" height=\"617\"><\/p>\r\n<p>Co mog\u0105 zrobi\u0107 normalni ludzie w obliczu takiej g\u0142upoty po\u0142\u0105czonej z agresj\u0105 i dyskryminacj\u0105? Oczywi\u015bcie trzeba demaskowa\u0107 rz\u0105dowe i medialne k\u0142amstwa, ale czasem to za ma\u0142o. Do niekt\u00f3rych kowidian wierz\u0105cych w \u015bwi\u0119t\u0105 szmatk\u0119 i szczepionkow\u0105 \u201eOstatni\u0105 Prost\u0105\u201d \u017cadne t\u0142umaczenie nie dotrze, bo oni tak ju\u017c ugrz\u0119\u017ali w tych bredniach, \u017ce \u201e\u015awi\u0119ty Bo\u017ce nie pomo\u017ce\u201d. Co wi\u0119c zostaje? Niestety, w przypadkach skrajnych pozostaje konfrontacja i to w ostrej formie. Kowidianom trzeba przeciwstawia\u0107 si\u0119 wsz\u0119dzie, gdzie to mo\u017cliwe. Ale przede wszystkim trzeba przeciwstawia\u0107 si\u0119 tym, kt\u00f3rzy tworz\u0105 t\u0119 patologiczn\u0105 \u201enow\u0105 normalno\u015b\u0107\u201d. Jak?<\/p>\r\n<p>Po pierwsze, nie g\u0142osowa\u0107 na partie, kt\u00f3re popieraj\u0105 sanitaryzm. Zapomnijcie o zasadzie \u201emniejszego z\u0142a\u201d. Ka\u017cda partia, kt\u00f3ra aprobuje lockdown i DDM oraz nawo\u0142uje do segregacji sanitarnej, jest takim samym z\u0142em. Chcecie normalnie \u017cy\u0107, to nie g\u0142osujcie na tych, kt\u00f3rzy wdra\u017caj\u0105 i popieraj\u0105 nienormalno\u015b\u0107.<\/p>\r\n<p>Po drugie, ka\u017cdy kto usi\u0142uje wprowadza\u0107 patologiczne pomys\u0142y segregacyjne lub bierze udzia\u0142 w pandemicznym n\u0119kaniu spo\u0142ecze\u0144stwa, powinien by\u015b \u015bcigany prawnie. I tak\u0105 \u015bwietn\u0105 robot\u0119 ju\u017c wykonuje wielu prawnik\u00f3w, o czym na Twitterze regularnie informuje portal OtwieraMY. <em>\u2013 Na pomys\u0142 wprowadzenia opasek dla niezaszczepionych w trakcie festynu wpad\u0142 burmistrz Glinojecka, \u0141ukasz Kopczy\u0144ski, wraz z tamtejszym o\u015brodkiem kultury. Po interwencji prawnik\u00f3w impreza zosta\u0142a odwo\u0142ana, jednak dopilnujemy, \u017ceby sprawa znalaz\u0142a sw\u00f3j fina\u0142 w s\u0105dzie<\/em> \u2013 czytam we wpisie z 24 czerwca. <em>\u2013 Po uchyleniu pierwszej kary i w oczekiwaniu na zwrot kolejnych 30 000 z\u0142, kt\u00f3re w ca\u0142o\u015bci zostan\u0105 przekazane na cel wskazany przez internaut\u00f3w, ruszaj\u0105 pozwy cywilne przeciwko dyrektorowi sanepidu w Rybniku, Micha\u0142owi Dudkowi, kt\u00f3remu gwarantujemy moc wra\u017ce\u0144 na sali s\u0105dowej <\/em>\u2013 pisze OtwieraMY 15 czerwca. Takich informacji jest bardzo wiele i nale\u017cy je nag\u0142a\u015bnia\u0107, \u017ceby by\u0142y przestrog\u0105 dla kolejnych amator\u00f3w pandemicznego zamordyzmu. Oni musz\u0105 dowiedzie\u0107 si\u0119, \u017ce takie dzia\u0142anie oznacza powa\u017cne k\u0142opoty.<\/p>\r\n<p>Po trzecie, nale\u017cy ca\u0142y czas przypomina\u0107 o zbrodni, jakiej dopu\u015bcili si\u0119 rz\u0105dz\u0105cy zamykaj\u0105c s\u0142u\u017cb\u0119 zdrowia przed chorymi, co ju\u017c doprowadzi\u0142o do 140 tys. nadmiarowych zgon\u00f3w. To nie mo\u017ce zosta\u0107 przykryte, zagadane, zapomniane. Nawet je\u015bli nigdy nie odpowiedz\u0105 za to karnie, ta prawda musi ich \u015bciga\u0107 zawsze i wsz\u0119dzie. Jeste\u015bmy to winni ofiarom \u015bmierciono\u015bnego systemu, kt\u00f3ry stworzyli politycy partii rz\u0105dz\u0105cej.<\/p>\r\n<p>Na koniec jeszcze jedno \u2013 tam gdzie nie dotrzesz pro\u015bb\u0105 lub gro\u017ab\u0105, tam dotrzesz \u015bmiechem i \u017cartem. A zatem \u015bmiejmy si\u0119 z tych zadufanych w sobie kowidian i wspieraj\u0105cych ich \u201eekspert\u00f3w\u201d, kt\u00f3rzy dzie\u0144 w dzie\u0144 opowiadaj\u0105 duby smalone o skuteczno\u015bci maseczek i restrykcjach dla nieszczepionych. Najnowsza informacja o zaszczepionych wysy\u0142anych na kwarantann\u0119, to jeden z lepszych \u017cart\u00f3w tej pandemii. Chyba nawet lepszy ni\u017c ten z przy\u0142bicami, kt\u00f3re po roku okaza\u0142y si\u0119 g\u2026o warte. Kowidianie wyszli na kompletnych idiot\u00f3w i tak b\u0119dzie jeszcze nie raz. Przypominajmy im o tym i \u015bmiejmy si\u0119 z nich. W pe\u0142ni na to zas\u0142u\u017cyli.<\/p>\r\n<p><strong><em>Katarzyna TS<\/em><\/strong><\/p>\r\n<p class=\"podpis_sz\">Je\u015bli podobaj\u0105 si\u0119 Pa\u0144stwu moje felietony i chcieliby\u015bcie wesprze\u0107 moj\u0105 dzia\u0142alno\u015b\u0107 publicystyczn\u0105, mo\u017cecie to zrobi\u0107 dokonuj\u0105c przelewu na poni\u017csze konto PayPal. B\u0119dzie to dla mnie nie tylko wsparcie w wymiarze finansowym, ale r\u00f3wnie\u017c sygna\u0142, \u017ce to, co robi\u0119, jest dla Pa\u0144stwa wa\u017cne i godne uwagi. Z g\u00f3ry dzi\u0119kuj\u0119.&nbsp;<a href=\"https:\/\/wprawo.pl\/author\/katarzyna-ts\/\">Katarzyna Treter-Sierpi\u0144ska<\/a>&nbsp;<a href=\"https:\/\/www.paypal.me\/katarzynats\">https:\/\/www.paypal.me\/katarzynats<\/a><\/p>","protected":false},"excerpt":{"rendered":"Mia\u0142o by\u0107 tak: dwie dawki szczepionki i wracamy do normalno\u015bci. Aby uwiarygodni\u0107 ten przekaz rz\u0105dowa propaganda rzuci\u0142a has\u0142o \u201eOstatnia Prosta\u201d. Wicie, rozumicie \u2013 meta jest blisko, wystarczy kuju-kuju i wirus zostanie pokonany, a wy znowu b\u0119dziecie mogli normalnie \u017cy\u0107. Gdy m\u0105drzy ludzie ostrzegali, \u017ce szczepionki nie wyeliminuj\u0105 wirusa i na dw\u00f3ch dawkach zabawa si\u0119 nie [&hellip;]","protected":false},"author":1,"featured_media":0,"comment_status":"closed","ping_status":"closed","sticky":false,"template":"","format":"standard","meta":{"_acf_changed":false,"_monsterinsights_skip_tracking":false,"_monsterinsights_sitenote_active":false,"_monsterinsights_sitenote_note":"","_monsterinsights_sitenote_category":0,"ngg_post_thumbnail":0,"footnotes":"","_wp_rev_ctl_limit":""},"categories":[13,451],"tags":[433,98,20,452],"acf":[],"_links":{"self":[{"href":"https:\/\/www.bibula.com\/index.php?rest_route=\/wp\/v2\/posts\/126076"}],"collection":[{"href":"https:\/\/www.bibula.com\/index.php?rest_route=\/wp\/v2\/posts"}],"about":[{"href":"https:\/\/www.bibula.com\/index.php?rest_route=\/wp\/v2\/types\/post"}],"author":[{"embeddable":true,"href":"https:\/\/www.bibula.com\/index.php?rest_route=\/wp\/v2\/users\/1"}],"replies":[{"embeddable":true,"href":"https:\/\/www.bibula.com\/index.php?rest_route=%2Fwp%2Fv2%2Fcomments&post=126076"}],"version-history":[{"count":1,"href":"https:\/\/www.bibula.com\/index.php?rest_route=\/wp\/v2\/posts\/126076\/revisions"}],"predecessor-version":[{"id":126077,"href":"https:\/\/www.bibula.com\/index.php?rest_route=\/wp\/v2\/posts\/126076\/revisions\/126077"}],"wp:attachment":[{"href":"https:\/\/www.bibula.com\/index.php?rest_route=%2Fwp%2Fv2%2Fmedia&parent=126076"}],"wp:term":[{"taxonomy":"category","embeddable":true,"href":"https:\/\/www.bibula.com\/index.php?rest_route=%2Fwp%2Fv2%2Fcategories&post=126076"},{"taxonomy":"post_tag","embeddable":true,"href":"https:\/\/www.bibula.com\/index.php?rest_route=%2Fwp%2Fv2%2Ftags&post=126076"}],"curies":[{"name":"wp","href":"https:\/\/api.w.org\/{rel}","templated":true}]}}