{"id":12588,"date":"2009-08-12T14:04:06","date_gmt":"2009-08-12T19:04:06","guid":{"rendered":"http:\/\/www.bibula.com\/?p=12588"},"modified":"2009-08-12T14:04:06","modified_gmt":"2009-08-12T19:04:06","slug":"zapatero-wysle-krzyze-do-muzeum","status":"publish","type":"post","link":"https:\/\/www.bibula.com\/?p=12588","title":{"rendered":"Zapatero wy\u015ble krzy\u017ce do muzeum?"},"content":{"rendered":"<p><strong>Nowa ustawa o wolno\u015bci religijnej przygotowywana przez socjalistyczny rz\u0105d premiera Jos\u00c3\u00a9 Luisa Zapatero, ma usun\u0105\u0107 z miejsc publicznych religijne symbole, kt\u00f3re nie s\u0105 cz\u0119\u015bci\u0105 dziedzictwa kultury. Organizacje antyreligijne naciskaj\u0105, by usun\u0105\u0107 je wszystkie.<\/strong><\/p>\r\n\r\n<p><br class=\"spacer_\" \/><\/p>\r\n\r\n<p><img decoding=\"async\" src=\"http:\/\/www.fronda.pl\/files\/krzyz_hiszpania_txt.jpg\" alt=\"\" \/><\/p>\r\n\r\n<p>&#8211; Przestrze\u0144 publiczna jest w Hiszpanii przesycona katolickimi symbolami religijnymi, co narusza wymogi neutralno\u015bci, jak\u0105 powinno zachowa\u0107 pa\u0144stwo &#8211; twierdzi szef katedry Teologii i Nauk Religijnych Uniwersytetu Karola III w Madrycie Juan Jos\u00c3\u00a9 Tamayo, cytowany przez &#8222;Rzeczpospolit\u0105&#8221; za hiszpa\u0144skim dziennikiem \u201eEl Pais\u201d. Jego zdaniem hierarchia katolicka powinna cieszy\u0107 si\u0119 z inicjatywy rz\u0105du Zapatero, bo ona umo\u017cliwi Ko\u015bcio\u0142owi \u201erezygnacj\u0119 z przywilej\u00f3w\u201d.<\/p>\r\n\r\n<p>Temat symboli religijnych w hiszpa\u0144skiej przestrzeni publicznej powr\u00f3ci\u0142 za spraw\u0105 wywiadu szefa ministerstwa sprawiedliwo\u015bci Francisca Caamano dla agencji Europa Press. Minister ujawni\u0142 w niej szczeg\u00f3\u0142y dotycz\u0105ce przygotowywanej ustawy. Przewiduje ona wyeliminowanie krzy\u017cy , wizerunk\u00f3w \u015bwi\u0119tych, itp. ze szk\u00f3\u0142, \u017c\u0142obk\u00f3w i innych instytucji publicznych.<\/p>\r\n\r\n<p>Minister zastrzeg\u0142, \u017ce nie b\u0119d\u0105 usuwane symbole nale\u017c\u0105ce do dziedzictwa kultury ze wzgl\u0119du na ich warto\u015b\u0107 historyczn\u0105 lub artystyczn\u0105. Ale fanatycy laicko\u015bci \u017c\u0105daj\u0105, by z \u017cycia publicznego znikn\u0119\u0142y wszelkie odniesienia do chrze\u015bcija\u0144stwa.<\/p>\r\n\r\n<p>Organizacje takie jak Europa Laica zaatakowa\u0142y ministra argumentuj\u0105c, \u017ce w dziedzinie laicyzacji Hiszpania ju\u017c i tak jest 30 lat op\u00f3\u017aniona w stosunku do innych kraj\u00f3w Zachodu. Ich zdaniem nale\u017cy bezwzgl\u0119dnie usun\u0105\u0107 wszystko, co kojarzy si\u0119 z religi\u0105, a zabytki i dzie\u0142a sztuki po prostu przekaza\u0107 muzeom.<\/p>\r\n\r\n<p>Krzy\u017c i Biblia &#8211; wed\u0142ug dzia\u0142aczy antyreligijnych &#8211; powinny znikn\u0105\u0107 z sali, gdzie zaprzysi\u0119gany jest rz\u0105d, a ministrowie powinni przysi\u0119ga\u0107 na konstytucj\u0119. Premier Zapatero nie mia\u0142by pewnie nic przeciwko takiemu p\u00f3j\u015bciu na ca\u0142o\u015b\u0107, ale na razie zas\u0142ania si\u0119 tym, \u017ce niezr\u0119cznie mu sugerowa\u0107 kr\u00f3lowi, by zmieni\u0142 wystr\u00f3j sali pa\u0142acowej, w kt\u00f3rej przyjmuje \u015blubowanie.<\/p>\r\n\r\n<p>AJ\/Rz<\/p>","protected":false},"excerpt":{"rendered":"Nowa ustawa o wolno\u015bci religijnej przygotowywana przez socjalistyczny rz\u0105d premiera Jos\u00c3\u00a9 Luisa Zapatero, ma usun\u0105\u0107 z miejsc publicznych religijne symbole, kt\u00f3re nie s\u0105 cz\u0119\u015bci\u0105 dziedzictwa kultury. Organizacje antyreligijne naciskaj\u0105, by usun\u0105\u0107 je wszystkie. &#8211; Przestrze\u0144 publiczna jest w Hiszpanii przesycona katolickimi symbolami religijnymi, co narusza wymogi neutralno\u015bci, jak\u0105 powinno zachowa\u0107 pa\u0144stwo &#8211; twierdzi szef katedry [&hellip;]","protected":false},"author":1,"featured_media":0,"comment_status":"closed","ping_status":"closed","sticky":false,"template":"","format":"standard","meta":{"_acf_changed":false,"_monsterinsights_skip_tracking":false,"_monsterinsights_sitenote_active":false,"_monsterinsights_sitenote_note":"","_monsterinsights_sitenote_category":0,"ngg_post_thumbnail":0,"footnotes":"","_wp_rev_ctl_limit":""},"categories":[6],"tags":[100],"acf":[],"_links":{"self":[{"href":"https:\/\/www.bibula.com\/index.php?rest_route=\/wp\/v2\/posts\/12588"}],"collection":[{"href":"https:\/\/www.bibula.com\/index.php?rest_route=\/wp\/v2\/posts"}],"about":[{"href":"https:\/\/www.bibula.com\/index.php?rest_route=\/wp\/v2\/types\/post"}],"author":[{"embeddable":true,"href":"https:\/\/www.bibula.com\/index.php?rest_route=\/wp\/v2\/users\/1"}],"replies":[{"embeddable":true,"href":"https:\/\/www.bibula.com\/index.php?rest_route=%2Fwp%2Fv2%2Fcomments&post=12588"}],"version-history":[{"count":0,"href":"https:\/\/www.bibula.com\/index.php?rest_route=\/wp\/v2\/posts\/12588\/revisions"}],"wp:attachment":[{"href":"https:\/\/www.bibula.com\/index.php?rest_route=%2Fwp%2Fv2%2Fmedia&parent=12588"}],"wp:term":[{"taxonomy":"category","embeddable":true,"href":"https:\/\/www.bibula.com\/index.php?rest_route=%2Fwp%2Fv2%2Fcategories&post=12588"},{"taxonomy":"post_tag","embeddable":true,"href":"https:\/\/www.bibula.com\/index.php?rest_route=%2Fwp%2Fv2%2Ftags&post=12588"}],"curies":[{"name":"wp","href":"https:\/\/api.w.org\/{rel}","templated":true}]}}