{"id":125833,"date":"2021-06-13T12:37:18","date_gmt":"2021-06-13T16:37:18","guid":{"rendered":"https:\/\/www.bibula.com\/?p=125833"},"modified":"2021-06-13T12:37:18","modified_gmt":"2021-06-13T16:37:18","slug":"foliarskie-gusla-dla-frajerow-katarzyna-ts","status":"publish","type":"post","link":"https:\/\/www.bibula.com\/?p=125833","title":{"rendered":"Foliarskie gus\u0142a dla frajer\u00f3w &#8211; <em>Katarzyna TS<\/em>"},"content":{"rendered":"<p>W pi\u0105tek (11.06.2021) rozpocz\u0119\u0142o si\u0119 trzydniowe spotkanie przyw\u00f3dc\u00f3w pa\u0144stw nale\u017c\u0105cych do grupy G7. To Francja, Japonia, Niemcy, Stany Zjednoczone, Wielka Brytania, W\u0142ochy i Kanada. W spotkaniu grupy bior\u0105 te\u017c udzia\u0142 przedstawiciele Unii Europejskiej w osobie przewodnicz\u0105cej KE i przewodnicz\u0105cego RE. W tym roku na szczyt zaproszono prezydent\u00f3w Korei Po\u0142udniowej i RPA oraz premier\u00f3w Australii i Indii. Spotkanie odbywa si\u0119 w Kornwalii. G\u0142\u00f3wnymi tematami rozm\u00f3w s\u0105: pandemia SARS-CoV-2, zapobieganie zmianom klimatu, wspieranie wolnego handlu i przeciwdzia\u0142anie protekcjonizmowi.<\/p>\r\n<p>Czego mo\u017cemy spodziewa\u0107 si\u0119 po tym szczycie? Niestety, niczego dobrego. Ju\u017c na dzie\u0144 dobry dostali\u015bmy pokaz pandemicznego foliarstwa, czyli witanie si\u0119 poprzez stukanie \u0142okciami. Ludzie, od kt\u00f3rych zale\u017cy los \u015bwiata, od razu pokazali, \u017ce nauka i rozum s\u0105 dla nich niewa\u017cne. Wa\u017cne jest utrwalanie pandemicznych rytua\u0142\u00f3w buduj\u0105cych codzienn\u0105 atmosfer\u0119 grozy. Pokaz\u00f3wka w wykonaniu przyw\u00f3dc\u00f3w G7 ma utwierdza\u0107 ludzi w przekonaniu, \u017ce u\u015bcisk d\u0142oni to \u015bmiertelne zagro\u017cenie. Dlatego witamy si\u0119 \u0142okciem, \u017ceby pokona\u0107 strasznego wirusa. Ci, kt\u00f3rzy witaj\u0105 si\u0119 normalnie, to szale\u0144cy nara\u017caj\u0105cy \u017cycie swoje i innych. &nbsp;Nie ma powrotu do normalno\u015bci. Mamy pami\u0119ta\u0107 o pandemii i wykonywa\u0107 pandemiczne rytua\u0142y, kt\u00f3re s\u0105 zaprzeczeniem normalno\u015bci.<\/p>\r\n<p><blockquote class=\"twitter-tweet\" data-width=\"550\" data-dnt=\"true\"><p lang=\"en\" dir=\"ltr\">The leaders of the <a href=\"https:\/\/twitter.com\/G7?ref_src=twsrc%5Etfw\">@G7<\/a> have arrived for this year\u2019s Summit in Carbis Bay, Cornwall.<br><br>Welcome!<a href=\"https:\/\/twitter.com\/hashtag\/G7UK?src=hash&amp;ref_src=twsrc%5Etfw\">#G7UK<\/a> <a href=\"https:\/\/twitter.com\/hashtag\/G7Cornwall?src=hash&amp;ref_src=twsrc%5Etfw\">#G7Cornwall<\/a> <a href=\"https:\/\/twitter.com\/hashtag\/BuildBackBetter?src=hash&amp;ref_src=twsrc%5Etfw\">#BuildBackBetter<\/a> <a href=\"https:\/\/t.co\/BfzhCQmDkk\">pic.twitter.com\/BfzhCQmDkk<\/a><\/p>&mdash; UK Prime Minister (@10DowningStreet) <a href=\"https:\/\/twitter.com\/10DowningStreet\/status\/1403377449807794182?ref_src=twsrc%5Etfw\">June 11, 2021<\/a><\/blockquote><script async src=\"https:\/\/platform.twitter.com\/widgets.js\" charset=\"utf-8\"><\/script><\/p>\r\n<p>Kolejnym rytua\u0142em, kt\u00f3ry zaprezentowano ludowi, jest rytua\u0142 z mask\u0105. Ten pandemiczny fetysz jest podstawowym narz\u0119dziem og\u0142upiania i tresury. Jak to wygl\u0105da\u0142o na szczycie G7? Premier UK Boris Johnson oraz przewodnicz\u0105ca KE Ursula von der Leyen i przewodnicz\u0105cy RE Charles Michel ustawili si\u0119 do zdj\u0119\u0107 w maskach, a nast\u0119pnie Johnson zaordynowa\u0142, \u017ceby zdj\u0119li maski i usiedli, co te\u017c uczynili. Czy maski s\u0105 konieczne gdy si\u0119 stoi, a zb\u0119dne gdy si\u0119 siedzi? Czy wirus atakuje stoj\u0105cych, a nie atakuje siedz\u0105cych? Jaki sens ma takie post\u0119powanie? Ot\u00f3\u017c nie ma \u017cadnego sensu, ale przecie\u017c nie chodzi o sens, tylko o to, \u017ceby stosowa\u0107 si\u0119 do rytua\u0142u. To jest obraza dla rozumu i foliarstwo w pe\u0142nej krasie, ale poniewa\u017c robi\u0105 to wysoko postawieni decydenci, wi\u0119c lud ma wierzy\u0107, \u017ce tak trzeba, bo w ten spos\u00f3b skutecznie walczy si\u0119 z wirusem.<\/p>\r\n<p>https:\/\/twitter.com\/vonderleyen\/status\/1403646281101283329?ref_src=twsrc%5Etfw%7Ctwcamp%5Etweetembed%7Ctwterm%5E1403646281101283329%7Ctwgr%5E%7Ctwcon%5Es1_c10&#038;ref_url=https%3A%2F%2Fwprawo.pl%2Fkatarzyna-ts-foliarskie-gusla-dla-frajerow%2F<\/p>\r\n<p>Jakie decyzje mog\u0105 podejmowa\u0107 ludzie, kt\u00f3rzy zachowuj\u0105 si\u0119 w tak absurdalny spos\u00f3b? Tacy ludzie mog\u0105 podejmowa\u0107 wy\u0142\u0105cznie decyzje z\u0142e. Je\u015bli wierz\u0105 w skuteczno\u015b\u0107 pandemicznych rytua\u0142\u00f3w, kt\u00f3re odprawili, to znaczy, \u017ce maj\u0105 powa\u017cne problemy z ocen\u0105 sytuacji. Je\u015bli odprawili te rytua\u0142y wiedz\u0105c, \u017ce s\u0105 one bez sensu, to znaczy, \u017ce s\u0105 cynikami i oszustami. W ka\u017cdym przypadku mamy do czynienia z lud\u017ami, kt\u00f3rzy albo nie potrafi\u0105, albo nie chc\u0105 dzia\u0142a\u0107 dla dobra tzw. zwyk\u0142ych ludzi. I nie powinno by\u0107 to dla nikogo zaskoczeniem. Wbrew naiwnemu przekonaniu w\u0142adza nie czyni cz\u0142owieka lepszym i bardziej odpowiedzialnym. Wprost przeciwnie. W\u0142adza og\u0142upia i wbija w pych\u0119. W\u0142adza degeneruje. Szczyt G7 to spotkanie degenerat\u00f3w, kt\u00f3rzy stukaj\u0105 si\u0119 \u0142okciami i odprawiaj\u0105 maskowe rytua\u0142y, narzucaj\u0105c \u015bwiatu \u201enow\u0105 normalno\u015b\u0107\u201d.<\/p>\r\n<p>Kilka dni temu by\u0142am zmuszona do skorzystania z transportu publicznego, a konkretnie z dw\u00f3ch autobus\u00f3w. By\u0142am jedyn\u0105 osob\u0105 bez maski. Co prawda nikt nie zwr\u00f3ci\u0142 mi uwagi, ale wra\u017cenie by\u0142o przygn\u0119biaj\u0105ce. Otacza\u0142 mnie t\u0142um zombiak\u00f3w karnie zakrytych bezu\u017cytecznymi szmatami. A przecie\u017c wystarczy\u0142oby, \u017ceby wszyscy zdj\u0119li te szmaty i \u015bwiat wr\u00f3ci\u0142by na swoje tory. Tak niewiele potrzeba, a jednak ludzie tego nie robi\u0105. Dlaczego? Czy dlatego, \u017ce uwierzyli w zbawcz\u0105 moc \u015bwi\u0119tej szmatki? A mo\u017ce boj\u0105 si\u0119 mandat\u00f3w? W obu przypadkach jest to dzia\u0142anie bez sensu. Maski nie chroni\u0105 przed zaka\u017ceniem, a s\u0105dy uchylaj\u0105 mandaty jako niezgodne z prawem. Dlaczego zatem ludzie wol\u0105 dusi\u0107 si\u0119 w bezu\u017cytecznym szmatach ni\u017c po prostu zdj\u0105\u0107 je z twarzy? Nie wiem. Wiem natomiast, \u017ce pandemia pokaza\u0142a jak \u0142atwo nak\u0142oni\u0107 ludzi do irracjonalnego dzia\u0142ania i wm\u00f3wi\u0107 im, \u017ce jest to dzia\u0142anie dla ich dobra. I to jest przera\u017caj\u0105ce.<\/p>\r\n<p>Jak d\u0142ugo b\u0119dzie trwa\u0142o to szale\u0144stwo? Obawiam si\u0119, \u017ce to si\u0119 nigdy nie sko\u0144czy. Pandemia to przecie\u017c \u015bwietny biznes. Ile kasy posz\u0142o ju\u017c na testy? To s\u0105 miliardy. Kto za to p\u0142aci? Pan p\u0142aci, pani p\u0142aci, spo\u0142ecze\u0144stwo. Obecnie wykonuje si\u0119 w Polsce po kilkadziesi\u0105t tysi\u0119cy test\u00f3w dziennie, \u017ceby wykry\u0107 kilkaset przypadk\u00f3w zaka\u017ce\u0144. Oto dane z ostatnich kilku dni: 7.06 \u2013 32,1 tys. test\u00f3w, 194 zaka\u017ce\u0144, 8.06 \u2013 64,5 tys. test\u00f3w, 400 zaka\u017ce\u0144, 9.06 \u2013 58 tys. test\u00f3w, 428 zaka\u017ce\u0144, 10.06 \u2013 53,2 tys. test\u00f3w, 382 zaka\u017ce\u0144, 11.06 \u2013 54,6 tys. test\u00f3w, 341 zaka\u017ce\u0144, 12.06 \u2013 55,9 tys. test\u00f3w, 239 zaka\u017ce\u0144, 13.06 \u2013 48,4 tys. test\u00f3w, 227 zaka\u017ce\u0144. Ka\u017cdego dnia testuje si\u0119 tysi\u0105ce zdrowych ludzi bez \u017cadnych objaw\u00f3w. Cena testu antygenowego to 150 z\u0142, cena testu PCR to 400 z\u0142. We\u017acie kalkulator do r\u0119ki i policzcie, ile kosztuje ta testowa walka z pandemi\u0105. To jest gigantyczny biznes, kt\u00f3ry w Polsce poch\u0142ania co najmniej kilkana\u015bcie milion\u00f3w z\u0142otych dziennie. Dojenie frajer\u00f3w idzie pe\u0142n\u0105 par\u0105, a degeneraci spotykaj\u0105cy si\u0119 na szczycie G7 odprawiaj\u0105 foliarskie gus\u0142a, kt\u00f3re legitymuj\u0105 to dojenie.<\/p>\r\n<p><strong>Biznes testowy, biznes maseczkowy, biznes szczepionkowy, a za chwil\u0119 b\u0119dzie biznes czytnikowy do obs\u0142ugi paszport\u00f3w kowidowych. A na jesieni w\u0142adza i tak zrobi lockdown.<\/strong> Jak pokaza\u0142a tzw. pandemia, <strong>z frajerami mo\u017cna zrobi\u0107 wszystko<\/strong>. Og\u0142upi\u0107, z\u0142upi\u0107 i sterroryzowa\u0107. A potem mo\u017cna rado\u015bnie stuka\u0107 si\u0119 \u0142okciami na pla\u017cy. Foliarskie gus\u0142a dla frajer\u00f3w maj\u0105 wielk\u0105 przysz\u0142o\u015b\u0107.<\/p>\r\n<p><strong><em><span class=\"post-author-name\">Katarzyna Treter-Sierpi\u0144ska<\/span><\/em><\/strong><\/p>\r\n<div class=\"podpis_sz\">\r\n<p>Nie znosz\u0119 lewackiej nowomowy i politycznej poprawno\u015bci pior\u0105cej ludziom m\u00f3zgi. Michnikowszczyzna mierzi mnie.<br>\r\nPodobaj\u0105 Ci si\u0119 moje publikacje? Mo\u017cesz mnie wesprze\u0107 darowizn\u0105 <a href=\"https:\/\/paypal.me\/katarzynats\">KLIKNIJ TUTAJ<\/a> lub kupuj\u0105c moj\u0105 ksi\u0105\u017ck\u0119 pt. &#8222;\u017bydzi, gender, multikulti, czyli oszustwo i szajba&#8221; <a href=\"https:\/\/sklep-wprawo.pl\/pl\/p\/Zydzi%2C-gender%2C-multikulti%2C-czyli-oszustwo-i-szajba-K.-Treter-Sierpinska\/130\">KLIKNIJ TUTAJ<\/a>.<br>\r\nDzi\u0119kuj\u0119.<\/p>\r\n<p>Je\u015bli podobaj\u0105 si\u0119 Pa\u0144stwu moje felietony i chcieliby\u015bcie wesprze\u0107 moj\u0105 dzia\u0142alno\u015b\u0107 publicystyczn\u0105, mo\u017cecie to zrobi\u0107 dokonuj\u0105c przelewu na poni\u017csze konto PayPal. B\u0119dzie to dla mnie nie tylko wsparcie w wymiarze finansowym, ale r\u00f3wnie\u017c sygna\u0142, \u017ce to, co robi\u0119, jest dla Pa\u0144stwa wa\u017cne i godne uwagi. Z g\u00f3ry dzi\u0119kuj\u0119. <a class=\"auto-link\" title=\"Katarzyna Treter-Sierpi\u0144ska\" href=\"https:\/\/wprawo.pl\/author\/katarzyna-ts\/\" target=\"_blank\" rel=\"noopener\">Katarzyna Treter-Sierpi\u0144ska<\/a> <a href=\"https:\/\/www.paypal.me\/katarzynats\">https:\/\/www.paypal.me\/katarzynats<\/a><\/p>\r\n<\/div>","protected":false},"excerpt":{"rendered":"W pi\u0105tek (11.06.2021) rozpocz\u0119\u0142o si\u0119 trzydniowe spotkanie przyw\u00f3dc\u00f3w pa\u0144stw nale\u017c\u0105cych do grupy G7. To Francja, Japonia, Niemcy, Stany Zjednoczone, Wielka Brytania, W\u0142ochy i Kanada. W spotkaniu grupy bior\u0105 te\u017c udzia\u0142 przedstawiciele Unii Europejskiej w osobie przewodnicz\u0105cej KE i przewodnicz\u0105cego RE. W tym roku na szczyt zaproszono prezydent\u00f3w Korei Po\u0142udniowej i RPA oraz premier\u00f3w Australii i [&hellip;]","protected":false},"author":1,"featured_media":0,"comment_status":"closed","ping_status":"closed","sticky":false,"template":"","format":"standard","meta":{"_acf_changed":false,"_monsterinsights_skip_tracking":false,"_monsterinsights_sitenote_active":false,"_monsterinsights_sitenote_note":"","_monsterinsights_sitenote_category":0,"ngg_post_thumbnail":0,"footnotes":"","_wp_rev_ctl_limit":""},"categories":[13,451],"tags":[433,351,20],"acf":[],"_links":{"self":[{"href":"https:\/\/www.bibula.com\/index.php?rest_route=\/wp\/v2\/posts\/125833"}],"collection":[{"href":"https:\/\/www.bibula.com\/index.php?rest_route=\/wp\/v2\/posts"}],"about":[{"href":"https:\/\/www.bibula.com\/index.php?rest_route=\/wp\/v2\/types\/post"}],"author":[{"embeddable":true,"href":"https:\/\/www.bibula.com\/index.php?rest_route=\/wp\/v2\/users\/1"}],"replies":[{"embeddable":true,"href":"https:\/\/www.bibula.com\/index.php?rest_route=%2Fwp%2Fv2%2Fcomments&post=125833"}],"version-history":[{"count":2,"href":"https:\/\/www.bibula.com\/index.php?rest_route=\/wp\/v2\/posts\/125833\/revisions"}],"predecessor-version":[{"id":125835,"href":"https:\/\/www.bibula.com\/index.php?rest_route=\/wp\/v2\/posts\/125833\/revisions\/125835"}],"wp:attachment":[{"href":"https:\/\/www.bibula.com\/index.php?rest_route=%2Fwp%2Fv2%2Fmedia&parent=125833"}],"wp:term":[{"taxonomy":"category","embeddable":true,"href":"https:\/\/www.bibula.com\/index.php?rest_route=%2Fwp%2Fv2%2Fcategories&post=125833"},{"taxonomy":"post_tag","embeddable":true,"href":"https:\/\/www.bibula.com\/index.php?rest_route=%2Fwp%2Fv2%2Ftags&post=125833"}],"curies":[{"name":"wp","href":"https:\/\/api.w.org\/{rel}","templated":true}]}}