{"id":125495,"date":"2021-05-22T14:45:56","date_gmt":"2021-05-22T18:45:56","guid":{"rendered":"https:\/\/www.bibula.com\/?p=125495"},"modified":"2021-05-22T14:45:56","modified_gmt":"2021-05-22T18:45:56","slug":"zamiast-turowa-beda-wiatraki-katarzyna-ts","status":"publish","type":"post","link":"https:\/\/www.bibula.com\/?p=125495","title":{"rendered":"Zamiast Turowa b\u0119d\u0105 wiatraki &#8211; <em>Katarzyna TS<\/em>"},"content":{"rendered":"<p>W pi\u0105tek (21.05.2021) Trybuna\u0142 Sprawiedliwo\u015bci Unii Europejskiej wyda\u0142 wyrok na kopalni\u0119 w\u0119gla brunatnego Tur\u00f3w nakazuj\u0105c natychmiastowe wstrzymanie wydobycia. Wykonanie tego postanowienia oznacza\u0142oby zamkni\u0119cie zasilanej tym w\u0119glem elektrowni, kt\u00f3ra odpowiada za ok. 8% mocy w krajowym miksie energetycznym. Unijny trybuna\u0142 w osobie wiceprezes Rosario Silva de Lapuerta nie widzi w tym problemu i bezczelnie o\u015bwiadcza, \u017ceby Polacy znale\u017ali sobie pr\u0105d z innego \u017ar\u00f3d\u0142a. A w og\u00f3le to \u201epodnoszona przez Polsk\u0119 szkoda wynikaj\u0105ca z niemo\u017cno\u015bci realizacji wa\u017cnych projekt\u00f3w i inwestycji w dziedzinie &nbsp;energetycznej nie mo\u017ce przewa\u017cy\u0107 nad wzgl\u0119dami zwi\u0105zanymi ze \u015brodowiskiem naturalnym i zdrowiem ludzkim\u201d. Tako rzecze s\u0119dzia de Lapuerta. I dodaje, \u017ce przed\u0142u\u017caj\u0105c koncesj\u0119 na wydobycie w kopalni Tur\u00f3w Polska naruszy\u0142a unijne dyrektywy w sprawie ocen oddzia\u0142ywani na \u015brodowisko oraz polityki wodnej.<\/p>\r\n<p>Skarg\u0119 do TSUE z\u0142o\u017cyli Czesi twierdz\u0105c, \u017ce jak u nas kopi\u0105 to u nich woda ucieka. Dowodem w sprawie ma by\u0107 to, \u017ce \u2013 jak napisano w postanowieniu \u2013 \u201ePolska przyj\u0119\u0142a zaplanowany na wielk\u0105 skal\u0119 \u015brodek zaradczy polegaj\u0105cy na budowie ekranu przeciwfiltracyjnego, maj\u0105cego w szczeg\u00f3lno\u015bci zapobiec negatywnym skutkom \u015brodowiskowym tej dzia\u0142alno\u015bci wydobywczej\u201d. Ale poniewa\u017c budowa ma zosta\u0107 uko\u0144czona w 2023 roku, s\u0119dzia de Lapuerta nakazuje zamkn\u0105\u0107 kopalni\u0119 i kwita. A potem dopiero TSUE rozpatrzy skarg\u0119 i wyda wyrok.<\/p>\r\n<p>Smaczku tej sprawie dodaje fakt, \u017ce w s\u0105siedztwie Turowa funkcjonuj\u0105 czeskie i niemieckie kopalnie w\u0119gla brunatnego i nikomu snu to z powiek nie sp\u0119dza mimo ich wi\u0119kszego oddzia\u0142ywania na \u015brodowisko.<\/p>\r\n<p><a href=\"https:\/\/wprawo.pl\/wp-content\/uploads\/2021\/05\/mapa-kopalnie.png\"><img fetchpriority=\"high\" decoding=\"async\" class=\"aligncenter wp-image-47940     b-loaded\" src=\"https:\/\/wprawo.pl\/wp-content\/uploads\/2021\/05\/mapa-kopalnie.png\" sizes=\"(max-width: 920px) 100vw, 920px\" srcset=\"https:\/\/wprawo.pl\/wp-content\/uploads\/2021\/05\/mapa-kopalnie.png 920w, https:\/\/wprawo.pl\/wp-content\/uploads\/2021\/05\/mapa-kopalnie-300x174.png 300w, https:\/\/wprawo.pl\/wp-content\/uploads\/2021\/05\/mapa-kopalnie-768x446.png 768w\" alt=\"\" width=\"701\" height=\"407\"><\/a><\/p>\r\n<p>Czesi z\u0142o\u017cyli na nas skarg\u0119, a my nie z\u0142o\u017cyli\u015bmy tylko czekali\u015bmy jak g\u0142upki na fang\u0119 w nos. No to si\u0119 doczekali\u015bmy. Co b\u0119dzie dalej? Premier Mateusz Morawiecki wyda\u0142 o\u015bwiadczenie, w kt\u00f3rym zapewni\u0142, \u017ce \u201epolski rz\u0105d nie podejmie \u017cadnych dzia\u0142a\u0144, kt\u00f3re mog\u0142yby godzi\u0107 w bezpiecze\u0144stwo energetyczne Polski\u201d. Po przeczytaniu tego zdania dosta\u0142am zajad\u00f3w ze \u015bmiechu. Kto to m\u00f3wi? Ten sam Morawiecki, kt\u00f3ry zgodzi\u0142 si\u0119 na dekarbonizacj\u0119 polskiej energetyki i zamkni\u0119cie wszystkich polskich kopalni w\u0119gla kamiennego. Ten sam Morawiecki, kt\u00f3ry o\u015bwiadczy\u0142, \u017ce <a href=\"https:\/\/wprawo.pl\/morawiecki-na-szczycie-klimatycznym-naszym-narodowym-celem-powinno-byc-odejscie-od-paliw-kopalnych-wideo\/\">naszym narodowym celem powinno by\u0107 odej\u015bcie od paliw kopalnych<\/a>. Ten sam Morawiecki, kt\u00f3ry od czterech lat nie zdo\u0142a\u0142 doprowadzi\u0107 do wyznaczenia lokalizacji pod elektrowni\u0119 atomow\u0105, \u017ceby zast\u0105pi\u0107 likwidowane elektrownie w\u0119glowe. A wisienk\u0105 na torcie jest to, \u017ce niedawno do konsultacji trafi\u0142 rz\u0105dowy projekt ustawy zezwalaj\u0105cej na budowanie gigantycznych wiatrak\u00f3w w odleg\u0142o\u015bci zaledwie 500 metr\u00f3w od dom\u00f3w. W uzasadnieniu napisano, \u017ce \u201ekonieczne jest kontynuowanie wdra\u017cania u\u0142atwie\u0144 dla realizacji inwestycji w OZE, w tym w l\u0105dowe elektrownie wiatrowe\u201d, aby \u201edoprowadzi\u0107 do znacz\u0105cej przebudowy krajowego miksu energetycznego\u201d.<\/p>\r\n<ul>\r\n\t<li><a href=\"https:\/\/wprawo.pl\/uwaga-rzadowy-projekt-ustawy-przywraca-mozliwosc-stawiania-wiatrakow-500-metrow-od-domow\/\"><strong>ZOBACZ: UWAGA! Rz\u0105dowy projekt ustawy przywraca mo\u017cliwo\u015b\u0107 stawiania wiatrak\u00f3w 500 metr\u00f3w od dom\u00f3w<\/strong><\/a><\/li>\r\n<\/ul>\r\n<p>Wiatrakami zajmuj\u0119 si\u0119 od prawie 10 lat. To nie jest tania, czysta energia. To jest gigantyczny skok na kas\u0119, gwarancja blackout\u00f3w i utrata suwerenno\u015bci energetycznej. Przy okazji jest to dewastacja teren\u00f3w wiejskich i skazywanie ludzi na s\u0105siedztwo uci\u0105\u017cliwych i szkodliwych instalacji id\u0105cych w tysi\u0105ce. Je\u015bli zostanie zrealizowany rz\u0105dowy plan przedstawiony w uzasadnieniu do ustawy, to wiatraki b\u0119d\u0105 w ka\u017cdej gminie. O tym, jak \u017cyje si\u0119 w takim miejscu, mo\u017cecie przekona\u0107 si\u0119 jad\u0105c np. do gminy Korsze, gdzie domy s\u0105 dos\u0142ownie otoczone tymi wiatrakowymi potworami. Gdzie by\u015b nie spojrza\u0142, tam kr\u0119c\u0105 si\u0119 ogromne \u015bmig\u0142a, a ha\u0142as nie pozwala normalnie spa\u0107. Koszmar!<\/p>\r\n<p>Je\u015bli kto\u015b s\u0105dzi, \u017ce Morawiecki twardo stanie w obronie polskich interes\u00f3w i nie dopu\u015bci do zamkni\u0119cia kopalni i elektrowni Tur\u00f3w, to jest bardzo naiwny. Co prawda obecnie jeste\u015bmy na etapie \u201enie oddamy ani guzika\u201d, ale z czasem przejdziemy na pozycj\u0119 \u201eoddajemy ca\u0142e gacie\u201d. I dojdzie do tego, \u017ce elektrownia Tur\u00f3w zostanie zamkni\u0119ta, a zamiast niej rz\u0105d zaaplikuje nam wiatraki. Nie wierzycie? A gdyby kto\u015b powiedzia\u0142 Wam pi\u0119\u0107 lat temu, \u017ce PiS zlikwiduje kopalnie i przylepie dekarbonizacj\u0119, to uwierzyliby\u015bcie? A jednak PiS to zrobi\u0142. I zrobi jeszcze wi\u0119cej. Skoro energetyka oparta na w\u0119glu kamiennym idzie do likwidacji, to my\u015blicie, \u017ce energetyka oparta na w\u0119glu brunatnym zostanie oszcz\u0119dzona? Bez \u017cart\u00f3w.&nbsp;<\/p>\r\n<p>W ramach Nowego \u0141adu Polska zostanie przekszta\u0142cona w pa\u0144stwo niesuwerenne energetycznie. Po pierwsze \u2013 elektrownie w\u0119glowe zostan\u0105 zlikwidowane. Po drugie \u2013 Niemcy nie pozwol\u0105 nam na budow\u0119 elektrowni atomowej. Po trzecie \u2013 Polska zostanie zastawiona wiatrakami, przy czym tradycyjnie b\u0119dzie to szrot, kt\u00f3ry zamiast do utylizacji trafi do nas. Po czwarte \u2013 backupem dla wiatrak\u00f3w b\u0119dzie gaz z Nord Stream 2, kt\u00f3ry b\u0119dziemy zmuszeni kupowa\u0107 od Niemc\u00f3w. Po pi\u0105te \u2013 pr\u0105d b\u0119dzie coraz dro\u017cszy, a\u017c stanie si\u0119 dobrem luksusowym. I tak b\u0119dzie wygl\u0105da\u0142a sprawiedliwa transformacji energetyczna, o kt\u00f3rej dzi\u015b z entuzjazmem opowiada Morawiecki.<\/p>\r\n<p>Jedynym wyj\u015bciem z tej matni jest wypowiedzenie pakietu klimatyczno-energetycznego i zaprzestanie p\u0142acenia haraczu w postaci op\u0142at za emisj\u0119 CO2. To jest spekulacyjny handel powietrzem, kt\u00f3ry nie ma nic wsp\u00f3lnego z ekologi\u0105 i klimatem, ale za to \u015bwietnie sprawdza si\u0119 jako metoda drena\u017cu kieszeni podatnik\u00f3w. Oczywi\u015bcie w pewnym momencie ca\u0142y ten system zawali si\u0119 z wielkim hukiem, ale do tego czasu dorobi si\u0119 na nim garstka cwaniak\u00f3w, a reszta p\u00f3jdzie z torbami. I tak b\u0119dzie wygl\u0105da\u0142 nasz \u201esukces\u201d w walce o klimat.<\/p>\r\n<p><strong><em>Katarzyna Treter-Sierpi\u0144ska<\/em><\/strong><\/p>\r\n<div class=\"podpis_sz\">\r\n<p><br>\r\n<strong>Katarzyna Treter-Sierpi\u0144ska<\/strong> &#8211; Nie znosz\u0119 lewackiej nowomowy i politycznej poprawno\u015bci pior\u0105cej ludziom m\u00f3zgi. Michnikowszczyzna mierzi mnie.<br>\r\nPodobaj\u0105 Ci si\u0119 moje publikacje? Mo\u017cesz mnie wesprze\u0107 darowizn\u0105 <a href=\"https:\/\/paypal.me\/katarzynats\">KLIKNIJ TUTAJ<\/a> lub kupuj\u0105c moj\u0105 ksi\u0105\u017ck\u0119 pt. &#8222;\u017bydzi, gender, multikulti, czyli oszustwo i szajba&#8221; <a href=\"https:\/\/sklep-wprawo.pl\/pl\/p\/Zydzi%2C-gender%2C-multikulti%2C-czyli-oszustwo-i-szajba-K.-Treter-Sierpinska\/130\">KLIKNIJ TUTAJ<\/a>.<br>\r\nDzi\u0119kuj\u0119.<\/p>\r\n<p>Je\u015bli podobaj\u0105 si\u0119 Pa\u0144stwu moje felietony i chcieliby\u015bcie wesprze\u0107 moj\u0105 dzia\u0142alno\u015b\u0107 publicystyczn\u0105, mo\u017cecie to zrobi\u0107 dokonuj\u0105c przelewu na poni\u017csze konto PayPal. B\u0119dzie to dla mnie nie tylko wsparcie w wymiarze finansowym, ale r\u00f3wnie\u017c sygna\u0142, \u017ce to, co robi\u0119, jest dla Pa\u0144stwa wa\u017cne i godne uwagi. Z g\u00f3ry dzi\u0119kuj\u0119. <a class=\"auto-link\" title=\"Katarzyna Treter-Sierpi\u0144ska\" href=\"https:\/\/wprawo.pl\/author\/katarzyna-ts\/\" target=\"_blank\" rel=\"noopener\">Katarzyna Treter-Sierpi\u0144ska<\/a> <a href=\"https:\/\/www.paypal.me\/katarzynats\">https:\/\/www.paypal.me\/katarzynats<\/a><\/p>\r\n<\/div>","protected":false},"excerpt":{"rendered":"W pi\u0105tek (21.05.2021) Trybuna\u0142 Sprawiedliwo\u015bci Unii Europejskiej wyda\u0142 wyrok na kopalni\u0119 w\u0119gla brunatnego Tur\u00f3w nakazuj\u0105c natychmiastowe wstrzymanie wydobycia. Wykonanie tego postanowienia oznacza\u0142oby zamkni\u0119cie zasilanej tym w\u0119glem elektrowni, kt\u00f3ra odpowiada za ok. 8% mocy w krajowym miksie energetycznym. Unijny trybuna\u0142 w osobie wiceprezes Rosario Silva de Lapuerta nie widzi w tym problemu i bezczelnie o\u015bwiadcza, \u017ceby [&hellip;]","protected":false},"author":1,"featured_media":0,"comment_status":"closed","ping_status":"closed","sticky":false,"template":"","format":"standard","meta":{"_acf_changed":false,"_monsterinsights_skip_tracking":false,"ngg_post_thumbnail":0,"footnotes":"","_wp_rev_ctl_limit":""},"categories":[13,9],"tags":[65,227,166,414,89,23,98,169,52],"acf":[],"_links":{"self":[{"href":"https:\/\/www.bibula.com\/index.php?rest_route=\/wp\/v2\/posts\/125495"}],"collection":[{"href":"https:\/\/www.bibula.com\/index.php?rest_route=\/wp\/v2\/posts"}],"about":[{"href":"https:\/\/www.bibula.com\/index.php?rest_route=\/wp\/v2\/types\/post"}],"author":[{"embeddable":true,"href":"https:\/\/www.bibula.com\/index.php?rest_route=\/wp\/v2\/users\/1"}],"replies":[{"embeddable":true,"href":"https:\/\/www.bibula.com\/index.php?rest_route=%2Fwp%2Fv2%2Fcomments&post=125495"}],"version-history":[{"count":3,"href":"https:\/\/www.bibula.com\/index.php?rest_route=\/wp\/v2\/posts\/125495\/revisions"}],"predecessor-version":[{"id":125498,"href":"https:\/\/www.bibula.com\/index.php?rest_route=\/wp\/v2\/posts\/125495\/revisions\/125498"}],"wp:attachment":[{"href":"https:\/\/www.bibula.com\/index.php?rest_route=%2Fwp%2Fv2%2Fmedia&parent=125495"}],"wp:term":[{"taxonomy":"category","embeddable":true,"href":"https:\/\/www.bibula.com\/index.php?rest_route=%2Fwp%2Fv2%2Fcategories&post=125495"},{"taxonomy":"post_tag","embeddable":true,"href":"https:\/\/www.bibula.com\/index.php?rest_route=%2Fwp%2Fv2%2Ftags&post=125495"}],"curies":[{"name":"wp","href":"https:\/\/api.w.org\/{rel}","templated":true}]}}