{"id":125412,"date":"2021-05-19T10:26:44","date_gmt":"2021-05-19T14:26:44","guid":{"rendered":"https:\/\/www.bibula.com\/?p=125412"},"modified":"2021-05-19T10:26:44","modified_gmt":"2021-05-19T14:26:44","slug":"mialem-troje-z-matmy-na-maturze","status":"publish","type":"post","link":"https:\/\/www.bibula.com\/?p=125412","title":{"rendered":"Mia\u0142em tr\u00f3j\u0119 z matmy na maturze"},"content":{"rendered":"<p>Witam wszystkich maturzyst\u00f3w i tych co ju\u017c po maturze. Mam nadziej\u0119, \u017ce na maturze ci\u0105gle jeszcze trzeba si\u0119 wykaza\u0107 umiej\u0119tno\u015bciami wyliczania procent\u00f3w i proporcji, chocia\u017c informacje ze \u015bwiata rzeczywistego sugeruj\u0105 raczej, \u017ce ju\u017c tylko zakre\u015bla si\u0119 boxy z prawid\u0142ow\u0105 odpowiedzi\u0105.<\/p>\r\n<p>Fakty, oficjalne dane z mojego podw\u00f3rka, kt\u00f3re s\u0105 rzetelne i nie s\u0105 z pewno\u015bci\u0105 sfabrykowane, s\u0105 takie:<\/p>\r\n<p>\u2013 w kantonie St.Gallen licz\u0105cym sobie 512276 mieszka\u0144c\u00f3w, w ci\u0105gu 14 miesi\u0119cy liczenia ofiar pandemii zmar\u0142o w sumie 709 os\u00f3b, co stanowi 0.1384 %.<\/p>\r\n<p><a href=\"https:\/\/i.imgur.com\/p4W1rz8.png\"><img fetchpriority=\"high\" decoding=\"async\" class=\"aligncenter\" src=\"https:\/\/i.imgur.com\/p4W1rz8.png\" width=\"696\" height=\"391\"><\/a><\/p>\r\n<p>Z tych 709 zmar\u0142ych os\u00f3b, 667 to osoby powy\u017cej 65 roku \u017cycia, albo inaczej \u2013 w wieku emerytalnym, co stanowi 94,07% wszystkich zgon\u00f3w na covid &#8211; to znaczy, \u017ce 94 osoby na 100, kt\u00f3re zmar\u0142y na covida by\u0142y w wieku emerytalnym.<\/p>\r\n<p>66% zmar\u0142ych to ludzie powy\u017cej 85 roku \u017cycia. Prawdopodobnie te osoby to \u017celazna klientela klub\u00f3w fitness, bo kluby w pierwszej kolejno\u015bci zosta\u0142y zamkni\u0119te i tak jest do teraz.<\/p>\r\n<p>Je\u015bli rozpatrywa\u0107 \u015bmiertelno\u015b\u0107 na covid w odniesieniu do okre\u015blonych wiekowych populacji, \u017ceby oceni\u0107 zagro\u017cenie \u015bmiercia np. ludzi w podesz\u0142ym wieku, to sprawy maj\u0105 si\u0119 nast\u0119puj\u0105co \u2013 w kantonie St.Gallen mieszka 96711 senior\u00f3w \u2013 ludzi powy\u017cej 65 roku \u017cycia. Jak napisa\u0142em wcze\u015bniej 667 zmar\u0142ych by\u0142o w tym wieku, co stanowi \u015bmiertelno\u015b\u0107 na poziomie 0.68%.<\/p>\r\n<p>W odniesieniu do populacji od 0 do 49 lat, to w ci\u0105gu 14 miesi\u0119cy obliczeniowych zmar\u0142o 3 (s\u0142ownie: trzy) osoby, co w odniesieniu do 309920 mieszka\u0144c\u00f3w kantonu legitymuj\u0105cych si\u0119 tym wiekiem stanowi 0.000967%. W ca\u0142ej Szwajcarii, w ci\u0105gu 14 miesi\u0119cy zmar\u0142o jedena\u015bcie os\u00f3b w wieku do 49 lat \u2013 na 8.5 mln mieszka\u0144c\u00f3w.<\/p>\r\n<p>W populacji do kt\u00f3rej sam nale\u017c\u0119 \u2013 os\u00f3b mi\u0119dzy 50, a 64 rokiem \u017cycia, kt\u00f3rych w kantonie mieszka 76405 os\u00f3b, zmar\u0142o 39 os\u00f3b w tym wieku co stanowi 0.05% tej wiekowej populacji.<\/p>\r\n<p>Odwr\u00f3c\u0119 teraz perspektyw\u0119 i przystawi\u0119 ja do danych szwajcarskiego covida. W planach biznesowych robi si\u0119 takie wyliczenia, kt\u00f3re okre\u015blaj\u0105 poziom ryzyka. Wyobra\u017amy sobie wi\u0119c biznes, kt\u00f3rego szanse powodzenia rokuj\u0105 na poziomie 0.05% skuteczno\u015bci i trzeba w zwi\u0105zku z tym podj\u0105\u0107 decyzj\u0119 o zainwestowaniu czasu, energii i pieni\u0119dzy.<\/p>\r\n<p>Linki do \u017ar\u00f3de\u0142 i danych:<\/p>\r\n<p><a href=\"https:\/\/www.sg.ch\/ueber-den-kanton-st-gallen\/statistik\/covid-19.html\">https:\/\/www.sg.ch\/ueber-den-kanton-st-gallen\/statistik\/covid-19.html<\/a><\/p>\r\n<p><a href=\"https:\/\/www.sg.ch\/content\/dam\/sgch\/kanton-stgallen\/statistik\/b01\/B01_bevszen_1_Kanton-WK.pdf\">https:\/\/www.sg.ch\/content\/dam\/sgch\/kanton-stgallen\/statistik\/b01\/B01_bevszen_1_Kanton-WK.pdf<\/a><\/p>\r\n<p><strong><em>Valser<\/em><\/strong><\/p>\r\n<p class=\"zrodlo\">\u0179rod\u0142o: <a href=\"http:\/\/valser.szkolanawigatorow.pl\/miaem-troje-z-matmy-na-maturze\">SzkolaNawigator\u00f3w (17 maja 2021)<\/a><\/p>\r\n<h4>&nbsp;<\/h4>\r\n<blockquote>\r\n<p>[<strong>Wybrane wypowiedzi internaut\u00f3w pod w\/w tekstem na stronie \u017ar\u00f3d\u0142owej:<\/strong>]<\/p>\r\n<p><em>chlor:<\/em><br>\r\nWsz\u0119dzie na \u015bwiecie to podobnie wygl\u0105da. \u015aledzi\u0142em statystyki w moim mie\u015bcie dop\u00f3ki nie utajniono danych o wieku zara\u017conych i zmar\u0142ych. Zara\u017cali si\u0119 (tym znaczeniu, \u017ce test wykry\u0142) m\u0142odzi, za\u015b padali emeryci, z pojedy\u0144czymi wyj\u0105tkami.<\/p>\r\n<p>&nbsp;<\/p>\r\n<p><em>Szczodrocha33:<\/em><br>\r\nStrach to jedno z najbardziej destrukcyjnych a zarazem golupiajacych uczuc.<\/p>\r\n<p>Ci co steruja mediami wiedza jak takie uczucie wzbudzic.<\/p>\r\n<p>Publikowanie po 50 artykulow dziennie, szlaban zarzadzen i kar, podsuwane &#8222;cudowne&#8221; szczepionki i mozna sterowac miliardami.<\/p>\r\n<p>No i pomimo wygaszania projektu pandemia, maja juz haczyk na przyszlosc.<\/p>\r\n<p>W kazdej chwili moga oglosic ze jakas wersja wirusa wymknela sie spod kontroli i znowu padnie komenda: &#8222;lotnik kryj sie!&#8221;.<\/p>\r\n<p>Tylko nastepnym razem moze zamkna wszystko i kazdemu kaza dupe na kolek zabic, klepiac nas po ramieniu z usmiechem i przekonujac ze to dla dobra ludzkosci.<\/p>\r\n<p>&nbsp;<\/p>\r\n<p><em>ewa-rembikowska:<\/em><br>\r\nPrzecie\u017c covid by\u0142 tylko pretekstem do og\u00f3lno\u015bwiatowego eksperymentu na spo\u0142ecze\u0144stwach w temacie, jak zarz\u0105dza\u0107 strachem na masow\u0105 skal\u0119? Politycy, media, celebryci, eksperci zdali go na pi\u0105tk\u0119. Dzisiaj widzia\u0142am u mnie na wsi dw\u00f3ch rowerzyst\u00f3w jad\u0105cych pust\u0105 drog\u0105 w maseczkach, na ulicach te\u017c sporo ludzi w kaga\u0144cach.<\/p>\r\n<p>&nbsp;<\/p>\r\n<p><em>KOSSOBOR @ewa-rembikowska:<\/em><\/p>\r\n<p>U nas nawet w parkach widuje si\u0119 ludzie\u0144k\u00f3w w maskach. Owszem pojedyncze sztuki, ale za to z sza\u0142em w oczach.<\/p>\r\n<p>&nbsp;<\/p>\r\n<p><em>valser @pink-panther:<\/em><br>\r\nPolitycy na calym swiecie sie wszedzie podobnie skorumpowani i nie ma co miedzy nimi roznicowac. Kazdy z nich zasluguje na to samo. Wyniki ich dzialan wszyscy maja na wyciagniecie reki. Poki co w Szwajcarii nikt nie smuci o jakims &#8222;nowym ladzie&#8221;, ale byc moze tylko dlatego, ze ten lad od dawna juz jest.<\/p>\r\n<p>W tzw. pandemii od poczatku chodzi o globalna korekte ekonomiczna. Wiele spraw juz lezy na plecach i sie nie dzwignie, ale sa jeszcze bizesy, ktore leza i kwicza i przyjdzie poczekac, zeby zdechly.<\/p>\r\n<p>Pierwszy przyklad &#8211; linie lotnicze Swiss. W zeszlym roku dostali dwa miliardy frankow pomocy, wtedy zrobili 20% redukcje wyplat dla personelu, ale dwa tygodnie temu zwolnili pierwsza transze ludzi. ok. 8% ludzi zatrudnionych w Swiss stracilo robote. Dostali kolejna kase, ktora wedlug prognoz wystarczy do wrzesnia. 15 samolotow jest do zlomowania. Oficjalnie juz zostaly wycofane z eksploatacji. Samolot jak stoi i nie lata, to zlomuje sie 10 razy szybciej. Pisalem juz o tym. Nie mozna go rowniez sprzedac na wtornym rynku, bo jest nadpodaz, a poza tym nikt w tej chwili nie ma odwagi inwestowac w sprzet do latania, ktory stoi na ziemi. W innych liniach wyglada to podobnie, albo gorzej. Za chwile bedzie trach latac.<\/p>\r\n<p>https:\/\/www.swissinfo.ch\/eng\/swiss-airlines-to-lay-off-up-to-780-staff-and-reduce-fleet\/46595458<\/p>\r\n<p>Strzal przyjely tez szwajcarskie koleje SBB. Oni w 2019 przewozili dziennie 1.35mln pasazerow. Dzisial srednio ledwo 843 tysiace. Ludzie przestali jezdzic i czesc z nich juz nie wroci na szlak, bo na stale maja zaimplementowany home office. Firmy rezygnuja z powierzchni biurowych, a personel obsluguje wszystko zdalnie. To jest niby korzystne, bo &#8222;spadaja koszty&#8221;. Pytanie tylko komu? Koszty ida w dol, co zostaja przerzucone na pracownika, bo nikt ekstra doplat do wynajmu mieszkania bedacego miejscem pracy nie robi, ani nie doplaca do zuzycia pradu.<\/p>\r\n<p><blockquote class=\"wp-embedded-content\" data-secret=\"nh9SIIr6fg\"><a href=\"https:\/\/www.globalrailwayreview.com\/news\/119313\/sbb-impact-pandemic-2020\/\">SBB reflects on the impact of the pandemic on its business during 2020<\/a><\/blockquote><iframe class=\"wp-embedded-content\" sandbox=\"allow-scripts\" security=\"restricted\" style=\"position: absolute; clip: rect(1px, 1px, 1px, 1px);\" title=\"&#8220;SBB reflects on the impact of the pandemic on its business during 2020&#8221; &#8212; Global Railway Review\" src=\"https:\/\/www.globalrailwayreview.com\/news\/119313\/sbb-impact-pandemic-2020\/embed\/#?secret=nh9SIIr6fg\" data-secret=\"nh9SIIr6fg\" width=\"600\" height=\"338\" frameborder=\"0\" marginwidth=\"0\" marginheight=\"0\" scrolling=\"no\"><\/iframe><\/p>\r\n<p>Cala rezta wyglada podobnie &#8211; hotele, gastronomia, turystyka, fitness, kultura, ktora zyje z eventow. Zatrzymam sie przy hotelach &#8211; np. takie pielgrzymkowanie tez zwiedlo, bo jak miejsca na nocleg sa pozamykane, to amatorow, zeby spac po krzakach bez prysznica za wielu sie nie znajdzie. Wyjscie na Camino to jest w tej chwili mrzonka. Przygotowuje sie do trasy na terenie Szwajcarii, st.Gallen &#8211; Saint Maurice, ok. 350km. Albo ja wykonam w przyszlym miesiacu, albo we wrzesniu. Powoli w Szwajcarii sie wszytko otwiera i jest szansa.<\/p>\r\n<p>Jesli chodzi o strach, to rzeczywiscie ludzie maja juz zrobiony w glowach kociol. Postepuja irracjonalnie, wbrew logice i od dawna przyjetym ustaleniom. Ani maseczki, ani lockdown, ani izolacja nie maja zadnego sensu, ani tym bardziej wplywu na rozprzestrzenianie sie zakazen. To sa sprawy znane i udokumentowane, a postepowanie w szpitalach to jest jeden wielki absurd i zaprzeczenie temu co ucza w szkolach medycznych na ten temat.<\/p>\r\n<p>Podam jeszcze jeden przyklad. Rok temu rzad szwajcarski promowal tutaj aplikacje na telefon, zeby kontrolowac przemieszczanie sie zakazonych ludzi. I to nawet stalo sie popularne. Ta aplikacje uruchomila sobie kolezanka mojej zony, ktora pracuje jako pielegniarka w szpitalu kantonalnym. No i jej zaczelo dawac sygnal codziennie, albo nawet kilka razy dziennie. Jej szefo polecil jej ta aplikacje odinstalowac i powiedzial, ze ona nie dotyczy sluzby medycznej, bo normalnie przy takim zgloszeniu kontaktu idzie sie na 10 dniowa kwarantanne, a wtedy w szpitalu nie byloby zadnego personelu. Jeden nonsens goni kolejny i nie ma sie za bardzo czym przejmowac.<\/p>\r\n<p>https:\/\/www.bag.admin.ch\/bag\/en\/home\/krankheiten\/ausbrueche-epidemien-pandemien\/aktuelle-ausbrueche-epidemien\/novel-cov\/swisscovid-app-und-contact-tracing.html<\/p>\r\n<p>Szanse, ze zachoruje na covid sa niewielkie. Na infekcje ukladu oddechowego ostatni raz chorowalem w Polsce ze 25 lat temu w dziwnych okolicznosciach, na wlasne zyczenie i z glupoty. Dzisiaj to o wiele mniej prawdopodobne, a szanse na zgon statystycznie sa na poziomie promilli.<\/p>\r\n<p>Jesli chodzi o strach, to on ma czasami racjonalne podloze. Np. w takim San Francisco wszyscy dobrowolnie chodza w maseczkach, chociaz nie trzeba. Bierze sie to stad, ze zachorowanie oznacza przymusowy szpital za 5 do 10 tysiecy dolcow za dobe wiec po 10 dniach generuje sie taki tyl, ktory jest juz nie do splacenia. W San Francisco maj w centrum miasta zwykla katastrofe humanitarna w postaci miasteczka namiotowego, w ktorym juz mieszka kilkadziesiat tysiecy ludzi. Z tytulu covida troche ich przegrupowali, pomalowali namiotowcom biala farba kwadraty gdzie moga sobie namiot postawic, zeby byl &#8222;dystans spoleczny&#8221; i nie siedzieli wszyscy na kupie. W centrum SF sa luksusowe hotele, ale personel &#8222;nie zaleca wychodzenia i spacerowania&#8221; na zewnatrz, bo to jest niebezpieczne. Lumpy po prostu atakuja ludzi. Jedni prosza o 5 dolcow, a inni sami biora z portfela. &#8222;Zaleca sie zamowic taksowke, albo ubera i dojechac do miejsca i nie spacerowac.<\/p>\r\n<p>https:\/\/www.businessinsider.com\/san-francisco-homeless-tent-camp-coronavirus-2020-5?r=US&#038;IR=T<\/p>\r\n<p>Moim zdaniem ta ustawka potrwa jeszcze jeden sezon. Za rok rzeczywiscie nie bedzie juz co zbierac i wtedy powstanie &#8222;wielki plan odbudowy&#8221;. Rusza &#8222;kredyty preferencyje&#8221; i tym podobne bzdury. I przez nastepna dekade bedzie wzgledny spokoj.<\/p>\r\n<\/blockquote>","protected":false},"excerpt":{"rendered":"Witam wszystkich maturzyst\u00f3w i tych co ju\u017c po maturze. Mam nadziej\u0119, \u017ce na maturze ci\u0105gle jeszcze trzeba si\u0119 wykaza\u0107 umiej\u0119tno\u015bciami wyliczania procent\u00f3w i proporcji, chocia\u017c informacje ze \u015bwiata rzeczywistego sugeruj\u0105 raczej, \u017ce ju\u017c tylko zakre\u015bla si\u0119 boxy z prawid\u0142ow\u0105 odpowiedzi\u0105. Fakty, oficjalne dane z mojego podw\u00f3rka, kt\u00f3re s\u0105 rzetelne i nie s\u0105 z pewno\u015bci\u0105 sfabrykowane, [&hellip;]","protected":false},"author":1,"featured_media":0,"comment_status":"closed","ping_status":"closed","sticky":false,"template":"","format":"standard","meta":{"_acf_changed":false,"_monsterinsights_skip_tracking":false,"_monsterinsights_sitenote_active":false,"_monsterinsights_sitenote_note":"","_monsterinsights_sitenote_category":0,"ngg_post_thumbnail":0,"footnotes":"","_wp_rev_ctl_limit":""},"categories":[13,9],"tags":[433,20,239],"acf":[],"_links":{"self":[{"href":"https:\/\/www.bibula.com\/index.php?rest_route=\/wp\/v2\/posts\/125412"}],"collection":[{"href":"https:\/\/www.bibula.com\/index.php?rest_route=\/wp\/v2\/posts"}],"about":[{"href":"https:\/\/www.bibula.com\/index.php?rest_route=\/wp\/v2\/types\/post"}],"author":[{"embeddable":true,"href":"https:\/\/www.bibula.com\/index.php?rest_route=\/wp\/v2\/users\/1"}],"replies":[{"embeddable":true,"href":"https:\/\/www.bibula.com\/index.php?rest_route=%2Fwp%2Fv2%2Fcomments&post=125412"}],"version-history":[{"count":2,"href":"https:\/\/www.bibula.com\/index.php?rest_route=\/wp\/v2\/posts\/125412\/revisions"}],"predecessor-version":[{"id":125414,"href":"https:\/\/www.bibula.com\/index.php?rest_route=\/wp\/v2\/posts\/125412\/revisions\/125414"}],"wp:attachment":[{"href":"https:\/\/www.bibula.com\/index.php?rest_route=%2Fwp%2Fv2%2Fmedia&parent=125412"}],"wp:term":[{"taxonomy":"category","embeddable":true,"href":"https:\/\/www.bibula.com\/index.php?rest_route=%2Fwp%2Fv2%2Fcategories&post=125412"},{"taxonomy":"post_tag","embeddable":true,"href":"https:\/\/www.bibula.com\/index.php?rest_route=%2Fwp%2Fv2%2Ftags&post=125412"}],"curies":[{"name":"wp","href":"https:\/\/api.w.org\/{rel}","templated":true}]}}