{"id":1253,"date":"2007-10-08T00:00:00","date_gmt":"2007-10-08T00:00:00","guid":{"rendered":""},"modified":"2020-09-03T20:09:14","modified_gmt":"2020-09-04T00:09:14","slug":"konferencja-falszerzy-katolickich-usa","status":"publish","type":"post","link":"https:\/\/www.bibula.com\/?p=1253","title":{"rendered":"Konferencja Fa\u0142szerzy Katolickich USA"},"content":{"rendered":"<p>Wszyscy zd\u0105\u017cyli\u015bmy si\u0119 ju\u017c przyzwyczai\u0107 do niechlujnych t\u0142umacze\u0144 tekst\u00f3w urz\u0119dowych (\u0142aci\u0144skich) r\u00f3\u017cnych dokument\u00f3w na j\u0119zyki narodowe. Przek\u0142amane i niestaranne t\u0142umaczenia oraz olewanie prawdziwej tre\u015bci dokument\u00f3w i \u017cyrowanie dowolnego g\u0142upstwa &#8222;duchem soboru&#8221; to immanentne cechy Ko\u015bcio\u0142a posoborowego.<br \/>\r\n<br \/>\r\nKonferencja Episkopatu USA w swojej degrengoladzie idzie jednak dalej &#8211; a mianowicie fa\u0142szuje ju\u017c nawet teksty urz\u0119dowe (\u0142aci\u0144skie)! Oto naj\u015bwie\u017cszy przyk\u0142ad:<br \/>\r\n<br \/>\r\nNa serwerze Stolicy Apostolskiej mo\u017cemy zapozna\u0107 si\u0119 z <a class=\"content_sz\" href=\"http:\/\/www.vatican.va\/holy_father\/benedict_xvi\/motu_proprio\/documents\/hf_ben-xvi_motu-proprio_20070707_summorum-pontificum_lt.html\">oficjalnym urz\u0119dowym tekstem<\/a> motu proprio <em>Summorum Pontificum<\/em>:<\/p>\r\n<p><br \/>\r\n<a href=\"http:\/\/bp3.blogger.com\/_SYA86neiR8Q\/RwqxwBcnSxI\/AAAAAAAAAzo\/APvhmWjlQjk\/s1600-h\/vatican51.png\"><img fetchpriority=\"high\" decoding=\"async\" id=\"BLOGGER_PHOTO_ID_5119099365040278290\" class=\"aligncenter\" src=\"http:\/\/bp3.blogger.com\/_SYA86neiR8Q\/RwqxwBcnSxI\/AAAAAAAAAzo\/APvhmWjlQjk\/s400\/vatican51.png\" alt=\"\" width=\"600\" height=\"210\" border=\"0\" \/><\/a><\/p>\r\n<p>Art. 5. \u00a7 1. W parafiach, w kt\u00f3rych jest <strong>stale (continenter)<\/strong> obecna grupa wiernych przywi\u0105zanych do wcze\u015bniejszej tradycji liturgicznej, niech proboszcz ch\u0119tnie przyjmie ich pro\u015bby o odprawianie Mszy \u015bwi\u0119tej wed\u0142ug obrz\u0119du Msza\u0142u Rzymskiego og\u0142oszonego w 1962&#8230;<br \/>\r\n<br \/>\r\nA teraz sp\u00f3jrzmy na wersj\u0119 niby tego samego dokumentu, znajduj\u0105c\u0105 si\u0119 na <a class=\"content_sz\" href=\"http:\/\/www.usccb.org\/liturgy\/litteraeapostolicae.pdf\">oficjalnej stronie<\/a> Konferencji Episkopatu USA:<br \/>\r\n<br \/>\r\n<\/p>\r\n<p><a class=\"content_sz\" href=\"http:\/\/bp1.blogger.com\/_SYA86neiR8Q\/RwqxvhcnSwI\/AAAAAAAAAzg\/jTuekN-ogzE\/s1600-h\/usccb51.png\"><img decoding=\"async\" id=\"BLOGGER_PHOTO_ID_5119099356450343682\" class=\"aligncenter\" src=\"http:\/\/bp1.blogger.com\/_SYA86neiR8Q\/RwqxvhcnSwI\/AAAAAAAAAzg\/jTuekN-ogzE\/s400\/usccb51.png\" alt=\"\" width=\"597\" height=\"173\" border=\"0\" \/><\/a>Art. 5. \u00a7 1. W parafiach, w kt\u00f3rych jest obecna <strong>stabilna (stabiliter)<\/strong> grupa wiernych przywi\u0105zanych do wcze\u015bniejszej tradycji liturgicznej, niech proboszcz ch\u0119tnie przyjmie ich pro\u015bby o odprawianie Mszy \u015bwi\u0119tej wed\u0142ug obrz\u0119du Msza\u0142u Rzymskiego og\u0142oszonego w 1962&#8230;<\/p>\r\n<p><br \/>\r\nNiby drobna r\u00f3\u017cnica, ale ta z pozoru nieistotna &#8222;popsujka&#8221; umo\u017cliwi zapewne w USA masowe odmowy celebracji Mszy \u015bwi\u0119tych dla grup, kt\u00f3re s\u0105 &#8222;niestabilne&#8221;, bo np. raz jest 15 os\u00f3b, raz s\u0105 3, a kiedy indziej znowu b\u0119dzie ich 10.<br \/>\r\n<br \/>\r\nCui bono?<\/p>\r\n<p class=\"content\">\u00a0<\/p>\r\n<p class=\"content\">Napisa\u0142 Dextimus dnia <a class=\"content_sz\" title=\"permanent link\" href=\"http:\/\/breviarium.blogspot.com\/2007\/10\/konferencja-faszerzy-katolickich-usa.html\" rel=\"bookmark\"><abbr title=\"2007-10-09T00:34:00+02:00\">9.10.07<\/abbr><\/a><\/p>\r\n<p class=\"zrodlo\">Za: <a class=\"content_sz\" href=\"http:\/\/breviarium.blogspot.com\/2007\/10\/konferencja-faszerzy-katolickich-usa.html\" target=\"_blank\" rel=\"noopener noreferrer\">KRONIKA NOVUS ORDO<\/a><\/p>","protected":false},"excerpt":{"rendered":"Wszyscy zd\u0105\u017cyli\u015bmy si\u0119 ju\u017c przyzwyczai\u0107 do niechlujnych t\u0142umacze\u0144 tekst\u00f3w urz\u0119dowych (\u0142aci\u0144skich) r\u00f3\u017cnych dokument\u00f3w na j\u0119zyki narodowe. Przek\u0142amane i niestaranne t\u0142umaczenia oraz olewanie prawdziwej tre\u015bci dokument\u00f3w i \u017cyrowanie dowolnego g\u0142upstwa &#8222;duchem soboru&#8221; to immanentne cechy Ko\u015bcio\u0142a posoborowego. Konferencja Episkopatu USA w swojej degrengoladzie idzie jednak dalej &#8211; a mianowicie fa\u0142szuje ju\u017c nawet teksty urz\u0119dowe (\u0142aci\u0144skie)! Oto [&hellip;]","protected":false},"author":1,"featured_media":0,"comment_status":"closed","ping_status":"open","sticky":false,"template":"","format":"standard","meta":{"_acf_changed":false,"_monsterinsights_skip_tracking":false,"_monsterinsights_sitenote_active":false,"_monsterinsights_sitenote_note":"","_monsterinsights_sitenote_category":0,"ngg_post_thumbnail":0,"footnotes":"","_wp_rev_ctl_limit":""},"categories":[4],"tags":[221,33],"acf":[],"_links":{"self":[{"href":"https:\/\/www.bibula.com\/index.php?rest_route=\/wp\/v2\/posts\/1253"}],"collection":[{"href":"https:\/\/www.bibula.com\/index.php?rest_route=\/wp\/v2\/posts"}],"about":[{"href":"https:\/\/www.bibula.com\/index.php?rest_route=\/wp\/v2\/types\/post"}],"author":[{"embeddable":true,"href":"https:\/\/www.bibula.com\/index.php?rest_route=\/wp\/v2\/users\/1"}],"replies":[{"embeddable":true,"href":"https:\/\/www.bibula.com\/index.php?rest_route=%2Fwp%2Fv2%2Fcomments&post=1253"}],"version-history":[{"count":1,"href":"https:\/\/www.bibula.com\/index.php?rest_route=\/wp\/v2\/posts\/1253\/revisions"}],"predecessor-version":[{"id":116792,"href":"https:\/\/www.bibula.com\/index.php?rest_route=\/wp\/v2\/posts\/1253\/revisions\/116792"}],"wp:attachment":[{"href":"https:\/\/www.bibula.com\/index.php?rest_route=%2Fwp%2Fv2%2Fmedia&parent=1253"}],"wp:term":[{"taxonomy":"category","embeddable":true,"href":"https:\/\/www.bibula.com\/index.php?rest_route=%2Fwp%2Fv2%2Fcategories&post=1253"},{"taxonomy":"post_tag","embeddable":true,"href":"https:\/\/www.bibula.com\/index.php?rest_route=%2Fwp%2Fv2%2Ftags&post=1253"}],"curies":[{"name":"wp","href":"https:\/\/api.w.org\/{rel}","templated":true}]}}