{"id":125226,"date":"2021-05-09T17:38:36","date_gmt":"2021-05-09T21:38:36","guid":{"rendered":"https:\/\/www.bibula.com\/?p=125226"},"modified":"2021-05-09T17:38:36","modified_gmt":"2021-05-09T21:38:36","slug":"dlaczego-bronie-aleksandra-lukaszenki-agnieszka-piwar","status":"publish","type":"post","link":"https:\/\/www.bibula.com\/?p=125226","title":{"rendered":"Dlaczego broni\u0119 Aleksandra\u00a0\u0141ukaszenki? &#8211; <em>Agnieszka Piwar<\/em>"},"content":{"rendered":"<p class=\"date\">&nbsp;<\/p>\r\n<p><strong>Niekt\u00f3rzy adwersarze \u201eMy\u015bli Polskiej\u201d bezpodstawnie zarzucaj\u0105 naszemu \u015brodowisku, \u017ce broni\u0105c Aleksandra \u0141ukaszenki dopuszczamy si\u0119 \u00abzdrady Polak\u00f3w\u00bb.<\/strong><\/p>\r\n<p><img fetchpriority=\"high\" decoding=\"async\" class=\"aligncenter \" src=\"https:\/\/myslpolska.info\/wp-content\/uploads\/2021\/05\/belarus.jpg\" width=\"700\" height=\"339\"><\/p>\r\n<p><span id=\"more-92449\"><\/span>Nasi oponenci nie rozumiej\u0105, \u017ce to w\u0142a\u015bnie prezydent Bia\u0142orusi jest gwarantem ocalenia polsko\u015bci na tamtych terenach. Polsko\u015bci w rozumieniu systemu warto\u015bci, kt\u00f3re w obecnych granicach pa\u0144stwa polskiego zosta\u0142y brutalnie zgwa\u0142cone.<\/p>\r\n<p>Wychodz\u0105c naprzeciw gor\u0105cej dyskusji nt. polsko-bia\u0142oruskich relacji, pragn\u0119 podkre\u015bli\u0107, \u017ce analiza zaistnia\u0142ego kryzysu interesuje mnie z filozoficznego (w rozumieniu klasycznym) punktu widzenia. Oznacza to, \u017ce nie stawiam w pierwszej kolejno\u015bci na interes polityczny, ani nawet narodowy. Filozofia stoi bowiem wy\u017cej od pa\u0144stwa, narodu czy mojego osobistego szcz\u0119\u015bcia. Bo bez filozofii nie by\u0142o by ani pa\u0144stw, ani narod\u00f3w, ani nawet nas \u2013 takich, jacy teraz jeste\u015bmy.<\/p>\r\n<p>W zwi\u0105zku z powy\u017cszym, punktem wyj\u015bcia do moich rozwa\u017ca\u0144 nt. polsko-bia\u0142oruskiego kryzysu jest fundamentalne pytanie: Co jest wa\u017cniejsze \u2013 broni\u0107 Prawdy czy Polak\u00f3w? Jako \u017ce Sejm og\u0142osi\u0142 rok 2021 Rokiem Cypriana Kamila Norwida, odpowiem s\u0142owami tego wielkiego Poety:<\/p>\r\n<blockquote>\r\n<p>\u00abNie trzeba k\u0142ania\u0107 si\u0119 okoliczno\u015bciom,<br>\r\nA Prawdom kaza\u0107, by za drzwiami sta\u0142y\u00bb.<\/p>\r\n<\/blockquote>\r\n<p>Prawda jest najwa\u017cniejsza, wa\u017cniejsza nawet od interesu poszczeg\u00f3lnych narod\u00f3w, w tym Polak\u00f3w. Je\u015bli za\u015b obronimy Prawd\u0119, rosn\u0105 nasze szanse na obron\u0119 pa\u0144stwa, narodu i samych siebie.<\/p>\r\n<p>Prawda to zgodno\u015b\u0107 s\u0105d\u00f3w z rzeczywisto\u015bci\u0105. Dlatego chc\u0105c ocali\u0107 nasz\u0105 cywilizacj\u0119, wszystko \u2013 z pa\u0144stwem i narodem w\u0142\u0105cznie \u2013 powinno opiera\u0107 si\u0119 na Prawdzie. I dalej, je\u015bli chcemy broni\u0107 naszej cywilizacji \u2013 zbudowanej na my\u015bli greckiej, prawie rzymskim i etyce chrze\u015bcija\u0144skiej \u2013 powinni\u015bmy przyj\u0105\u0107 do wiadomo\u015bci, \u017ce Polacy nie s\u0105 p\u0119pkiem tego \u015bwiata.<\/p>\r\n<p>Z takiego punktu odniesienia, jako chrze\u015bcijanka ochrzczona w Ko\u015bciele katolickim przyznaj\u0119 wprost: bli\u017cej jest mi do dziedzictwa papie\u017ca Niemca, ni\u017c papie\u017ca Polaka. O jakie konkretnie przes\u0142anie chodzi? Przed laty zdekodowa\u0142 to w\u0142oski filozof Giovanni Reale, kt\u00f3ry zauwa\u017cy\u0142, \u017ce Jan Pawe\u0142 II walczy\u0142 z komunizmem, za\u015b Benedykt XVI wypowiedzia\u0142 wojn\u0119 relatywizmowi.<\/p>\r\n<p>Obecnie tzw. \u201epolscy patrioci\u201d (partie: Ruch Narodowy oraz Prawo i Sprawiedliwo\u015b\u0107) zatrzymali si\u0119 na walce z komunizmem, kt\u00f3rego de facto ju\u017c nie ma. Poch\u0142oni\u0119ci walk\u0105 z nieistniej\u0105cym wrogiem (by doda\u0107 sobie animuszu i m\u0119sko\u015bci?), nawet nie zauwa\u017cyli, \u017ce wypowiedziano nam znacznie niebezpieczniejsz\u0105 wojn\u0119. Nowy wr\u00f3g jest gro\u017aniejszy od poprzednich, bo nie tylko d\u0105\u017cy do pokonania cz\u0142owieka ale i unicestwienia.<\/p>\r\n<p>Zrozumia\u0142 to Benedykt XVI, kt\u00f3ry o ideologii gender powiedzia\u0142, \u017ce \u00abje\u015bli zwyci\u0119\u017cy, zrobi wi\u0119cej krzywdy ludziom i narodom ni\u017c komunizm\u00bb (st\u0105d wojna obronna z relatywizmem, kt\u00f3ry \u201eprawd\u0119\u201d o cz\u0142owieku tworzy wed\u0142ug w\u0142asnego widzimisi\u0119).<\/p>\r\n<p>Zrozumia\u0142 to te\u017c Aleksander \u0141ukaszenka, kt\u00f3ry dzielnie broni podleg\u0142ych mu obywateli przed najwi\u0119kszym z\u0142em w historii ludzko\u015bci. Prezydent Bia\u0142orusi wyr\u00f3\u017cnia si\u0119 na tle innych europejskich przyw\u00f3dc\u00f3w tym, \u017ce nigdy nie wpu\u015bci\u0142 do swojego kraju Georga Sorosa z jego organizacjami. Ten gest \u0141ukaszenki wobec Sorosa odczyta\u0107 mo\u017cna jako pewien symbol, dzi\u0119ki kt\u00f3remu Bia\u0142oru\u015b nie zosta\u0142a wch\u0142oni\u0119ta przez mi\u0119dzynarodowe korporacje, d\u0105\u017c\u0105ce do przej\u0119cia ca\u0142kowitej kontroli nad \u015bwiatem.<\/p>\r\n<p>Realizatorzy szata\u0144skiego pomys\u0142u zdobycia globalnej w\u0142adzy chc\u0105 do reszty zniszczy\u0107 harmonijny \u015bwiat. St\u0105d narzucanie okupowanym pa\u0144stwom ideologii gender, kt\u00f3ra neguje p\u0142e\u0107 i to\u017csamo\u015b\u0107 cz\u0142owieka. Kolejnym punktem na drodze zniszczenia ma by\u0107 ca\u0142kowita negacja cz\u0142owieka. I wreszcie, jego unicestwienie.<\/p>\r\n<p>\u0141ukaszenka stanowczo sprzeciwi\u0142 si\u0119 temu zamys\u0142owi i pozamyka\u0142 szczelnie granice przed napieraj\u0105c\u0105 zaraz\u0105. Tymczasem nie zrobi\u0142 tego kreuj\u0105cy si\u0119 na konserwatywnego przyw\u00f3dc\u0119 Jaros\u0142aw Kaczy\u0144ski i sterowany przez niego rz\u0105d Zjednoczonej Prawicy. Wystraszy przej\u015b\u0107 si\u0119 po ulicach polskich miast, kt\u00f3re zala\u0142y tzw. \u201et\u0119czowe flagi\u201d symbolizuj\u0105ce \u015brodowiska LGBT, o zdemoralizowanej i zniszczonej polskiej m\u0142odzie\u017cy nie wspominaj\u0105c.<\/p>\r\n<p>Fenomen \u0141ukaszenki zrozumia\u0142am kilka lat temu, kiedy sp\u0119dzi\u0142am troch\u0119 czasu na Grodzie\u0144szczy\u017anie. Przenios\u0142am si\u0119 wtedy do innego \u015bwiata \u2013 tego, kt\u00f3ry zna\u0142am z opowie\u015bci moich \u015bp. bab\u0107, wspominaj\u0105cych m\u0142odo\u015b\u0107 w przedwojennej Polsce. Na w\u0142asne oczy zobaczy\u0142am, \u017ce jest tam bardzo bezpiecznie, a \u017cycie p\u0142ynie znacznie spokojniej, niczym rzeka Niemen, kt\u00f3rej nurt obserwowa\u0142am z kawiarni urz\u0105dzonej w dawnym szlacheckim dworku.<\/p>\r\n<p>Jedna z g\u0142\u00f3wnych ulic w Grodnie nosi imi\u0119 ojca komunizmu Karola Marksa. Jako\u015b nie zauwa\u017cy\u0142am przy tej ulicy komunistycznych symboli. Zobaczy\u0142am natomiast figurki Matki Bo\u017cej, kt\u00f3re roz\u015bwietla\u0142y zadbane posesje.<\/p>\r\n<p>Jedn\u0105 z g\u0142\u00f3wnych ulic w Warszawie jest Aleja Jana Paw\u0142a II. Przy ulicy nosz\u0105cej imi\u0119 papie\u017ca Polaka (kt\u00f3ry walczy\u0142 z komunizmem), warszawiakom nachalnie narzuca si\u0119 produkty pot\u0119\u017cnego biznesu niszcz\u0105cego polsk\u0105 rodzin\u0119. Ka\u017cdy przechodzie\u0144, w tym dzieci, zobaczy tam (u zbiegu z Alej\u0105 Solidarno\u015bci) sex-shopy z wibratorami na wystawach, szyldy klub\u00f3w ze striptizem, ulotki ze zdj\u0119ciami nagich kobiet oferuj\u0105cych us\u0142ugi seksualne za pieni\u0105dze, itp. Obecnie dosz\u0142y do tego wspomniane tzw. \u201et\u0119czowe flagi\u201d symbolizuj\u0105ce wszelkiej ma\u015bci zboczenia i dewiacje. Takich gorsz\u0105cych widok\u00f3w na Bia\u0142orusi nie zobaczy\u0142am.<\/p>\r\n<p>Tymczasem \u201e\u015bwiat zachodni\u201d uzna\u0142, \u017ce trzeba na Bia\u0142orusi wprowadzi\u0107 \u201edemokracj\u0119\u201d i \u201ewyzwoli\u0107\u201d jej obywateli spod rz\u0105d\u00f3w \u201edyktatora\u201d. W tym celu postanowiono obali\u0107 prezydenta \u0141ukaszenk\u0119. Pr\u00f3ba przewrotu nie powiod\u0142a si\u0119 w 2020 roku, ale co rusz usi\u0142uje si\u0119 odpala\u0107 kolejne zamieszki i niepokoje.<\/p>\r\n<p>Ba\u0107ka w ko\u0144cu nie wytrzyma\u0142 i wpakowa\u0142 ile\u015b tam os\u00f3b za kratki. W\u015br\u00f3d aresztowanych znale\u017ali si\u0119 Polacy, w tym And\u017celika Borys i Andrzej Poczobut, znani etatowi zadymiarze. Dzia\u0142ania bia\u0142oruskich w\u0142adz wywo\u0142a\u0142y fal\u0119 oburzenia w\u015br\u00f3d \u201epolskich patriot\u00f3w\u201d z Ruchu Narodowego, kt\u00f3rzy m.in. wezwali do na\u0142o\u017cenia sankcji na Bia\u0142oru\u015b. W skutek sankcji zawsze najbardziej cierpi\u0105 zwykli ludzie, jednak tzw. \u201enarodowcy\u201d maj\u0105 to w g\u0142\u0119bokim powa\u017caniu. Liczy si\u0119 cyniczny interes polityczny, tzw. fejm i lajki na fejsie.<\/p>\r\n<p>Mo\u017cna wr\u0119cz odnie\u015b\u0107 wra\u017cenie, \u017ce tzw. \u201enarodowcy\u201d wyznaj\u0105 plemienn\u0105 zasad\u0119 wi\u0119z\u00f3w krwi, maj\u0105c za nic system warto\u015bci naszej cywilizacji. Polsko\u015bci bowiem \u2013 stanowi\u0105cej znacz\u0105c\u0105 cz\u0119\u015b\u0107 cywilizacji \u0142aci\u0144skiej \u2013 nie okre\u015bla p\u0142yn\u0105ca w \u017cy\u0142ach krew, lecz konkretne warto\u015bci i zasady.<\/p>\r\n<p>Zobrazuj\u0119 to na pi\u0119knym przyk\u0142adzie pewnej arystokratycznej rodziny, powi\u0105zanej z dawnymi zaborcami. Histori\u0119 znam z rodzinnych przekaz\u00f3w, pami\u0119tnik\u00f3w i ksi\u0105\u017ckowych publikacji.<\/p>\r\n<p>Moja \u015bp. babcia Stefania Nowak, z domu Elsenbahn by\u0142a c\u00f3rk\u0105 Austriaka. M\u00f3j pradziadek Karol Elsenbahn, rodowity wiede\u0144czyk, zamieszka\u0142 na ziemiach polskich pod koniec pierwszej wojny \u015bwiatowej i za\u0142o\u017cy\u0142 tutaj rodzin\u0119 \u017ceni\u0105c si\u0119 z Polk\u0105. Pradziadek otrzyma\u0142 prac\u0119 u samego austriackiego arcyksi\u0119cia z rodu Habsburg\u00f3w. Karol Olbracht Habsburg-Lotary\u0144ski \u2013 pu\u0142kownik artylerii cesarskiej i kr\u00f3lewskiej armii oraz Wojska Polskiego \u2013 by\u0142 w\u0142a\u015bcicielem d\u00f3br \u017cywieckich, w tym s\u0142ynnego browaru. Arcyksi\u0105\u017c\u0119 zatrudni\u0142 mojego pradziadka na stanowisku kierownika elektrowni, gazowni i warsztat\u00f3w mechanicznych. Dzi\u0119ki temu moja babcia dorasta\u0142a w otoczeniu znanej arystokratycznej rodziny, a ja mog\u0142am pozna\u0107 histori\u0119 o tym, jak szlachetnymi lud\u017ami byli \u017cywieccy Habsburgowie, kt\u00f3rzy w chwilach pr\u00f3by nie wyrzekli si\u0119\u2026 polsko\u015bci.<\/p>\r\n<p>Po kampanii wrze\u015bniowej 1939 roku, Karol Olbracht zosta\u0142 aresztowany przez Gestapo i uwi\u0119ziony. Zar\u00f3wno on jak i jego \u017cona Alicja Habsburg, z domu Ankarcrona nie zgodzili si\u0119 na podpisanie Volkslisty, kt\u00f3ra umo\u017cliwi\u0142aby utrzymanie cho\u0107by cz\u0119\u015bciowej kontroli nad maj\u0105tkiem rodzinnym. Najbli\u017csi arcyksi\u0119cia zostali obj\u0119ci aresztem domowych, a jego \u017cona zaanga\u017cowa\u0142a si\u0119 w dzia\u0142alno\u015b\u0107 konspiracyjn\u0105 Armii Krajowej. Po wojnie w\u0142adze komunistyczne zmusi\u0142y ca\u0142\u0105 rodzin\u0119 do opuszczenia Polski.<\/p>\r\n<p>Ich najstarsza c\u00f3rka, Maria Krystyna Habsburg (1923-2012) tak bardzo kocha\u0142a Polsk\u0119, \u017ce po licznych staraniach w 1993 roku odzyska\u0142a polskie obywatelstwo (wcze\u015bniej by\u0142a bezpa\u0144stwowcem) i wr\u00f3ci\u0142a na sta\u0142e do Polski. Zamieszka\u0142a w wydzielonym dla niej przez w\u0142adze \u017bywca niewielkim mieszkaniu w Nowym Zamku, w przesz\u0142o\u015bci w\u0142asno\u015bci rodziny.<\/p>\r\n<p>Jak to mo\u017cliwe, \u017ce kobieta pochodz\u0105ca z bogatej europejskiej arystokracji tak bardzo pragn\u0119\u0142a powrotu do kraju swojego dzieci\u0144stwa, \u017ce wola\u0142a zamieszka\u0107 w Polsce mimo panuj\u0105cych tu skromnych warunk\u00f3w? Poniewa\u017c polsko\u015b\u0107 kojarzy\u0142a si\u0119 jej z konkretnym systemem warto\u015bci, kt\u00f3rego do\u015bwiadczy\u0142a na naszych ziemiach w latach swojej m\u0142odo\u015bci i z kt\u00f3rym uto\u017csamia\u0142a si\u0119 przez ca\u0142e swoje doros\u0142e \u017cycie. W zrozumieniu tego pomocne s\u0105 fragmenty ksi\u0105\u017cki pt. \u201eKsi\u0119\u017cna. Wspomnienia o polskich Habsburgach\u201d stanowi\u0105cej zapis wywiadu rzeki z Mari\u0105 Krystyn\u0105.<\/p>\r\n<p>Na pytanie dlaczego jej matka (pochodz\u0105ca ze Szwecji) zaanga\u017cowa\u0142a si\u0119 w polsk\u0105 dzia\u0142alno\u015b\u0107 konspiracyjn\u0105, Maria Krystyna wyja\u015bni\u0142a: \u201eRobi\u0142a to, co robi\u0142o wielu Polak\u00f3w. Ona nie godzi\u0142a si\u0119 z okupacj\u0105 niemieck\u0105. Walczy\u0142a z niegodziwo\u015bci\u0105 i z\u0142em. Stan\u0119\u0142a po stronie s\u0142abszych i swoich. Te do\u015bwiadczenia, wszystkich nas Polak\u00f3w, niezale\u017cnie od pochodzenia, bardzo nas do siebie zbli\u017cy\u0142y\u201d.<\/p>\r\n<p>Maria Krystyna Habsburg by\u0142a c\u00f3rk\u0105 austriackiego arcyksi\u0119cia i szwedzkiej arystokratki ale uto\u017csamia\u0142a si\u0119 z Polakami. W czasach aresztu domowego przez Gestapo, pewien Niemiec chcia\u0142 j\u0105 bardzo obrazi\u0107 ale wysz\u0142o wprost przeciwnie. Habsburg\u00f3wna we wspomnieniach opisa\u0142a to nast\u0119puj\u0105co: \u00abKiedy\u015b nadzoruj\u0105cy nasz\u0105 spraw\u0119 gestapowiec Schweim powiedzia\u0142 do matki \u201ePani c\u00f3rka jest za\u017cart\u0105 Polk\u0105\u201d. To by\u0142 dla mnie najwi\u0119kszy komplement.\u00bb<\/p>\r\n<p>\u017bywieccy Habsburgowie czuli si\u0119 Polakami, cho\u0107 z tego co mi wiadomo, w ich \u017cy\u0142ach nie by\u0142o kropli polskiej krwi. Pod poj\u0119ciem polsko\u015bci rozumieli bowiem konkretny system warto\u015bci, kt\u00f3ry w tamtym czasie objawia\u0142 si\u0119 m.in. stawianiem zdecydowanego oporu wobec niszczycielskiej ideologii, w tym przypadku nazistowskiej.<\/p>\r\n<p>Wracaj\u0105c do sedna tematu. Osoby zwi\u0105zane z Ruchem Narodowym \u2013 chc\u0105c nas zapewne obrazi\u0107 \u2013 zarzucaj\u0105 \u015brodowisku \u201eMy\u015bli Polskiej\u201d, \u017ce jeste\u015bmy \u0141ukaszenkofilami. Tymczasem to jest dla mnie najwi\u0119kszy komplement! Bo by\u0107 \u0141ukaszenkofilem w dzisiejszych czasach oznacza sprzeciw wobec antyludzkiej ideologi gender. By\u0107 \u0141ukaszenkofilem oznacza broni\u0107 w\u0142asnej to\u017csamo\u015bci. To stanowczy brak zgody na totalitarne rz\u0105dy globalnych korporacji.<\/p>\r\n<p>Tak, jestem \u0141ukaszenkofilk\u0105, mimo i\u017c jestem Polk\u0105. A mo\u017ce w\u0142a\u015bnie dlatego. Bo polsko\u015b\u0107 zachowa\u0142a si\u0119 na Grodzie\u0144szczy\u017anie, a nie w upad\u0142ej i zdemoralizowanej Warszawie, oszpeconej \u201et\u0119czowymi\u201d szmatami.<\/p>\r\n<p><strong><em>Agnieszka Piwar<\/em><\/strong><\/p>\r\n<p>P.S. Wspomniany Browar Arcyksi\u0105\u017c\u0119cy w \u017bywcu, wraz z nastaniem III RP, zosta\u0142 przej\u0119ty przez zachodni koncern piwowarski (co zdecydowanie pogorszy\u0142o jako\u015b\u0107 produkowanego tam piwa). Podobny los spotka\u0142 wi\u0119kszo\u015b\u0107 polskich fabryk i zak\u0142ad\u00f3w pracy, kt\u00f3re obcy kapita\u0142 bezdusznie wyrwa\u0142 z r\u0105k Polak\u00f3w. Chwa\u0142a \u0141ukaszence, \u017ce w swoim pa\u0144stwie do czego\u015b takiego nie dopu\u015bci\u0142.<\/p>\r\n<p><em>My\u015bl Polska, nr 19-20 (9-16.05.2021)<\/em><br>\r\n<em><a href=\"https:\/\/myslpolska.info\/2021\/05\/07\/dlaczego-bronie-aleksandra-lukaszenki\/\" target=\"_blank\" rel=\"noopener\">https:\/\/myslpolska.info\/<\/a><\/em><\/p>","protected":false},"excerpt":{"rendered":"&nbsp; Niekt\u00f3rzy adwersarze \u201eMy\u015bli Polskiej\u201d bezpodstawnie zarzucaj\u0105 naszemu \u015brodowisku, \u017ce broni\u0105c Aleksandra \u0141ukaszenki dopuszczamy si\u0119 \u00abzdrady Polak\u00f3w\u00bb. Nasi oponenci nie rozumiej\u0105, \u017ce to w\u0142a\u015bnie prezydent Bia\u0142orusi jest gwarantem ocalenia polsko\u015bci na tamtych terenach. Polsko\u015bci w rozumieniu systemu warto\u015bci, kt\u00f3re w obecnych granicach pa\u0144stwa polskiego zosta\u0142y brutalnie zgwa\u0142cone. Wychodz\u0105c naprzeciw gor\u0105cej dyskusji nt. polsko-bia\u0142oruskich relacji, pragn\u0119 [&hellip;]","protected":false},"author":1,"featured_media":0,"comment_status":"closed","ping_status":"closed","sticky":false,"template":"","format":"standard","meta":{"_acf_changed":false,"_monsterinsights_skip_tracking":false,"_monsterinsights_sitenote_active":false,"_monsterinsights_sitenote_note":"","_monsterinsights_sitenote_category":0,"ngg_post_thumbnail":0,"footnotes":"","_wp_rev_ctl_limit":""},"categories":[9],"tags":[168,98,53,188],"acf":[],"_links":{"self":[{"href":"https:\/\/www.bibula.com\/index.php?rest_route=\/wp\/v2\/posts\/125226"}],"collection":[{"href":"https:\/\/www.bibula.com\/index.php?rest_route=\/wp\/v2\/posts"}],"about":[{"href":"https:\/\/www.bibula.com\/index.php?rest_route=\/wp\/v2\/types\/post"}],"author":[{"embeddable":true,"href":"https:\/\/www.bibula.com\/index.php?rest_route=\/wp\/v2\/users\/1"}],"replies":[{"embeddable":true,"href":"https:\/\/www.bibula.com\/index.php?rest_route=%2Fwp%2Fv2%2Fcomments&post=125226"}],"version-history":[{"count":2,"href":"https:\/\/www.bibula.com\/index.php?rest_route=\/wp\/v2\/posts\/125226\/revisions"}],"predecessor-version":[{"id":125228,"href":"https:\/\/www.bibula.com\/index.php?rest_route=\/wp\/v2\/posts\/125226\/revisions\/125228"}],"wp:attachment":[{"href":"https:\/\/www.bibula.com\/index.php?rest_route=%2Fwp%2Fv2%2Fmedia&parent=125226"}],"wp:term":[{"taxonomy":"category","embeddable":true,"href":"https:\/\/www.bibula.com\/index.php?rest_route=%2Fwp%2Fv2%2Fcategories&post=125226"},{"taxonomy":"post_tag","embeddable":true,"href":"https:\/\/www.bibula.com\/index.php?rest_route=%2Fwp%2Fv2%2Ftags&post=125226"}],"curies":[{"name":"wp","href":"https:\/\/api.w.org\/{rel}","templated":true}]}}