{"id":124911,"date":"2021-04-29T20:19:47","date_gmt":"2021-04-30T00:19:47","guid":{"rendered":"https:\/\/www.bibula.com\/?p=124911"},"modified":"2021-04-29T22:40:02","modified_gmt":"2021-04-30T02:40:02","slug":"czy-unia-europejska-planowala-paszport-szczepionkowy-juz-w-2018-roku","status":"publish","type":"post","link":"https:\/\/www.bibula.com\/?p=124911","title":{"rendered":"Czy Unia Europejska planowa\u0142a paszport szczepionkowy ju\u017c w 2018 roku?"},"content":{"rendered":"<p><strong>Komisja Europejska m\u00f3wi o wprowadzeniu ju\u017c od czerwca br. tak zwanych paszport\u00f3w szczepionkowych, dokumentu maj\u0105cego obowi\u0105zywa\u0107 na terenie ca\u0142ej Unii Europejskiej. Za wprowadzeniem takich paszport\u00f3w wypowiedzia\u0142 si\u0119 28 kwietnia br. Parlament Europejski.<\/strong><\/p>\r\n<p>Okazuje si\u0119 jednak, \u017ce &#8222;pandemia koronawirusa&#8221; nie by\u0142a motorem inicjuj\u0105cym pomys\u0142 paszport\u00f3w szczepionkowych, lecz jedynie przyspieszy\u0142a projekt, nad kt\u00f3rym EU pracowa\u0142a ju\u017c wcze\u015bniej.<\/p>\r\n<p>Jak wskazuje portal <em><a href=\"https:\/\/pch24.pl\/zastanawiajace-informacje-komisja-europejska-juz-od-kilku-lat-pracowala-nad-paszportem-szczepionkowym\/\">Polonia Christiana<\/a><\/em>, dokumenty Unii Europejskiej m\u00f3wi\u0105 o pierwszych krokach podj\u0119tych nad opracowaniem paszport\u00f3w, ju\u017c w roku 2018. Wed\u0142ug unijnej &#8222;mapy drogowej&#8221; sprzed 3 lat, zaplanowano zaprezentowanie projektu paszportu na rok 2022. Tak zwana pandemia jedynie przyspieszy\u0142a ten projekt.<\/p>\r\n<p>Wed\u0142ug unijnej &#8222;mapy drogowej&#8221; dotycz\u0105cej &#8222;zwi\u0119kszenia kooperacji w dziedzinie prewencji chor\u00f3b poprzez szczepienia&#8221; (tytu\u0142 oryginalny &#8222;<em>Roadmap for the implementation of actions by the European Comission based on the Comission Communication and the Council recommendation on strenghtening cooperation against vaccine preventable diseases<\/em>&#8222;), zaplanowano jako ko\u0144cowy etap tej\u017ce mapy &#8222;kart\u0119 \/ paszport dla obywateli Unii Europejskiej&#8221;.<\/p>\r\n<p><a href=\"https:\/\/www.bibula.com\/images\/124911\/EU-Roadmap.jpg\"><img fetchpriority=\"high\" decoding=\"async\" class=\"aligncenter\" src=\"https:\/\/www.bibula.com\/images\/124911\/EU-Roadmap.jpg\" width=\"699\" height=\"495\"><\/a><\/p>\r\n<p style=\"text-align: center;\"><em>Unia Europejska ju\u017c w 2018 roku zaplanowa\u0142a na rok 2022 wprowadzenie paszport\u00f3w szczepionkowych (&#8222;2022: Commission proposal for a common vaccination card \/ passport for EU citizens&#8221;).<br>\r\n<\/em><\/p>\r\n<p>&nbsp;<\/p>\r\n<p><strong>&#8222;10 Przykaza\u0144&#8221; szczepionkowych tyran\u00f3w<\/strong><\/p>\r\n<p>R\u00f3wnie interesuj\u0105ce s\u0105 unijno-globalistyczne &#8222;10 przykaza\u0144&#8221; z wrze\u015bnia 2019 roku, opracowane wsp\u00f3lnie z Komisj\u0105 Europejsk\u0105 (EC EU) i \u015awiatow\u0105 Organizacja Zdrowia (WHO).<\/p>\r\n<p>&nbsp;<\/p>\r\n<p><a href=\"https:\/\/www.bibula.com\/images\/124911\/EU-WHO-Vaccination.jpg\"><img decoding=\"async\" class=\"aligncenter\" src=\"https:\/\/www.bibula.com\/images\/124911\/EU-WHO-Vaccination.jpg\" width=\"700\" height=\"830\"><\/a><\/p>\r\n<p class=\"zrodlo\" style=\"text-align: center;\"><em>\u0179r\u00f3d\u0142o: <a href=\"https:\/\/ec.europa.eu\/health\/sites\/health\/files\/vaccination\/docs\/10actions_en.pdf\">EU<\/a><\/em><\/p>\r\n<p>&nbsp;<\/p>\r\n<p>W 10 punktach przedstawiono drog\u0119 i cele osi\u0105gni\u0119cia powszechnego i zapewne przymusowego szczepienia ludno\u015bci (w tym &#8222;obywateli EU&#8221;), wszystkimi dost\u0119pnymi preparatami, kt\u00f3re \u015bwiatowe organizacje uznaj\u0105 za stosowne do aplikowania.<\/p>\r\n<p>W przypadku w\u0105tpliwo\u015bci, zastosowany zostanie punkt 4. tej tablicy, m\u00f3wi\u0105cy:<\/p>\r\n<p>&#8222;Nale\u017cy zaj\u0105\u0107 si\u0119 [w<em> znaczeniu: <\/em>upora\u0107 si\u0119] ze \u017ar\u00f3d\u0142ami powod\u00f3w oporu przeciwko szczepieniom.&#8221;<\/p>\r\n<p>Punkt 7. dodaje:<\/p>\r\n<p>&#8222;Wzmacnia\u0107 pracownik\u00f3w s\u0142u\u017cby zdrowia na ka\u017cdym jej poziomie, jak r\u00f3wnie\u017c media w przedstawianiu opinii publicznej efektywnych, transparentnych i obiektywnych informacji oraz walczy\u0107 z fa\u0142szywymi i wprowadzaj\u0105cymi w b\u0142\u0105d informacjami, r\u00f3wnie\u017c poprzez platformy medialne oraz firmy technologiczne.&#8221;<\/p>\r\n<p>Ostatnie przykazanie nakazuje:<\/p>\r\n<p>&#8222;Wprowadzenie szczepie\u0144 w globalnym systemie zdrowia &#8230; w ramach Agendy Szczepionkowej 2030&#8221;.<\/p>\r\n<p>Opracowana przez \u015awiatow\u0105 Organizacj\u0119 Zdrowia <span style=\"text-decoration: underline;\"><em><a href=\"https:\/\/www.who.int\/teams\/immunization-vaccines-and-biologicals\/strategies\/ia2030\">Agenda Szczepionkowa 2030<\/a><\/em><\/span> &#8222;ma wizj\u0119 \u015bwiata, w kt\u00f3rej ka\u017cdy, wsz\u0119dzie i w ka\u017cdym wieku, w pe\u0142ni uczestniczy w korzy\u015bciach szczepie\u0144 &#8230; [\u015bwiat] nie zostawi nikogo, w \u017cadnej sytuacji, bez wzgl\u0119du na etap \u017cycia&#8221;.<\/p>\r\n<p>Jak pokaza\u0142 przyk\u0142ad ostatniego roku, przedstawianie &#8222;obiektywnych informacji&#8221; polega w praktyce na zmasowanej i jednostronnej propagandzie, za\u015b &#8222;walka z fa\u0142szywymi i wprowadzaj\u0105cymi w b\u0142\u0105d informacjami&#8221; polega na totalnej cenzurze jakiejkolwiek wypowiedzi odbiegaj\u0105cej od narzuconej odg\u00f3rnie narracji. Politycznej narracji niezgodnej nie tylko nauk\u0105 czy logik\u0105, ale i z dobrem cz\u0142owieka.&nbsp;<\/p>\r\n<h4>Prace nad globalnym paszportem<\/h4>\r\n<p>Prace nad paszportem koronawirusowym prowadzone s\u0105 w r\u00f3\u017cnych miejscach na ca\u0142ym \u015bwiecie, jednak <strong>wszystkie to lokalne projekty b\u0119d\u0105 mog\u0142y funkcjonowa\u0107 tylko je\u015bli stan\u0105 si\u0119 zintegrowan\u0105 cz\u0119\u015bci\u0105 globalnego systemu totalnej kontroli<\/strong>. \u015awiatowe Forum Ekonomiczne (<em>World Economic Forum<\/em> \u2013 WEF), twierdzi, \u017ce \u201cod wielu miesi\u0119cy\u201d pracuje wraz ze szwajcarsk\u0105 fundacj\u0105 nad wsp\u00f3lnym i globalnym projektem o nazwie <em><a href=\"https:\/\/www.weforum.org\/projects\/commonpass\">CommonPass<\/a><\/em>, a posiadacze tego powszechnego \u201ccyfrowego paszportu b\u0119d\u0105 mogli po\u015bwiadczy\u0107 o swoim zdrowiu\u201d. Jak twierdz\u0105 globali\u015bci z WEF, \u201cscentralizowany system paszportu jest konieczny, gdy\u017c <strong>certyfikaty poszczeg\u00f3lnych pa\u0144stw nie b\u0119d\u0105 wystarczaj\u0105ce aby odpowiedzie\u0107 na ten globalny kryzys<\/strong>\u201d. Globalny <em>CommonPass<\/em> ma by\u0107 &#8211; wed\u0142ug jego wizjoner\u00f3w &#8211; &#8222;systemem d\u0142ugofalowym i <strong>elastycznym<\/strong>\u201c, czyli pozwalaj\u0105cym na dowolne sterowanie ka\u017cdym z osobna uczestnikiem systemu. Polega\u0107 ono b\u0119dzie na mo\u017cliwo\u015bci nak\u0142adania ogranicze\u0144 i zabieraniu wolno\u015bci ka\u017cdemu kto b\u0119dzie odbiega\u0142 od tych &#8222;elastycznych&#8221; norm. Za niesubordynacj\u0119 i najmniejsze odst\u0119pstwo systemy sztucznej inteligencji AI \u015bledz\u0105ce ka\u017cde zachowanie si\u0119 posiadacza paszportu, ka\u017cd\u0105 wypowied\u017a w mediach, ka\u017cde zachowanie na drodze, w sklepie czy urz\u0119dzie, b\u0119d\u0105 natychmiast nak\u0142ada\u0142y ograniczenia dost\u0119pu do wybranych miejsc. Osoby niezdyscyplinowane b\u0119d\u0105 r\u00f3wnie\u017c karane finansowo poprzez automatyczne blokowanie kont bankowych. Przy jedynie istniej\u0105cej wirtualnej walucie &#8211; kt\u00f3ra wkr\u00f3tce zostanie powszechnie zastosowana &#8211; b\u0119dzie to oznacza\u0142o utrat\u0119 \u015brodk\u00f3w do \u017cycia.<\/p>\r\n<p>Oprac. www.bibula.com<br>\r\n2021-04-29<\/p>","protected":false},"excerpt":{"rendered":"Komisja Europejska m\u00f3wi o wprowadzeniu ju\u017c od czerwca br. tak zwanych paszport\u00f3w szczepionkowych, dokumentu maj\u0105cego obowi\u0105zywa\u0107 na terenie ca\u0142ej Unii Europejskiej. Za wprowadzeniem takich paszport\u00f3w wypowiedzia\u0142 si\u0119 28 kwietnia br. Parlament Europejski. Okazuje si\u0119 jednak, \u017ce &#8222;pandemia koronawirusa&#8221; nie by\u0142a motorem inicjuj\u0105cym pomys\u0142 paszport\u00f3w szczepionkowych, lecz jedynie przyspieszy\u0142a projekt, nad kt\u00f3rym EU pracowa\u0142a ju\u017c wcze\u015bniej. [&hellip;]","protected":false},"author":1,"featured_media":0,"comment_status":"closed","ping_status":"closed","sticky":false,"template":"","format":"standard","meta":{"_acf_changed":false,"_monsterinsights_skip_tracking":false,"_monsterinsights_sitenote_active":false,"_monsterinsights_sitenote_note":"","_monsterinsights_sitenote_category":0,"ngg_post_thumbnail":0,"footnotes":"","_wp_rev_ctl_limit":""},"categories":[6],"tags":[433,106,351,20,452],"acf":[],"_links":{"self":[{"href":"https:\/\/www.bibula.com\/index.php?rest_route=\/wp\/v2\/posts\/124911"}],"collection":[{"href":"https:\/\/www.bibula.com\/index.php?rest_route=\/wp\/v2\/posts"}],"about":[{"href":"https:\/\/www.bibula.com\/index.php?rest_route=\/wp\/v2\/types\/post"}],"author":[{"embeddable":true,"href":"https:\/\/www.bibula.com\/index.php?rest_route=\/wp\/v2\/users\/1"}],"replies":[{"embeddable":true,"href":"https:\/\/www.bibula.com\/index.php?rest_route=%2Fwp%2Fv2%2Fcomments&post=124911"}],"version-history":[{"count":10,"href":"https:\/\/www.bibula.com\/index.php?rest_route=\/wp\/v2\/posts\/124911\/revisions"}],"predecessor-version":[{"id":124927,"href":"https:\/\/www.bibula.com\/index.php?rest_route=\/wp\/v2\/posts\/124911\/revisions\/124927"}],"wp:attachment":[{"href":"https:\/\/www.bibula.com\/index.php?rest_route=%2Fwp%2Fv2%2Fmedia&parent=124911"}],"wp:term":[{"taxonomy":"category","embeddable":true,"href":"https:\/\/www.bibula.com\/index.php?rest_route=%2Fwp%2Fv2%2Fcategories&post=124911"},{"taxonomy":"post_tag","embeddable":true,"href":"https:\/\/www.bibula.com\/index.php?rest_route=%2Fwp%2Fv2%2Ftags&post=124911"}],"curies":[{"name":"wp","href":"https:\/\/api.w.org\/{rel}","templated":true}]}}