{"id":1249,"date":"2007-10-07T00:00:00","date_gmt":"2007-10-07T00:00:00","guid":{"rendered":""},"modified":"-0001-11-30T00:00:00","modified_gmt":"-0001-11-30T04:00:00","slug":"","status":"publish","type":"post","link":"https:\/\/www.bibula.com\/?p=1249","title":{"rendered":"\u015awiatowy Kongres \u017byd?w krytykuje Radio Maryja"},"content":{"rendered":"<p>Prezes &#346;wiatowego Kongresu \u017byd\u00f3w\r\n(WJC) Ronald S. Lauder, podczas poniedzia\u0142kowej audiencji u papie\u017ca\r\nBenedykta XVI, skrytykowa\u0142 mag\/&#8221;antysemickie wypowiedzi(&#8230;) w\r\npolskiej ultrakonserwatywnej rozg\u0142o\u015bni katolickiej Radio\r\nMaryja&#8221;. <\/p>\r\n\r\n<p>&#8222;Lauder\r\npowiedzia\u0142, \u017ce antysemickie wypowiedzi polskiego ojca Tadeusza Rydzyka,\r\nw\u0142a\u015bciciela ultrakonserwatywnej rozg\u0142o\u015bni katolickiej Radio\r\nMaryja, nie powinny by\u0107 d\u0142u\u017cej tolerowane&#8221; &#8211; napisano w\r\nkomunikacie &#346;wiatowego Kongresu \u017byd\u00f3w opublikowanym po prywatnej\r\naudiencji przedstawicieli WJC u papie\u017ca Banedykta XVI.\r\n<p>&#8222;Zaapelowa\u0142 do\r\n  papie\u017ca o podj\u0119cie dzia\u0142a\u0144 przeciwko tym, kt\u00f3rzy w\r\n  \u0142onie Ko\u015bcio\u0142a chc\u0105 szkodzi\u0107 bezpo\u015brednim i\r\n  pozytywnym relacjom mi\u0119dzy chrze\u015bcijanami i \u017cydami&#8221; &#8211;\r\nnapisano w komunikacie.\r\n<p>  Na audiencji u papie\u017ca poza\r\n  Ronaldem S. Lauderem byli tak\u017ce sekretarz generalny Kongresu Michael\r\n  Schneider oraz jego zast\u0119pca Maram Stern.<br>\r\n  <br>\r\n<p>Za: PAP\/TZ | prawy.pl\r\n<p>&nbsp;<\/p>\r\n\r\n<p>&nbsp;<\/p>\r\n<p class=\"content\">Dodano 3 godziny p\u00f3\u017aniej:<\/p> \r\n<div><strong> &#346;wiatowy Kongres \u017byd\u00f3w: nie rozmawiali\u015bmy z papie\u017cem o Radiu Maryja <\/strong><\/div>\r\n<div> Zast\u0119pca sekretarza generalnego &#346;wiatowego Kongresu \u017byd\u00f3w (WJC) Maram  Stern powiedzia\u0142 w poniedzia\u0142ek PAP, \u017ce &#8211; wbrew informacjom medi\u00f3w  powo\u0142uj\u0105cych si\u0119 na komunikat Kongresu &#8211; sprawa Radia Maryja i ojca  Tadeusza Rydzyka nie zosta\u0142a poruszona w trakcie porannej audiencji  przedstawicieli w\u0142adz WJC u Benedykta XVI. <\/div>\r\n<div>\r\n  <!--div class=\"index_wiadomosc_content_pierwsze_img_ramka\"-->\r\n  <p>\r\n    <!--\/div-->\r\n    Stern by\u0142 jednym z uczestnik\u00f3w spotkania z papie\u017cem w Watykanie. Wraz z  nim papie\u017c przyj\u0105\u0142 prezesa Kongresu Ronalda S. Laudera oraz sekretarza  generalnego Michaela Schneidera.<br \/>\r\n    <br \/>\r\n    Maram  Stern doda\u0142, \u017ce obecnie trwa wyja\u015bnianie, sk\u0105d informacja o rzekomej  rozmowie z papie\u017cem na temat toru\u0144skiej rozg\u0142o\u015bni pojawi\u0142a si\u0119 w  komunikacie &#346;wiatowego Kongresu \u017byd\u00f3w, umieszczonym na stronie  internetowej WJC i zrelacjonowanym przez \u015bwiatowe agencje prasowe.<br \/>\r\n    <br \/>\r\n    W  komunikacie o audiencji w Watykanie znalaz\u0142 si\u0119 nast\u0119puj\u0105cy fragment:  &#8222;Lauder powiedzia\u0142, \u017ce powtarzaj\u0105ce si\u0119 antysemickie wypowiedzi  polskiego ksi\u0119dza Tadeusza Rydzyka, w\u0142a\u015bciciela ultrakonserwatywnej  katolickiej rozg\u0142o\u015bni Radio Maryja nie mog\u0105 by\u0107 d\u0142u\u017cej tolerowane.  Wezwa\u0142 papie\u017ca, by podj\u0105\u0142 zdecydowane dzia\u0142ania przeciwko tym w  Ko\u015bciele, kt\u00f3rzy chcieli zniszczy\u0107 bliskie i pozytywne stosunki mi\u0119dzy  chrze\u015bcijanami a \u017bydami&#8221;.<br \/>\r\n    <br \/>\r\n    Na temat audiencji nie chce wypowiada\u0107 si\u0119 rzecznik Watykanu ksi\u0105dz Federico Lombardi, gdy\u017c w niej nie uczestniczy\u0142.<br \/>\r\n    <br \/>\r\n    <\/p>\r\n  <p>Za: PAP\/TZ | <a class=\"content_sz\" href =\"http:\/\/www.prawy.pl\/?dz=nowosci&amp;id=34198&amp;subdz=&amp;where=rss\" target=\"_blank\">prawy.pl<\/a><\/p>\r\n  <p>&nbsp; <\/p>\r\n<\/div>\r\n<p>\r\n<p>&nbsp;<\/p>\r\n","protected":false},"excerpt":{"rendered":"Prezes &#346;wiatowego Kongresu \u017byd\u00f3w (WJC) Ronald S. Lauder, podczas poniedzia\u0142kowej audiencji u papie\u017ca Benedykta XVI, skrytykowa\u0142 mag\/&#8221;antysemickie wypowiedzi(&#8230;) w polskiej ultrakonserwatywnej rozg\u0142o\u015bni katolickiej Radio Maryja&#8221;. &#8222;Lauder powiedzia\u0142, \u017ce antysemickie wypowiedzi polskiego ojca Tadeusza Rydzyka, w\u0142a\u015bciciela ultrakonserwatywnej rozg\u0142o\u015bni katolickiej Radio Maryja, nie powinny by\u0107 d\u0142u\u017cej tolerowane&#8221; &#8211; napisano w komunikacie &#346;wiatowego Kongresu \u017byd\u00f3w opublikowanym po prywatnej [&hellip;]","protected":false},"author":1,"featured_media":0,"comment_status":"closed","ping_status":"open","sticky":false,"template":"","format":"standard","meta":{"_acf_changed":false,"_monsterinsights_skip_tracking":false,"_monsterinsights_sitenote_active":false,"_monsterinsights_sitenote_note":"","_monsterinsights_sitenote_category":0,"ngg_post_thumbnail":0,"footnotes":"","_wp_rev_ctl_limit":""},"categories":[6],"tags":[],"acf":[],"_links":{"self":[{"href":"https:\/\/www.bibula.com\/index.php?rest_route=\/wp\/v2\/posts\/1249"}],"collection":[{"href":"https:\/\/www.bibula.com\/index.php?rest_route=\/wp\/v2\/posts"}],"about":[{"href":"https:\/\/www.bibula.com\/index.php?rest_route=\/wp\/v2\/types\/post"}],"author":[{"embeddable":true,"href":"https:\/\/www.bibula.com\/index.php?rest_route=\/wp\/v2\/users\/1"}],"replies":[{"embeddable":true,"href":"https:\/\/www.bibula.com\/index.php?rest_route=%2Fwp%2Fv2%2Fcomments&post=1249"}],"version-history":[{"count":0,"href":"https:\/\/www.bibula.com\/index.php?rest_route=\/wp\/v2\/posts\/1249\/revisions"}],"wp:attachment":[{"href":"https:\/\/www.bibula.com\/index.php?rest_route=%2Fwp%2Fv2%2Fmedia&parent=1249"}],"wp:term":[{"taxonomy":"category","embeddable":true,"href":"https:\/\/www.bibula.com\/index.php?rest_route=%2Fwp%2Fv2%2Fcategories&post=1249"},{"taxonomy":"post_tag","embeddable":true,"href":"https:\/\/www.bibula.com\/index.php?rest_route=%2Fwp%2Fv2%2Ftags&post=1249"}],"curies":[{"name":"wp","href":"https:\/\/api.w.org\/{rel}","templated":true}]}}