{"id":124897,"date":"2021-04-27T17:17:49","date_gmt":"2021-04-27T21:17:49","guid":{"rendered":"https:\/\/www.bibula.com\/?p=124897"},"modified":"2021-04-27T17:17:49","modified_gmt":"2021-04-27T21:17:49","slug":"kaczynski-i-morawiecki-dogadali-sie-z-komunistami-konfederacja-o-sojuszu-pis-i-lewicy-ws-zadluzenia-polski","status":"publish","type":"post","link":"https:\/\/www.bibula.com\/?p=124897","title":{"rendered":"\u201eKaczy\u0144ski i Morawiecki dogadali si\u0119 z komunistami\u201d. Konfederacja o sojuszu PiS i Lewicy ws. zad\u0142u\u017cenia Polski"},"content":{"rendered":"<p><strong>Podczas wtorkowej (27.04.2021) konferencji prasowej w Sejmie pos\u0142owie Konfederacji odnie\u015bli si\u0119 do sojuszu Prawa i Sprawiedliwo\u015bci z Lewic\u0105 w sprawie ratyfikacji unijnego Funduszu Odbudowy, kt\u00f3ry Konfederacja nazywa Funduszem Zad\u0142u\u017cenia.<\/strong><\/p>\r\n<p><em>\u2013 Kaczy\u0144ski i Morawiecki dogadali si\u0119 z postkomunistami i b\u0119d\u0105, r\u00f3wnie\u017c razem z Ho\u0142owni\u0105, forsowa\u0107 unijny Fundusz Zad\u0142u\u017cenia. Kaczy\u0144ski i Morawiecki dogadali si\u0119 z komunistami i Ho\u0142owni\u0105, \u017ce b\u0119d\u0105 forsowa\u0107 utrat\u0119 przez Polsk\u0119 kolejnych atrybut\u00f3w suwerenno\u015bci. Tym razem suwerenno\u015bci fiskalnej, suwerenno\u015bci nak\u0142adania podatk\u00f3w, suwerenno\u015bci zaci\u0105gania d\u0142ugu przez pa\u0144stwo polskie. Kaczy\u0144ski i Morawiecki dogadali si\u0119 z komunistami i razem z Ho\u0142owni\u0105 b\u0119d\u0105 zak\u0142ada\u0107 Polakom na szyj\u0119 brukselsk\u0105 p\u0119tl\u0119 finansow\u0105<\/em> \u2013 powiedzia\u0142 pose\u0142 Robert Winnicki.<\/p>\r\n<p><em>\u2013 Ale nawet w tej koalicji lewicy pisowskiej z lewic\u0105 SLD-owsk\u0105, czy z Razem, nie posiadaj\u0105 wi\u0119kszo\u015bci w Sejmie odpowiedniej do tego, \u017ceby przeg\u0142osowa\u0107 unijny Fundusz Zad\u0142u\u017cenia<\/em> \u2013 podkre\u015bli\u0142 Winnicki i wskaza\u0142, \u017ce do przyj\u0119cia ustawy przekazuj\u0105cej kompetencje organizacji mi\u0119dzynarodowej potrzebna jest wi\u0119kszo\u015b\u0107 2\/3 g\u0142os\u00f3w.<\/p>\r\n<p><em>\u2013 PiS z Lewic\u0105 i Ho\u0142owni\u0105 nie maj\u0105 takiej wi\u0119kszo\u015bci w Sejmie, a je\u015bli rz\u0105d b\u0119dzie chcia\u0142 doprowadzi\u0107 do sytuacji, w kt\u00f3rej te kompetencje zostan\u0105 przekazane zwyk\u0142\u0105 wi\u0119kszo\u015bci\u0105 g\u0142os\u00f3w, dopuszcz\u0105 si\u0119 zdrady stanu, ra\u017c\u0105cego po\u0142amania konstytucji i b\u0119dzie to po prostu niewi\u0105\u017c\u0105ce prawnie<\/em> \u2013 stwierdzi\u0142 Winnicki.<\/p>\r\n<p>Pose\u0142 Grzegorz Braun zwr\u00f3ci\u0142 si\u0119 do wyborc\u00f3w Prawa i Sprawiedliwo\u015bci. <em>\u2013 Na co jeszcze czekacie? Na to, \u017ce Morawiecki z Kaczy\u0144skim zaprosz\u0105 do swojego rz\u0105du Zandberga i Ho\u0142owni\u0119? Macie ju\u017c Czarzastego w prezydium Sejmu Najja\u015bniejszej Rzeczypospolitej. Je\u015bli to nie obra\u017ca waszych gust\u00f3w patriotycznych, to najwy\u017cszy czas obudzi\u0107 si\u0119<\/em> \u2013 zaapelowa\u0142 Braun<em>. \u2013 Czas najwy\u017cszy, \u017ceby patrioci przestali \u0142udzi\u0107 si\u0119 i wi\u0105za\u0107 nadzieje z aktualnym uk\u0142adem w\u0142adzy<\/em> \u2013 powiedzia\u0142.<\/p>\r\n<p><iframe src=\"https:\/\/www.facebook.com\/plugins\/video.php?height=314&amp;href=https%3A%2F%2Fwww.facebook.com%2FKONFEDERACJA2019%2Fvideos%2F212306953993509%2F&amp;show_text=false&amp;width=560\" scrolling=\"no\" allowfullscreen=\"allowfullscreen\" data-mce-fragment=\"1\" width=\"560\" height=\"314\" frameborder=\"0\"><\/iframe><\/p>\r\n<p>\u0179r\u00f3d\u0142o cytat\u00f3w: Konfederacja\/Facebook<\/p>","protected":false},"excerpt":{"rendered":"Podczas wtorkowej (27.04.2021) konferencji prasowej w Sejmie pos\u0142owie Konfederacji odnie\u015bli si\u0119 do sojuszu Prawa i Sprawiedliwo\u015bci z Lewic\u0105 w sprawie ratyfikacji unijnego Funduszu Odbudowy, kt\u00f3ry Konfederacja nazywa Funduszem Zad\u0142u\u017cenia. \u2013 Kaczy\u0144ski i Morawiecki dogadali si\u0119 z postkomunistami i b\u0119d\u0105, r\u00f3wnie\u017c razem z Ho\u0142owni\u0105, forsowa\u0107 unijny Fundusz Zad\u0142u\u017cenia. Kaczy\u0144ski i Morawiecki dogadali si\u0119 z komunistami i [&hellip;]","protected":false},"author":1,"featured_media":0,"comment_status":"closed","ping_status":"closed","sticky":false,"template":"","format":"standard","meta":{"_acf_changed":false,"_monsterinsights_skip_tracking":false,"_monsterinsights_sitenote_active":false,"_monsterinsights_sitenote_note":"","_monsterinsights_sitenote_category":0,"ngg_post_thumbnail":0,"footnotes":"","_wp_rev_ctl_limit":""},"categories":[8],"tags":[66,98,37,20],"acf":[],"_links":{"self":[{"href":"https:\/\/www.bibula.com\/index.php?rest_route=\/wp\/v2\/posts\/124897"}],"collection":[{"href":"https:\/\/www.bibula.com\/index.php?rest_route=\/wp\/v2\/posts"}],"about":[{"href":"https:\/\/www.bibula.com\/index.php?rest_route=\/wp\/v2\/types\/post"}],"author":[{"embeddable":true,"href":"https:\/\/www.bibula.com\/index.php?rest_route=\/wp\/v2\/users\/1"}],"replies":[{"embeddable":true,"href":"https:\/\/www.bibula.com\/index.php?rest_route=%2Fwp%2Fv2%2Fcomments&post=124897"}],"version-history":[{"count":1,"href":"https:\/\/www.bibula.com\/index.php?rest_route=\/wp\/v2\/posts\/124897\/revisions"}],"predecessor-version":[{"id":124898,"href":"https:\/\/www.bibula.com\/index.php?rest_route=\/wp\/v2\/posts\/124897\/revisions\/124898"}],"wp:attachment":[{"href":"https:\/\/www.bibula.com\/index.php?rest_route=%2Fwp%2Fv2%2Fmedia&parent=124897"}],"wp:term":[{"taxonomy":"category","embeddable":true,"href":"https:\/\/www.bibula.com\/index.php?rest_route=%2Fwp%2Fv2%2Fcategories&post=124897"},{"taxonomy":"post_tag","embeddable":true,"href":"https:\/\/www.bibula.com\/index.php?rest_route=%2Fwp%2Fv2%2Ftags&post=124897"}],"curies":[{"name":"wp","href":"https:\/\/api.w.org\/{rel}","templated":true}]}}