{"id":124853,"date":"2021-04-26T21:17:15","date_gmt":"2021-04-27T01:17:15","guid":{"rendered":"https:\/\/www.bibula.com\/?p=124853"},"modified":"2021-04-26T21:17:15","modified_gmt":"2021-04-27T01:17:15","slug":"pierwszy-przekret-swiatowy","status":"publish","type":"post","link":"https:\/\/www.bibula.com\/?p=124853","title":{"rendered":"Pierwszy Przekr\u0119t \u015awiatowy"},"content":{"rendered":"<p><strong>Ju\u017c nie ma \u017cadnych w\u0105tpliwo\u015bci, \u017ce maseczki nie dzia\u0142aj\u0105, nie chroni\u0105 przed wirusem, nie ograniczaj\u0105 jego rozprzestrzeniania si\u0119, a dodatkowo s\u0105 szkodliwe, wywo\u0142uj\u0105 du\u017co innych szk\u00f3d, chor\u00f3b i przypad\u0142o\u015bci.<\/strong><\/p>\r\n<p>Bardzo liczne badania naukowe wskazuj\u0105 na to, \u017ce noszenie maseczek nie ma sensu, nie ogranicza pandemii. Jest te\u017c wiele bada\u0144 wskazuj\u0105cych na to, \u017ce noszenie maseczek jest szkodliwe. Artyku\u0142 wskazuj\u0105cy na te badania poda\u0142em w poprzedniej notce: <a href=\"https:\/\/gps65.neon24.pl\/post\/161206,za-smiertelne-skutki-pandemii-odpowiada-rzad-pis-u\">Za \u015bmiertelne skutki pandemii odpowiada rz\u0105d PiS-u!<\/a><\/p>\r\n<p>To nie jest jaka\u015b nowa wiedza, nowe badania. O nieskuteczno\u015bci maseczek wiadomo od dawna. Doradcy polskiego rz\u0105du to wiedzieli i na pocz\u0105tku pandemii jawnie o tym m\u00f3wili. Zmiana opinii na ca\u0142kowicie przeciwn\u0105 nast\u0105pi\u0142a na skutek decyzji politycznych, a nie medycznych czy naukowych.<\/p>\r\n<p>Dlaczego wi\u0119c rz\u0105dy wielu pa\u0144stw \u015bwiata zdecydowa\u0142y si\u0119 wprowadzi\u0107 obowi\u0105zek noszenia maseczek, mimo \u017ce nie ma i nie by\u0142o \u017cadnych naukowych bada\u0144 wskazuj\u0105cych na korzy\u015bci? Sk\u0105d pomys\u0142, by zaszkodzi\u0107 zdrowiu obywateli obowi\u0105zkiem noszenia maseczek?<\/p>\r\n<p class=\"pullquote\"><!-- Obecnie \u017cyjemy w czasach pierwszego przekr\u0119tu \u015bwiatowego. Potem b\u0119dzie drugi, trzeci i tak dalej. Jak to si\u0119 tak \u015bwietnie uda\u0142o, to nie ma powod\u00f3w, by tego nie powtarza\u0107 --><\/p>\r\n<p><strong>Moim zdaniem jest tylko jedno sensowne wyja\u015bnienie: by wzm\u00f3c strach, wzm\u00f3c panik\u0119, by cz\u0142owiek czu\u0142 si\u0119 zagro\u017cony i na ulicy, i w sklepie.<\/strong> Takim zestresowanym, zastraszonym spo\u0142ecze\u0144stwem \u0142atwiej jest manipulowa\u0107 i wyci\u0105gn\u0105\u0107 od niego fors\u0119. I to si\u0119 sta\u0142o. Wprowadzaj\u0105c lockdown, nasz rz\u0105d spowodowa\u0142 bankructwo wielu polskich biznes\u00f3w, kt\u00f3re wykupuj\u0105 przedsi\u0119biorstwa pa\u0144stwowe oraz zagraniczne korporacje finansowe \u2013 bezpo\u015brednio lub przez po\u015brednik\u00f3w. W\u0142asno\u015b\u0107 prywatna os\u00f3b fizycznych zosta\u0142a zredukowana \u2013 przej\u0119\u0142y to osoby prawne.<\/p>\r\n<p>Przemoc\u0105, w podatkach, zabrano nam owoce naszej pracy i przekazano wielkim koncernom farmaceutycznym \u2013 kwoty liczone w miliardach dolar\u00f3w. To da\u0142o si\u0119 zrobi\u0107 tylko w atmosferze strachu i paniki. Leki na choroby wirusowe, kt\u00f3re lekarze z dobrym skutkiem stosuj\u0105 od dawna, zacz\u0119to bada\u0107, dopiero gdy rz\u0105dy wykupi\u0142y nieprzebadane szczepionki. To oczywiste, bo na szczepionce koncerny zarabiaj\u0105 wielokro\u0107 wi\u0119cej ni\u017c na leku.<\/p>\r\n<p>Wirusy by\u0142y, s\u0105 i b\u0119d\u0105. Wirusy od zawsze wywo\u0142ywa\u0142y sezonowe przezi\u0119bienia, choroby i czasem zgony. Pod tym wzgl\u0119dem nic si\u0119 nie zmieni\u0142o. Epidemie wirusowe by\u0142y zawsze w wielu pa\u0144stwach, wi\u0119c \u015bmia\u0142o mo\u017cna uzna\u0107 je za pandemi\u0119. Ale <strong>pierwszy raz sta\u0142o si\u0119 tak, \u017ce rz\u0105dy wywo\u0142a\u0142y panik\u0119 dotycz\u0105c\u0105 wirusa, kt\u00f3ry jest tylko troch\u0119 bardziej zjadliwy ni\u017c wirusy grypy, ale wci\u0105\u017c \u015bmiertelno\u015b\u0107 liczy si\u0119 w promilach<\/strong>, ryzyko \u015bmierci wci\u0105\u017c jest mniejsze ni\u017c zgon w wypadku komunikacyjnym. Pierwszy raz rz\u0105dy wielu pa\u0144stw naraz skutecznie zastraszy\u0142y spo\u0142ecze\u0144stwo i okrad\u0142y na grub\u0105 fors\u0119. To jest przekr\u0119t tysi\u0105clecia.<\/p>\r\n<p>Wojny \u015bwiatowe liczymy kolejnymi liczbami \u2013 by\u0142a pierwsza wojna \u015bwiatowa, a potem druga wojna. Te przekr\u0119ty te\u017c tak nale\u017cy liczy\u0107. <strong>Obecnie \u017cyjemy w czasach pierwszego przekr\u0119tu \u015bwiatowego. Potem b\u0119dzie drugi, trzeci i tak dalej.<\/strong> Jak to si\u0119 tak \u015bwietnie uda\u0142o, to nie ma powod\u00f3w, by tego nie powtarza\u0107.<\/p>\r\n<p>W zasadzie to powinni\u015bmy si\u0119 cieszy\u0107, bo taki przekr\u0119t jest lepszy ni\u017c wojna. Zwykli obywatele du\u017co trac\u0105, pa\u0144stwa i korporacje du\u017co zyskuj\u0105 \u2013 wychodzi na zero. A wojny wychodzi\u0142y na minus, bo jeszcze by\u0142y zniszczenia. Wi\u0119c przej\u015bcie z ery wojen do ery przekr\u0119t\u00f3w jest dobre. Na dodatek przekr\u0119t nie wywo\u0142uje \u017cadnych konflikt\u00f3w mi\u0119dzynarodowych \u2013 wszystkie pa\u0144stwa i wszystkie mi\u0119dzynarodowe organizacje finansowe i farmaceutyczne si\u0119 ciesz\u0105, s\u0105 zgodne, wsp\u00f3\u0142pracuj\u0105 w tym przekr\u0119cie. Nie ma k\u0142\u00f3tni, nie ma spor\u00f3w, nie ma walki \u2013 propaganda jest jednolita na ca\u0142ym \u015bwiecie. Same korzy\u015bci. Wojny \u015bwiatowe by\u0142y bez sensu \u2013 \u015bwiatowe przekr\u0119ty s\u0105 lepsze.<\/p>\r\n<p><em><b>Grzegorz GPS \u015awiderski<\/b><\/em><\/p>","protected":false},"excerpt":{"rendered":"Ju\u017c nie ma \u017cadnych w\u0105tpliwo\u015bci, \u017ce maseczki nie dzia\u0142aj\u0105, nie chroni\u0105 przed wirusem, nie ograniczaj\u0105 jego rozprzestrzeniania si\u0119, a dodatkowo s\u0105 szkodliwe, wywo\u0142uj\u0105 du\u017co innych szk\u00f3d, chor\u00f3b i przypad\u0142o\u015bci. Bardzo liczne badania naukowe wskazuj\u0105 na to, \u017ce noszenie maseczek nie ma sensu, nie ogranicza pandemii. Jest te\u017c wiele bada\u0144 wskazuj\u0105cych na to, \u017ce noszenie maseczek [&hellip;]","protected":false},"author":1,"featured_media":0,"comment_status":"closed","ping_status":"closed","sticky":false,"template":"","format":"standard","meta":{"_acf_changed":false,"_monsterinsights_skip_tracking":false,"_monsterinsights_sitenote_active":false,"_monsterinsights_sitenote_note":"","_monsterinsights_sitenote_category":0,"ngg_post_thumbnail":0,"footnotes":"","_wp_rev_ctl_limit":""},"categories":[6],"tags":[433,20],"acf":[],"_links":{"self":[{"href":"https:\/\/www.bibula.com\/index.php?rest_route=\/wp\/v2\/posts\/124853"}],"collection":[{"href":"https:\/\/www.bibula.com\/index.php?rest_route=\/wp\/v2\/posts"}],"about":[{"href":"https:\/\/www.bibula.com\/index.php?rest_route=\/wp\/v2\/types\/post"}],"author":[{"embeddable":true,"href":"https:\/\/www.bibula.com\/index.php?rest_route=\/wp\/v2\/users\/1"}],"replies":[{"embeddable":true,"href":"https:\/\/www.bibula.com\/index.php?rest_route=%2Fwp%2Fv2%2Fcomments&post=124853"}],"version-history":[{"count":2,"href":"https:\/\/www.bibula.com\/index.php?rest_route=\/wp\/v2\/posts\/124853\/revisions"}],"predecessor-version":[{"id":124855,"href":"https:\/\/www.bibula.com\/index.php?rest_route=\/wp\/v2\/posts\/124853\/revisions\/124855"}],"wp:attachment":[{"href":"https:\/\/www.bibula.com\/index.php?rest_route=%2Fwp%2Fv2%2Fmedia&parent=124853"}],"wp:term":[{"taxonomy":"category","embeddable":true,"href":"https:\/\/www.bibula.com\/index.php?rest_route=%2Fwp%2Fv2%2Fcategories&post=124853"},{"taxonomy":"post_tag","embeddable":true,"href":"https:\/\/www.bibula.com\/index.php?rest_route=%2Fwp%2Fv2%2Ftags&post=124853"}],"curies":[{"name":"wp","href":"https:\/\/api.w.org\/{rel}","templated":true}]}}