{"id":124844,"date":"2021-04-26T15:28:15","date_gmt":"2021-04-26T19:28:15","guid":{"rendered":"https:\/\/www.bibula.com\/?p=124844"},"modified":"2021-04-26T15:28:15","modified_gmt":"2021-04-26T19:28:15","slug":"paradoks-kaczynskiego","status":"publish","type":"post","link":"https:\/\/www.bibula.com\/?p=124844","title":{"rendered":"Paradoks Kaczy\u0144skiego"},"content":{"rendered":"<p>Wielcy ludzie, kiedy ju\u017c przejd\u0105 do historii, pozostawiaj\u0105 po sobie tzw. spu\u015bcizn\u0119.<\/p>\r\n<p>Spo\u015br\u00f3d ca\u0142ego spektrum mo\u017cliwych tej spu\u015bcizny sk\u0142adnik\u00f3w,&nbsp; pozostawiaj\u0105 czasem po sobie&nbsp;<strong>prawa<\/strong>&nbsp;\u2013 co brzmi nobliwie (tu prym dzier\u017cy m\u00f3j ulubiony Hammurabi),&nbsp;<strong>twierdzenia<\/strong>, co brzmi s\u0142usznie (pardon \u2013&nbsp;<em>susznie<\/em>, bo po \u017coliborsku, ja jednak preferuj\u0119 Pitagorasa), ale bywa, \u017ce pozostaj\u0105 po nich&nbsp;<strong>bon moty<\/strong>&nbsp;(te brzmi\u0105 efektownie, jak cho\u0107by ksi\u0119cia Gorczakowa) ), a nawet&nbsp;<strong>paradoksy<\/strong>&nbsp;(Epimenides!) co jest (dla mnie przynajmniej) intryguj\u0105ce, bo jak bym o wsp\u00f3\u0142czesnych politykach czyta\u0142.<\/p>\r\n<p>Jaros\u0142aw Kaczy\u0144ski jeszcze do historii ca\u0142kiem nie przeszed\u0142, ale \u017ce jest cz\u0142owiekiem wielkim, to wiadomo, co zreszt\u0105 sam nie raz stwierdzi\u0142em.<\/p>\r\n<p>O, cho\u0107by tutaj, w tek\u015bcie&nbsp; pt.&nbsp;<a href=\"https:\/\/www.ekspedyt.org\/2019\/03\/30\/prezes-kaczynski-wielki-obietnicolog\/\" data-slimstat=\"5\"><em>Prezes Kaczy\u0144ski Wielki Obietnicolog,<\/em><\/a>&nbsp;w pierwszym zdaniu stoi:<br>\r\n<strong>\u201cJaros\u0142aw Kaczy\u0144ski jest doskona\u0142y. Tak po prostu.\u201d<\/strong><\/p>\r\n<p>I dlatego, dzi\u015b o drobnym elemencie tej, Prezesowskiej doskona\u0142o\u015bci, a mianowicie o tytu\u0142owym&nbsp;<em>paradoksie Kaczy\u0144skiego<\/em>.<\/p>\r\n<p>\u017beby ten paradoks \u0142atwiej mo\u017cna by\u0142o zrozumie\u0107 (wiem, jestem wymagaj\u0105cy) przybli\u017c\u0119 Czytelnikom tak zwany kontekst.<\/p>\r\n<p>***<\/p>\r\n<p>Najpierw urocza, pod (a w\u0142a\u015bciwie nad) warszawska Jab\u0142onna.<\/p>\r\n<p>Podpowiedzie\u0107 wypada,&nbsp; \u017ce ju\u017c za komuny bogata, obcym klasowo elementem, czyli tzw.&nbsp;<em>badylarzami&nbsp;<\/em>s\u0142ynna.<\/p>\r\n<p>Teraz, pod rz\u0105dami \u017coliborskich socjalist\u00f3w, te\u017c ma nielekko.<\/p>\r\n<p><em>\u201eW ci\u0105gu ostatnich dw\u00f3ch lat mieszka\u0144cy Jab\u0142onny (\u2026) zmagaj\u0105 si\u0119 z plag\u0105 kradzie\u017cy z w\u0142amaniami. Z\u0142odzieje staj\u0105 si\u0119 coraz bardziej bezczelni i zuchwali. Ostatnio pr\u00f3bowali w\u0142ama\u0107 si\u0119 do domu, w kt\u00f3rym przebywa\u0142a kobieta z dw\u00f3jk\u0105 ma\u0142ych dzieci.(\u2026).<br>\r\nMieszka\u0144cy apeluj\u0105 do policji i w\u0142adz samorz\u0105dowych o stanowcz\u0105 reakcj\u0119 w tej sprawie. R\u00f3wnie\u017c sami bior\u0105 sprawy w swoje r\u0119ce i organizuj\u0105 stra\u017c obywatelsk\u0105.\u201d<\/em><\/p>\r\n<p><a href=\"https:\/\/www.polsatnews.pl\/wiadomosc\/2021-04-20\/plaga-wlaman-pod-warszawa-to-jest-dramat\/\" data-slimstat=\"5\"><strong>Za\u0142\u0105czony film z monitoringu<\/strong><\/a><strong><a href=\"https:\/\/www.polsatnews.pl\/wiadomosc\/2021-04-20\/plaga-wlaman-pod-warszawa-to-jest-dramat\/\" data-slimstat=\"5\">&nbsp;<\/a>z zamaskowanym bandziorami w rolach g\u0142\u00f3wnych obejrze\u0107 warto, \u017ceby wczu\u0107 si\u0119 w sytuacj\u0119 ludzi najbezczelniej napadanych, bo dzi\u015b oni \u2013&nbsp;<\/strong><strong>jutro wy (czyli my).<\/strong><\/p>\r\n<p>Podleg\u0142a wicepremierowi od pa\u0142owania, gazowania, pods\u0142uchiwania, podgl\u0105dania i oskar\u017cania (Ziobrowa prokuratura te\u017c Mu podlega), Kaczy\u0144skiemu Jaros\u0142awowi miejscowa milicja (bo policja, to by\u0142a przed wojn\u0105), radzi sobie z bandytami tak dziarsko, \u017ce zdesperowani post-badylarze organizuj\u0105 stra\u017c obywatelsk\u0105, co ja im stanowczo odradzam bo taka stra\u017c, dzi\u0119ki zaprzysi\u0119g\u0142emu wrogowi oddania Polakom (zabranego przez okupant\u00f3w niemieckiego i sowieckiego), prawa do posiadania broni palnej, wspomnianemu wicepremierowi Kaczy\u0144skiemu, w konfrontacji z zawodowymi bandytami mo\u017ce jedynie powi\u0119kszy\u0107 liczb\u0119 kalek lub nieboszczyk\u00f3w.<br>\r\n***<\/p>\r\n<p><em>\u201eTrwaj\u0105 wzmo\u017cone weekendowe dzia\u0142ania po\u015bwi\u0119cone walce z rozprzestrzenianiem si\u0119 koronawirusa. Policjanci w patrolach pieszych i zmotoryzowanych patroluj\u0105 deptaki, skwery oraz inne miejsca gromadzenia si\u0119 os\u00f3b. Do dzia\u0142a\u0144 funkcjonariusze wykorzystuj\u0105 mobilny komisariat, radiow\u00f3z z systemem LRAD oraz drona, za pomoc\u0105 kt\u00f3rego z nieba obserwuj\u0105 zachowania os\u00f3b przebywaj\u0105cych w Sopocie.\u201d<\/em><\/p>\r\n<p><strong>Nie \u017cartuj\u0119 \u2013 sopoccy milicjanci,&nbsp;<a href=\"https:\/\/esopot.pl\/pl\/11_wiadomosci\/8397_sopot-sobotni-wysyp-mandatow-na-ulicach-patrole-dron-i-mobilny-komisariat-foto-wideo-.html\" data-slimstat=\"5\">przy pomocy dron\u00f3w szukaj\u0105 ludzi, kt\u00f3rzy nie nosz\u0105 masek<\/a>.<\/strong><\/p>\r\n<p>Ja ch\u0142opak\u00f3w nawet rozumiem, bo w Sopocie, po szpanerskim Monciaku, to bez masek chodz\u0105 tylko te \u0142adne dziewczyny, kt\u00f3re (jak to z \u0142adnymi bywa) nie maj\u0105 si\u0119 czego wstydzi\u0107 (z buzi\u0105 w\u0142\u0105cznie).<\/p>\r\n<p>Swoj\u0105 drog\u0105, dla mnie, czo\u0142\u00f3wka pisowskich polityczek (podawania nazwisk oszcz\u0119dz\u0119) w maskach mog\u0142aby chodzi\u0107 non-stop, nawet po domu, bo wtedy nie musia\u0142yby t\u0142uc luster.<\/p>\r\n<p>***<\/p>\r\n<p>Czas na puent\u0119, czyli tytu\u0142owy&nbsp;<em>paradoks Kaczy\u0144skiego<\/em>:<\/p>\r\n<p><strong>podleg\u0142a Mu milicja, zamiast \u0142apa\u0107 zamaskowanych bandyt\u00f3w, \u0142apie niezamaskowanych, normalnych obywateli.<\/strong><br>\r\n<a href=\"https:\/\/www.ekspedyt.org\/2019\/03\/30\/prezes-kaczynski-wielki-obietnicolog\/\" data-slimstat=\"5\">\/prezes-kaczynski-wielki-obietnicolog<\/a>\/<\/p>\r\n<p><a href=\"https:\/\/www.polsatnews.pl\/wiadomosc\/2021-04-20\/plaga-wlaman-pod-warszawa-to-jest-dramat\/\" data-slimstat=\"5\">https:\/\/www.polsatnews.pl\/wiadomosc\/2021-04-20\/plaga-wlaman-pod-warszawa-to-jest-dramat\/<\/a><\/p>\r\n<p><a href=\"https:\/\/esopot.pl\/pl\/11_wiadomosci\/8397_sopot-sobotni-wysyp-mandatow-na-ulicach-patrole-dron-i-mobilny-komisariat-foto-wideo-.html\" data-slimstat=\"5\">https:\/\/esopot.pl\/pl\/11_wiadomosci\/8397_sopot-sobotni-wysyp-mandatow-na-ulicach-patrole-dron-i-mobilny-komisariat-foto-wideo-.html<\/a><\/p>\r\n<p>Autor: <strong><em>Ewaryst Fedorowicz<\/em><\/strong><\/p>\r\n<p>Za: <a href=\"https:\/\/www.ekspedyt.org\/2021\/04\/26\/paradoks-kaczynskiego\/\">Legion sw. Ekspedyta &#8211; ekspedyt.org (<abbr class=\"published\" title=\"26 kwietnia 2021  20:32:04\">26 kwietnia 2021<\/abbr>)<\/a><\/p>","protected":false},"excerpt":{"rendered":"Wielcy ludzie, kiedy ju\u017c przejd\u0105 do historii, pozostawiaj\u0105 po sobie tzw. spu\u015bcizn\u0119. Spo\u015br\u00f3d ca\u0142ego spektrum mo\u017cliwych tej spu\u015bcizny sk\u0142adnik\u00f3w,&nbsp; pozostawiaj\u0105 czasem po sobie&nbsp;prawa&nbsp;\u2013 co brzmi nobliwie (tu prym dzier\u017cy m\u00f3j ulubiony Hammurabi),&nbsp;twierdzenia, co brzmi s\u0142usznie (pardon \u2013&nbsp;susznie, bo po \u017coliborsku, ja jednak preferuj\u0119 Pitagorasa), ale bywa, \u017ce pozostaj\u0105 po nich&nbsp;bon moty&nbsp;(te brzmi\u0105 efektownie, jak cho\u0107by [&hellip;]","protected":false},"author":1,"featured_media":0,"comment_status":"closed","ping_status":"closed","sticky":false,"template":"","format":"standard","meta":{"_acf_changed":false,"_monsterinsights_skip_tracking":false,"_monsterinsights_sitenote_active":false,"_monsterinsights_sitenote_note":"","_monsterinsights_sitenote_category":0,"ngg_post_thumbnail":0,"footnotes":"","_wp_rev_ctl_limit":""},"categories":[8],"tags":[433,114,98,37,136,20],"acf":[],"_links":{"self":[{"href":"https:\/\/www.bibula.com\/index.php?rest_route=\/wp\/v2\/posts\/124844"}],"collection":[{"href":"https:\/\/www.bibula.com\/index.php?rest_route=\/wp\/v2\/posts"}],"about":[{"href":"https:\/\/www.bibula.com\/index.php?rest_route=\/wp\/v2\/types\/post"}],"author":[{"embeddable":true,"href":"https:\/\/www.bibula.com\/index.php?rest_route=\/wp\/v2\/users\/1"}],"replies":[{"embeddable":true,"href":"https:\/\/www.bibula.com\/index.php?rest_route=%2Fwp%2Fv2%2Fcomments&post=124844"}],"version-history":[{"count":1,"href":"https:\/\/www.bibula.com\/index.php?rest_route=\/wp\/v2\/posts\/124844\/revisions"}],"predecessor-version":[{"id":124845,"href":"https:\/\/www.bibula.com\/index.php?rest_route=\/wp\/v2\/posts\/124844\/revisions\/124845"}],"wp:attachment":[{"href":"https:\/\/www.bibula.com\/index.php?rest_route=%2Fwp%2Fv2%2Fmedia&parent=124844"}],"wp:term":[{"taxonomy":"category","embeddable":true,"href":"https:\/\/www.bibula.com\/index.php?rest_route=%2Fwp%2Fv2%2Fcategories&post=124844"},{"taxonomy":"post_tag","embeddable":true,"href":"https:\/\/www.bibula.com\/index.php?rest_route=%2Fwp%2Fv2%2Ftags&post=124844"}],"curies":[{"name":"wp","href":"https:\/\/api.w.org\/{rel}","templated":true}]}}