{"id":1247,"date":"2007-10-07T00:00:00","date_gmt":"2007-10-07T00:00:00","guid":{"rendered":""},"modified":"2008-12-07T20:39:52","modified_gmt":"2008-12-08T01:39:52","slug":"nagroda-za-przecieranie-nowych-szlakw","status":"publish","type":"post","link":"https:\/\/www.bibula.com\/?p=1247","title":{"rendered":"Nagroda za przecieranie nowych szlak\u00f3w"},"content":{"rendered":"<p>O.  Napi\u00f3rkowski Celestyn &#8211; znany tropiciel nieprawid\u0142owo\u015bci zawieraj\u0105cych  si\u0119 w tradycyjnej nauce katolickiej (nie powiem, \u017ce herezji, bo samo  u\u017cywanie tego s\u0142owa jest zapewne dla niego nieprawid\u0142owo\u015bci\u0105), otrzyma\u0142  dzisiaj w Rzymie nagrod\u0119 Laurentina. Jak donosi <a class=\"content_sz\" href=\"http:\/\/www.oecumene.radiovaticana.org\/pol\/Articolo.asp?c=159385\">Radio Watyka\u0144skie<\/a>,  o. Napi\u00f3rkowski otrzyma\u0142 j\u0105 \u201eza rozwijanie mariologii w dialogu  ekumenicznym oraz za wyja\u015bnianie roli Naj\u015bwi\u0119tszej Marii Panny w  misterium Chrystusa i Ko\u015bcio\u0142a w duchu Soboru Watyka\u0144skiego II\u201d.  Wr\u0119czenie nagrody zbieg\u0142o si\u0119 z zako\u0144czonym wczoraj w Rzymie sympozjum  \u201eMaryja w dialogu ekumenicznym na Zachodzie\u201d, kt\u00f3re podsumowa\u0142o maryjny  w\u0105tek prac tzw. Grupy z Dombes. Jak informuje Radio nadaj\u0105ce z Watykanu  &#8211; &#8222;Z nieformalnej inicjatywy francuskich ksi\u0119\u017cy i pastor\u00f3w narodzi\u0142a  si\u0119 owocna forma dialogu teologicznego katolicko-lutera\u0144skiego i  katolicko-anglika\u0144skiego. W duchu modlitwy i pokornego poszukiwania  prawdy kilkudziesi\u0119ciu teolog\u00f3w od p\u00f3\u0142wiecza podejmuje punkty  kontrowersji znacz\u0105cych dialog ekumeniczny i stanowi\u0105cych przeszkod\u0119 na  drodze ku jedno\u015bci Ko\u015bcio\u0142\u00f3w.&#8221;<\/p>\r\n\r\n<p>O. Celestyn piej\u0105c z zachwytu nad  przebiegiem ekumenicznych dysput, w czasie wieczornego magazynu Radia  Watyka\u0144skiego, dzieli\u0142 si\u0119 na bie\u017c\u0105co swoimi wra\u017ceniami wyniesionymi z  sympozjum. \u0179aden z Ko\u015bcio\u0142\u00f3w nie jest bez wad, \u017caden z Ko\u015bcio\u0142\u00f3w nie  odpowiada w pe\u0142ni temu czego \u017cyczy\u0142 sobie Chrystus, ka\u017cdy z nich  powinien nawr\u00f3ci\u0107 si\u0119 w pe\u0142ni na Ewangeli\u0119, gdy\u017c \u017caden z nich  prawid\u0142owo wype\u0142nia jej przes\u0142ania &#8211; g\u0142osi\u0142 nagrodzony franciszkanin.  Ten rzekomy obro\u0144ca prawdy, tropiciel \u015bredniowiecznych dewocji, nie  by\u0142by sob\u0105, gdyby nie dobra\u0142 si\u0119 w czasie swojego wyst\u0119pu na radiowej  antenie do katolickiej teologii i pobo\u017cno\u015bci maryjnej. Odbieraj\u0105c  nagrod\u0119 za efekty swojej misji &#8222;nie z grzesznej, ale dobrej  satysfakcji&#8221;, przywo\u0142a\u0142 jeszcze raz cel jaki przy\u015bwieca mu od lat, a  kt\u00f3rym jest odkrycie prawdy na temat roli Maryi w dziele zbawienia.  Droga do tego wiedzie go m.in. przez krytyk\u0119 pobo\u017cnych lektur  maryjnych, cenzurowanie starych katolickich pie\u015bni, generalnie &#8211;  udowadnianie, \u017ce ca\u0142a katolicka Tradycja to jedna wielka g\u0142upota.<br \/>\r\n Napi\u00f3rkowski  nie ukrywa, \u017ce dochodzi do takich wniosk\u00f3w, poprzez lektur\u0119  oryginalnych XVI-wiecznych pism herezjarch\u00f3w, komentowanych nast\u0119pnie  podczas owocnych debat ekumenicznych. To dzi\u0119ki tym dociekaniom nasz  posoborowy obro\u0144ca ewangelicznej prawdy o Maryi, odkry\u0142, \u017ce protestanci  w swej krytyce katolickiej nauki o Naj\u015bwi\u0119tszej Maryi Pannie posiadaj\u0105  wiele racji. Oceniaj\u0105c za to aktualno\u015b\u0107 dorobku katolickich \u015bwi\u0119tych, <a class=\"content_sz\" href=\"http:\/\/ekumenizm.wiara.pl\/index.php?grupa=6&amp;cr=0&amp;kolej=0&amp;art=1137759458&amp;dzi=1132262577\">o. Celestyn ma precyzyjn\u0105 odpowied\u017a<\/a>:<strong> &#8222;Nie wszystko, co pozostawili, musi by\u0107 zdrow\u0105 kromk\u0105 chleba tak\u017ce  dzisiaj. Przecie\u017c oni nie otrzymali \u0142aski bycia na Soborze; nie  zasmakowali rado\u015bci lektury adhortacji Paw\u0142a VI o kulcie maryjnym i  encykliki Jana Paw\u0142a II Matka Odkupiciela&#8230;. Oni maj\u0105 prawo oczekiwa\u0107  od nas, by\u015bmy wznawiaj\u0105c ich stare ksi\u0105\u017cki odm\u0142adzali je jako\u015b  odnowion\u0105 \u015bwiadomo\u015bci\u0105 Ko\u015bcio\u0142a. Tymczasem zdarza si\u0119, \u017ce ci sami  ludzie, kt\u00f3rzy z wielkim zapa\u0142em opowiadaj\u0105 si\u0119 za Soborem i Janem  Paw\u0142em II, pracuj\u0105 przeciw nim rzucaj\u0105c na rynek &#8211; bez odpowiednich  komentarzy &#8211; przedsoborowe lektury. Sam przymiotnik \u201e\u015bwi\u0119ty\u201d czy  \u201eb\u0142ogos\u0142awiony\u201d przed imieniem i nazwiskiem nie gwarantuje szcz\u0119\u015bliwego  wyboru edytorskiego. Ej, rozlicz\u0105 nas kiedy\u015b nasi \u015bwi\u0119ci ojcowie,  rozlicz\u0105&#8230;&#8221;<br \/>\r\n <\/strong><br \/>\r\n Dobrze wi\u0119c, \u017ce mamy takiego o. Celestyna, Sob\u00f3r i Jana Paw\u0142a II. Wed\u0142ug <a class=\"content_sz\" href=\"http:\/\/breviarium.blogspot.com\/2007\/09\/wg-o-marka-blazy-si-koci-katolicki.html\">powszechnego ju\u017c niemal zapatrywania<\/a>,  to w\u0142a\u015bnie dzi\u0119ki nim powsta\u0142 wreszcie Ko\u015bci\u00f3\u0142. Do tej pory mieli\u015bmy  jedynie jak\u0105\u015b ksenofobiczn\u0105 organizacj\u0119, odpowiedzialn\u0105 na krucjaty,  inkwizycj\u0119, palenie na stosach, prze\u015bladowanie innych Ko\u015bcio\u0142\u00f3w i  zaw\u0142aszczanie s\u0142\u00f3w Ewangelii.<\/p>\r\n\r\n<p>Na zako\u0144czenie dodam, \u017ce nasz o.  Celestyn godny jest rzeczywi\u015bcie nagrody imienia Rene Laurentina.  Kap\u0142an ten skompromitowa\u0142 si\u0119 do cna ju\u017c wiele razy, <a class=\"content_sz\" href=\"http:\/\/www.voxdomini.com.pl\/vass\/vxv-20.html\">broni\u0105c rzekomych objawie\u0144<\/a> schizmatyczki Vassuli  Ryden, kt\u00f3re ponownie niedawno <a class=\"content_sz\" href=\"http:\/\/www.radiovaticana.org\/pol\/Articolo.asp?c=149703\">pot\u0119pi\u0142a<\/a> Kongregacja Nauki Wiary. Zas\u0142yn\u0105\u0142 on tak\u017ce z tego, \u017ce jest gor\u0105cym obro\u0144c\u0105 mistyfikacji z Medziugorie.<\/p>\r\n\r\n<p class=\"content\">Napisa\u0142            Wiedhold                                         dnia <a class=\"content_sz\" title=\"permanent link\" rel=\"bookmark\" href=\"http:\/\/breviarium.blogspot.com\/2007\/10\/nagroda-za-przecieranie-nowych-szlakw.html\"><abbr title=\"2007-10-06T22:22:00+02:00\">6.10.07<\/abbr><\/a><br \/>\r\n<br \/>\r\n <em><a class=\"content_sz\" href=\"http:\/\/breviarium.blogspot.com\/2007\/10\/nagroda-za-przecieranie-nowych-szlakw.html\" target=\"_blank\">KRONIKA NOVUS ORDO<\/a> <\/em><\/p>\r\n\r\n<p><br class=\"spacer_\" \/><\/p>\r\n\r\n<p><br class=\"spacer_\" \/><\/p>\r\n\r\n<p>ZOB. R\u00d3WNIE\u017b:<\/p>\r\n\r\n\r\n<ul>\r\n\t\t<li><a class=\"content_sz\" href=\"http:\/\/www.bibula.com\/?p=00845\" target=\"_blank\">&#8222;Tu Radio Watirana!&#8221; &#8211; Radio Socjaldemokratyczno-Watyka\u0144skie<\/a><\/li>\r\n\t\t<li><a class=\"content_sz\" href=\"http:\/\/www.bibula.com\/?p=01073\" target=\"_blank\">Papieski kaznodzieja, ojciec Cantalamessa jednak nie pojedzie do Medjugorie<\/a><\/li>\r\n\t\t<li><a class=\"content_sz\" href=\"http:\/\/www.bibula.com\/?p=00448\">Biskup R. Peric: &#8222;Objawienia&#8221; w Medjugorie nie maj\u0105 w sobie nic z autentyczno\u015bci<\/a><\/li>\r\n\t\t<li><a class=\"content_sz\" href=\"http:\/\/www.bibula.com\/?p=00669\" target=\"_blank\">Biskup Harry Flynn wspomina s\u0142owa Jana Paw\u0142a II i swoj\u0105 &#8221; Pielgrzymk\u0119 do Medjugorie&#8221;<\/a><\/li>\r\n\t\t<li><a class=\"content_sz\" href=\"http:\/\/www.bibula.com\/?p=00926\" target=\"_blank\">Ks. A. Posacki, SJ: &#8222;Prosz\u0119 uwa\u017ca\u0107 na ksi\u0119\u017cy o tej orientacji mocno tradycjonalistycznej&#8221;<\/a><\/li>\r\n<\/ul>\r\n\r\n\r\n<p>oraz<\/p>\r\n\r\n<p><br class=\"spacer_\" \/><\/p>\r\n\r\n<p>OPRACOWANIA na temat Medjugorie:<\/p>\r\n\r\n\r\n<ul>\r\n\t\t<li><a class=\"content_sz\" href=\"http:\/\/www.wandea.org.pl\/medjugorie\/vassularyden.htm\" target=\"_blank\"><strong>Problem Medjugorie<\/strong><\/a> <\/li>\r\n\t\t<li><a class=\"content_sz\" href=\"http:\/\/www.piusx.org.pl\/zw\/index.php?nr=3&amp;id=169\" target=\"_blank\"><strong>Objawienia. Czy pochodz\u0105 od Boga, czy od diab\u0142a?<\/strong><\/a> &#8211; <em>ks. Karol Stehlin, FSSPX<\/em><\/li>\r\n\t\t<li><a class=\"content_sz\" href=\"http:\/\/www.piusx.org.pl\/zawsze_wierni\/artykul\/171\" target=\"_blank\"><strong>Medjugorie antytez\u0105 Fatimy<\/strong><\/a> &#8211; <em>Tomasz Kubiak<\/em><\/li>\r\n\t\t<li>In English:\u00a0<a class=\"content_sz\" href=\"http:\/\/www.culturewars.com\/CultureWars\/Archives\/cw_feb98\/surmanci.html\" target=\"_blank\"><strong>The Ghost of Surmanci: Queen of Peace, Ethnic Cleansing, Ruined Lives<\/strong> &#8211; by Michael E. Jones<\/a><\/li>\r\n\t\t<li>In English:\u00a0<a class=\"content_sz\" href=\"http:\/\/www.olrl.org\/prophecy\/medjugorje.shtml\" target=\"_blank\"><strong>Medjugorje: Condemned by the Church<\/strong><\/a><\/li>\r\n\t\t<li>In English:\u00a0<a class=\"content_sz\" href=\"http:\/\/www.icubed.com\/%7Erpoe\/medugorj.htm\" target=\"_blank\"><strong>Medjugorje: Another View<\/strong><\/a><\/li>\r\n\t\t<li>In English:\u00a0<a class=\"content_sz\" href=\"http:\/\/www.mdaviesonmedj.com\/\" target=\"_blank\"><strong>Medjugorie after Twenty-One Years &#8211; The Definitive Story<\/strong> &#8211; by Michael Davies <\/a><\/li>\r\n\t\t<li>In English:\u00a0<a class=\"content_sz\" href=\"http:\/\/www.culturewars.com\/CultureWars\/Archives\/cw_feb98\/surmanci.html\" target=\"_blank\"><strong>The Ghosts of Surmanci: Queen of Peace, Ethnic Cleansing, Ruined Lives<\/strong><\/a> &#8211; <em>Michael Jones, Editor of &#8222;Culture Wars&#8221; Magazine (Feb. 1998)<\/em><\/li>\r\n\t\t<li>In English:\u00a0<a class=\"content_sz\" href=\"http:\/\/www.culturewars.com\/CultureWars\/Archives\/cw_jan98\/med_letter.html\" target=\"_blank\"><strong>An Important Message from Culture Wars Publisher E. Michael Jones, Ph.D <\/strong><\/a> &#8211; <em>Michael Jones, Editor of &#8222;Culture Wars&#8221; Magazine (Feb. 1998)<\/em><\/li>\r\n\t\t<li>Book in English:\u00a0<a class=\"content_sz\" href=\"http:\/\/www.culturewars.com\/medj.htm\" target=\"_blank\"><strong>The Medjugorje Deception: <\/strong><\/a> &#8211; <em>Michael Jones, Editor of &#8222;Culture Wars&#8221; Magazine (Feb. 1998<\/em><em>) <\/em><\/li>\r\n\t\t<li>Video in English:\u00a0<a class=\"content_sz\" href=\"http:\/\/www.culturewars.com\/medjvid.htm\" target=\"_blank\"><strong>Visions On Demand: The Medjugorje Conspiracy <\/strong><\/a> &#8211; <em>produced by  &#8222;Culture Wars&#8221; Magazine<\/em><\/li>\r\n\t\t<li><a class=\"content_sz\" href=\"http:\/\/www.cbismo.hr\/\" target=\"_blank\"><strong>Oficjalna strona internetowa biskupa Mostar-Duvno, bp Ratko Peric <\/strong><\/a><\/li>\r\n<\/ul>\r\n\r\n\r\n<p><br class=\"spacer_\" \/><\/p>","protected":false},"excerpt":{"rendered":"O. Napi\u00f3rkowski Celestyn &#8211; znany tropiciel nieprawid\u0142owo\u015bci zawieraj\u0105cych si\u0119 w tradycyjnej nauce katolickiej (nie powiem, \u017ce herezji, bo samo u\u017cywanie tego s\u0142owa jest zapewne dla niego nieprawid\u0142owo\u015bci\u0105), otrzyma\u0142 dzisiaj w Rzymie nagrod\u0119 Laurentina. Jak donosi Radio Watyka\u0144skie, o. Napi\u00f3rkowski otrzyma\u0142 j\u0105 \u201eza rozwijanie mariologii w dialogu ekumenicznym oraz za wyja\u015bnianie roli Naj\u015bwi\u0119tszej Marii Panny w [&hellip;]","protected":false},"author":1,"featured_media":0,"comment_status":"closed","ping_status":"open","sticky":false,"template":"","format":"standard","meta":{"_acf_changed":false,"_monsterinsights_skip_tracking":false,"_monsterinsights_sitenote_active":false,"_monsterinsights_sitenote_note":"","_monsterinsights_sitenote_category":0,"ngg_post_thumbnail":0,"footnotes":"","_wp_rev_ctl_limit":""},"categories":[5],"tags":[74],"acf":[],"_links":{"self":[{"href":"https:\/\/www.bibula.com\/index.php?rest_route=\/wp\/v2\/posts\/1247"}],"collection":[{"href":"https:\/\/www.bibula.com\/index.php?rest_route=\/wp\/v2\/posts"}],"about":[{"href":"https:\/\/www.bibula.com\/index.php?rest_route=\/wp\/v2\/types\/post"}],"author":[{"embeddable":true,"href":"https:\/\/www.bibula.com\/index.php?rest_route=\/wp\/v2\/users\/1"}],"replies":[{"embeddable":true,"href":"https:\/\/www.bibula.com\/index.php?rest_route=%2Fwp%2Fv2%2Fcomments&post=1247"}],"version-history":[{"count":0,"href":"https:\/\/www.bibula.com\/index.php?rest_route=\/wp\/v2\/posts\/1247\/revisions"}],"wp:attachment":[{"href":"https:\/\/www.bibula.com\/index.php?rest_route=%2Fwp%2Fv2%2Fmedia&parent=1247"}],"wp:term":[{"taxonomy":"category","embeddable":true,"href":"https:\/\/www.bibula.com\/index.php?rest_route=%2Fwp%2Fv2%2Fcategories&post=1247"},{"taxonomy":"post_tag","embeddable":true,"href":"https:\/\/www.bibula.com\/index.php?rest_route=%2Fwp%2Fv2%2Ftags&post=1247"}],"curies":[{"name":"wp","href":"https:\/\/api.w.org\/{rel}","templated":true}]}}