{"id":12419,"date":"2009-08-10T10:28:07","date_gmt":"2009-08-10T15:28:07","guid":{"rendered":"http:\/\/www.bibula.com\/?p=12419"},"modified":"2009-08-10T08:00:30","modified_gmt":"2009-08-10T13:00:30","slug":"nie-podpisywac-traktatu-lizbonskiego-%e2%80%93-wywiad-z-prof-dr-jerzym-robertem-nowakiem","status":"publish","type":"post","link":"https:\/\/www.bibula.com\/?p=12419","title":{"rendered":"Nie podpisywa\u0107 Traktatu Lizbo\u0144skiego! \u2013 <em>Wywiad z prof. dr. Jerzym Robertem Nowakiem<\/em>"},"content":{"rendered":"<p><em><strong>Panie Profesorze, mamy za sob\u0105 wybory do Parlamentu Europejskiego. Czy niska frekwencja, bo niespe\u0142na 25 proc. \u015bwiadczy o zdrowej czy chorej reakcji Polak\u00f3w?<\/strong><\/em><\/p>\r\n\r\n<p>&#8211; Ja bym inaczej uj\u0105\u0142 t\u0119 kwesti\u0119 i m\u00f3wi\u0142 o chorej sytuacji w Polsce. Przecie\u017c Polacy do\u015bwiadczaj\u0105 bez przerwy oszustw kolejnych ekip rz\u0105dz\u0105cych. Bo przecie\u017c nie tylko postkomuni\u015bci oszukiwali, by wspomnie\u0107 cho\u0107by o rz\u0105dach wyprzeda\u017cy Polski AWS-UW, najgorszych pr\u00f3cz rz\u0105du Tuska, kt\u00f3ry wyprzedzi\u0142 Buzka, a jest to du\u017ca sztuka. Przestali wi\u0119c wierzy\u0107 komukolwiek.<\/p>\r\n\r\n<p><em><strong>Do unio-parlamentu weszli tylko przedstawiciele partii establishmentu. W zwi\u0105zku z tym rodz\u0105 si\u0119 dwa pytania. Pierwsze &#8211; sk\u0105d si\u0119 bierze tak ogromna popularno\u015b\u0107 zaciekle antypolskiej a jednocze\u015bnie ogromnie nieudolnej PO?<\/strong><\/em><\/p>\r\n\r\n<p>&#8211; Odpowied\u017a jest prosta. O takim wyniku zadecydowa\u0142o otumanienie przez telewizj\u0119 i niekt\u00f3re gazety. Przyzna\u0107 te\u017c trzeba, \u017ce Platforma ma ogromne umiej\u0119tno\u015bci propagandowe, zwane dzi\u015b z angielska PR. PO bazuje na tym, \u017ce wielu ludzi nie my\u015bli, nie pami\u0119ta o wielu sprawach i reaguje tylko na to, co im si\u0119 podrzuci srebrny ekran. Pod tym wzgl\u0119dem prawdziwe s\u0105 stwierdzenia s\u0142awnego ludob\u00f3jcy i arcydemagoga &#8211; Hitlera, kt\u00f3ry m\u00f3wi\u0142, \u017ce masy nie maj\u0105 pami\u0119ci. Z kolei jego pomocnik &#8211; mistrz propagandy &#8211; J\u00f3zef Goebbels uwa\u017ca\u0142, \u017ce propaganda jest dla tych wszystkich, kt\u00f3rzy nie pami\u0119taj\u0105, co si\u0119 zdarzy\u0142o dwa dni temu. Sytuacja jest \u017ca\u0142osna. Mamy kryzys i wi\u0119kszo\u015b\u0107 ankietowanych przez o\u015brodki badania opinii publicznej stwierdza, \u017ce mamy z\u0142y rz\u0105d, a jednocze\u015bnie g\u0142osuj\u0105 na Platform\u0119. Z drugiej strony p\u0142acimy za b\u0142\u0119dy PiS-u, kt\u00f3ry wielu rzeczy nie doko\u0144czy\u0142, nie by\u0142 konsekwentny i skuteczny, nie zadba\u0142 o trafienie do m\u0142odego pokolenia. Dam przyk\u0142ad. Niedawno mia\u0142em okazj\u0119 rozmawia\u0107 z Jaros\u0142awem Kaczy\u0144skim i powiedzia\u0142em mu: \u201ePanie premierze, mia\u0142 Pan doskona\u0142e wyst\u0105pienie w Rzeszowie, bardzo dobre merytorycznie, nie za d\u0142ugie, bo p\u00f3\u0142godzinne. Ale nie u\u015bmiechn\u0105\u0142 si\u0119 pan ani razu, wi\u0119c co robi\u0105 pa\u0144scy ludzie od PR?\u201d Nawet Balcerowicza, jednego z najwi\u0119kszych ponurak\u00f3w, nauczono u\u015bmiecha\u0107 si\u0119. A takich b\u0142\u0119d\u00f3w jest wi\u0119cej. Ponadto PiS jest uto\u017csamiany tylko z Kaczy\u0144skimi, partia ta za ma\u0142o pokazywa\u0142a inne indywidualno\u015bci, a nawet przeciwnie &#8211; indywidualno\u015bci t\u0142amsi\u0142a. Poza tym PiS niejednokrotnie wysuwa\u0142 do\u015b\u0107 dziwne kandydatury, wepchn\u0105\u0142 spadochroniarzy w r\u00f3\u017cne okr\u0119gi, zabiera\u0142 Mularczyka z Krakowa, do Warszawy, by os\u0142abi\u0107 Zbigniewa Ziobro, za to do Krakowa wepchn\u0105\u0142 Kowala, kt\u00f3ry dosta\u0142 si\u0119 do PE dzi\u0119ki Ziobrze, cho\u0107 s\u0105 to politycy z r\u00f3\u017cnych skrzyde\u0142. Taka by\u0142a polityka lider\u00f3w partii, a zabiegi te nie wp\u0142ywa\u0142y na zainteresowanie wyborami, wr\u0119cz odwrotnie.<\/p>\r\n\r\n<p><em><strong>I drugie pytanie. Sojusznik PO &#8211; Polskie Stronnictwo Ludowe ledwo przesz\u0142o do PE, zdobywaj\u0105c zaledwie trzy miejsca. Czy wynik ten nie zapowiada zej\u015bcia ze sceny politycznej ludowc\u00f3w? Czy nie b\u0119dzie to cena, jak\u0105 partia Pawlaka zap\u0142aci za koalicj\u0119 z PO?<\/strong><\/em><\/p>\r\n\r\n<p>&#8211; Przypomn\u0119, \u017ce PSL mia\u0142o w przesz\u0142o\u015bci r\u00f3wnie z\u0142e sojusze, bo dwa razy z SLD. Z drugiej jednak strony liderzy PO nie b\u0119d\u0105 specjalnie p\u0142akali, je\u015bli PSL zniknie jako licz\u0105ca si\u0119 si\u0142a polityczna. Tak jak PiS nie martwi\u0142 si\u0119, gdy z mapy politycznej Polski znikn\u0119\u0142y LPR i Samoobrona, zreszt\u0105 nie bez ich ci\u0119\u017ckich b\u0142\u0119d\u00f3w, zw\u0142aszcza Ligi. Wygl\u0105da na to, \u017ce zar\u00f3wno Platforma, jak i PiS d\u0105\u017c\u0105 do ukszta\u0142towania systemu dwupartyjnego, co traktuj\u0119 jako powa\u017cne zagro\u017cenie polskiej demokracji. Osobi\u015bcie \u017ca\u0142uj\u0119 upadku LPR, albowiem Polska bardzo potrzebuje si\u0142y na prawo od PiS, ugrupowania konsekwentnego i jednoznacznego, cho\u0107by w sprawie odrzucenia Traktatu Lizbo\u0144skiego, tak bardzo niebezpiecznego dla naszej niepodleg\u0142o\u015bci.<\/p>\r\n\r\n<p><em><strong>W\u015br\u00f3d wielu komitet\u00f3w okre\u015blaj\u0105cych si\u0119 jako prawicowe \u017cadne z nich nie sta\u0142o si\u0119 przys\u0142owiowym \u201eczarnym koniem\u201d. Uzyska\u0142y one wyniki wr\u0119cz \u017cenuj\u0105ce. Jak zwykle od 20 lat tzw. prawica znowu wyst\u0105pi\u0142a rozbita, pr\u00f3cz tego sk\u0142\u00f3cona. mo\u017cna powiedzie\u0107, \u017ce ci\u0119\u017cko zapracowa\u0142a na swoj\u0105 kl\u0119sk\u0119. Czy zgadza si\u0119 Pan Profesor z tak\u0105 ocen\u0105?<\/strong><\/em><\/p>\r\n\r\n<p>&#8211; Oczywi\u015bcie. P\u00f3\u0142 roku temu dzia\u0142a\u0142em jako rzecznik wsp\u00f3lnego wyst\u0105pienia pozapisowskich ugrupowa\u0144 prawicowych. Rozmawiali\u015bmy z \u201eNaprz\u00f3d Polsko\u201d, \u201ePiastem\u201d. W rozmowach tych uczestniczyli bardzo konstruktywnie Jan \u0141opusza\u0144ski, Witold Tomczak i kilku innych. <img fetchpriority=\"high\" decoding=\"async\" class=\"alignleft\" style=\"border: 1px solid black; margin: 10px;\" src=\"http:\/\/www.myslpolska.pl\/sites\/default\/files\/0908101355.jpg\" border=\"1\" alt=\"\" hspace=\"10\" vspace=\"10\" width=\"316\" height=\"237\" align=\"left\" \/>Rokowania rozbi\u0142y si\u0119 o ma\u0142ostkowo\u015b\u0107 niekt\u00f3rych polityk\u00f3w. Np. Zdzis\u0142aw Podka\u0144ski domaga\u0142 si\u0119, aby komitet wyborczy mia\u0142 w nazwie koniecznie s\u0142owo \u201ePiast\u201d, czym warunkowa\u0142 kontynuowanie rozm\u00f3w. Ja rozumiem, \u017ce nazwa \u201ePiast\u201d mo\u017ce robi\u0107 wra\u017cenie u cz\u0119\u015bci rolnik\u00f3w, ale ju\u017c nie w miastach. Proponowa\u0142em inne nazwy, np. Front Polski, Akcja Narodowa. W pewnym momencie jeden z rozm\u00f3wc\u00f3w zaproponowa\u0142, aby komitet nosi\u0142 nazw\u0119 Ruch Prze\u0142omu Naprz\u00f3d Polsko Stronnictwo Piast, co wywo\u0142a\u0142o og\u00f3ln\u0105 weso\u0142o\u015b\u0107 zebranych. Bardzo trudne okaza\u0142y si\u0119 te\u017c kontakty z Markiem Jurkiem, kt\u00f3ry na spotkanie lider\u00f3w chcia\u0142 przys\u0142a\u0107 osob\u0119 trzeciorz\u0119dn\u0105. Tote\u017c Zarz\u0105d Ruchu Prze\u0142omu Narodowego doszed\u0142 do wniosku, \u017ce nie ma sensu tworzy\u0107 kilku komitet\u00f3w wyborczych.<\/p>\r\n\r\n<p><em><strong>I z tego powodu zdecydowa\u0142 si\u0119 Pan Profesor poprze\u0107 PiS?<\/strong><\/em><\/p>\r\n\r\n<p>&#8211; Nie PiS, ale niekt\u00f3rych kandydat\u00f3w tej partii, kt\u00f3rzy znajduj\u0105 si\u0119 w nurcie patriotycznym, w przeciwie\u0144stwie do nurtu lizus\u00f3w, reprezentowanych np. przez. Kami\u0144skiego, Bielana czy Czarneckiego. Liderzy PiS-u lansowali ich na si\u0142\u0119. \u00a0Wspiera\u0142em m.in. Cyma\u0144skiego, kt\u00f3ry prezentuje jednoznaczna orientacj\u0119 Polski solidarnej, a nadto g\u0142osowa\u0142 przeciw Traktatowi Lizbo\u0144skiemu. Z tych samych powod\u00f3w popierali\u015bmy Krzysztofa Jurgiela i Ziobr\u0119, kt\u00f3rzy zdecydowanie odrzucaj\u0105 ten Traktat. Arkadiusz Mularczyk wprawdzie nie g\u0142osowa\u0142 przeciw Traktatowi, ale obecnie wypowiada si\u0119 przeciw jego przyj\u0119ciu. R\u00f3\u017cnice mi\u0119dzy obu nurtami odzwierciedla\u0142 program Lisa. W jednym z nich Mularczyk i Beata Kempa ostro starli si\u0119 z Siwcem i Protasiewiczem w sprawie zagro\u017cenia niemieckiego. Tych ostatnich oczywi\u015bcie popiera\u0142 Lis. Natomiast w innej ods\u0142onie tego samego programu wyst\u0119powali Micha\u0142 Kami\u0144ski i Danuta Huebner, c\u00f3rka i wnuczka funkcjonariuszy UB. Kami\u0144ski wr\u0119cz wdzi\u0119czy\u0142 si\u0119 do Huebner &#8211; najwi\u0119cej szkodz\u0105c\u0105 sprawom polskim w Unii. Za te dusery Kami\u0144ski otrzyma\u0142 pochwa\u0142y od Lisa. To dowodzi, jak wielkie s\u0105 r\u00f3\u017cnice mi\u0119dzy politykami PiS-u.<\/p>\r\n\r\n<p><em><strong>W\u015br\u00f3d swar\u00f3w na &#8222;prawicowisku&#8221; dosz\u0142o do ostrej polemiki z Panem Profesorem publicysty prof. Adama Wielomskiego. Czy zechcia\u0142by Pan Profesor odnie\u015b\u0107 si\u0119 do tej sprawy?&#8221;<\/strong><\/em><\/p>\r\n\r\n<p>&#8211; \u00a0Sprawa ma pocz\u0105tek w portalu \u201ekonserwatyzm pl.\u201d Portal ten mocno optowa\u0142 za \u201eLibertas\u201d, kt\u00f3ry z kolei popiera\u0142 prezes TVP Piotr Farfa\u0142. Zaznaczam, \u017ce w\u015br\u00f3d usuni\u0119tych przez niego dziennikarzy znale\u017ali si\u0119 m.in. Wojciech Reszczy\u0144ski, Wojciech Cejrowski czy Anita Gargas. Witryna ta zaatakowa\u0142a mnie i dra Krzysztofa Kaw\u0119ckiego za to, \u017ce popierali\u015bmy w czasie kampanii wyborczej PiS. Przypominam raz jeszcze z ca\u0142ym naciskiem: popiera\u0142em patriotyczn\u0105 cz\u0119\u015b\u0107 PiS-u. Co wi\u0119cej, na portalu ukaza\u0142y si\u0119 niezwykle obel\u017cywe epitety pod adresem moim i Radia Maryja. Rozg\u0142o\u015bnia toru\u0144ska by\u0142a okre\u015blana jako agentura niemiecka, o. Tadeusz Rydzyk jako agent niemiecki, a ja zosta\u0142em agentem ojca dyrektora. \u0141adne, prawda? Ani pan Wielomski, ani kierownictwo portalu nie odci\u0119li si\u0119 od tych pom\u00f3wie\u0144. Ponadto insynuowano mi w spos\u00f3b wyj\u0105tkowo pod\u0142y moje rzekome pochodzenie. Odpowiem kr\u00f3tko, cytuj\u0105c Romana Dmowskiego: \u201eJestem Polakiem\u2026\u201d Natomiast w walce z antypolonizmem niemieckim, \u017cydowskim, rosyjskim, ukrai\u0144skim i innymi. niewiele jest os\u00f3b, kt\u00f3re mi dor\u00f3wnuj\u0105. A z pewno\u015bci\u0105 nie pan Wielomski, kt\u00f3ry nie zrobi\u0142 jednej setnej tego, co ja. Zajmowa\u0142 si\u0119 r\u00f3\u017cnymi innymi sprawami, m.in. wywiadem z gen. Jaruzelskim, kt\u00f3ry dla mnie nie stanowi przyk\u0142adu polskiego patrioty. Za wyj\u0105tkowo pod\u0142e uwa\u017cam okre\u015blenie Radia Maryja jako agentury niemieckiej. Cho\u0107by Stanis\u0142aw Michalkiewicz i ja wielokrotnie zabierali\u015bmy g\u0142os na antenie Radia, ostrzegaj\u0105c przed niebezpiecze\u0144stwem niemieckim. R\u00f3wnie\u017c wiele naszych publikacji prasowych po\u015bwi\u0119cili\u015bmy temu tematowi. Przypomn\u0119, \u017ce red. Michalkiewicz m\u00f3wi\u0142 o funkcjonowaniu stronnictwa pruskiego w Polsce, a ja pisa\u0142em w kilkunastu artyku\u0142ach na \u0142amach \u201eNaszego Dziennika\u201d o pe\u0142zaj\u0105cej regermanizacji Wroc\u0142awia. Dzi\u0119ki mnie powsta\u0142 Komitet Obrony Polsko\u015bci Dolnego \u015al\u0105ska. Niedawno by\u0142em we Wroc\u0142awiu, gdzie przy kilkusetosobowej sali pi\u0119tnowa\u0142em takie odrestaurowanie pa\u0142acu kr\u00f3l\u00f3w pruskich, gdzie czo\u0142ow\u0105 postaci\u0105 uczyniono rozbiorc\u0119 Polski Fryderyka II. Pi\u0119tnowa\u0142em ponad 300-stronicowy katalog z tej wystawy, wybielaj\u0105cy rozbiorc\u00f3w, o czym zreszt\u0105 m\u00f3wi\u0142em w Radiu Maryja. W swoich ksi\u0105\u017ckach demaskowa\u0142em publicyst\u00f3w i sprzedajnych historyk\u00f3w fa\u0142szuj\u0105cych stosunki polsko-niemieckie, czy wr\u0119cz wybielaj\u0105cych Krzy\u017cak\u00f3w, jak czyni\u0142 to np. Adam Krzemi\u0144ski w \u201ePolityce\u201d czy Tomasz Jastru\u0144.<\/p>\r\n\r\n<p>Podnosi\u0142em jako skandal przy omawianiu stosunk\u00f3w polsko-krzy\u017cackich przemilczanie rzezi 10 tysi\u0119cy gda\u0144szczan w 1308 r., co tak plastycznie opisa\u0142 Pawe\u0142 Jasienica w \u201ePolsce Piast\u00f3w\u201d. To przymilanie si\u0119 \u201ewielkiemu bratu\u201d niemieckiemu przypomina, jak w historiografii PRL pomijano wyr\u017cni\u0119cie przez Suworowa Pragi, aby przypodoba\u0107 si\u0119 tamtemu \u201ewielkiemu bratu\u201d &#8211; sowieckiemu. Nie zauwa\u017cy\u0142em, aby pan Wielomski czy jego koledzy z portalu konserwatyzm.pl r\u00f3wnie ostro jak ja atakowali antypolonizm niemiecki czy \u017cydowski. Tote\u017c stanowczo odrzucam zawarte w o\u015bwiadczeniu insynuacje jakobym atakowa\u0142 autor\u00f3w portalu. Atakowa\u0142em ich natomiast za to, \u017ce nie odci\u0119li si\u0119 od paszkwilant\u00f3w, wyst\u0119puj\u0105cych na ich witrynie. Czy\u017cby zadaniem portalu mieni\u0105cego si\u0119 konserwatywnym by\u0142o atakowanie ludzi walcz\u0105cych o polsko\u015b\u0107 i z antypolonizmem? A co jednocze\u015bnie oburzaj\u0105ce i \u017ca\u0142o\u015bnie \u015bmieszne, w portalu zarzucano mi, \u017ce popieram kandydatur\u0119 Lecha Kaczy\u0144skiego na prezydenta. A poniewa\u017c Kaczy\u0144ski przegra, to tym samym popieram kandydatur\u0119 Donalda Tuska. Nie wiadomo co bardziej podziwia\u0107 przewrotno\u015b\u0107 czy g\u0142upot\u0119 tego zarzutu. Tymczasem p. Wielomski zdaje si\u0119 nie wiedzie\u0107, \u017ce demaskowa\u0142em dw\u00f3r prezydencki, krytykuj\u0105c takie osoby, jak p. Junczyk-Ziomeck\u0105 czy Jakubiec w starannie opracowanych od strony faktograficznej artyku\u0142ach zamieszczanych w \u201eNaszym Dzienniku\u201d.<\/p>\r\n\r\n<p>Od dawna krytykuj\u0119 Lecha Kaczy\u0144skiego za wiele posuni\u0119\u0107 nie maj\u0105cych nic wsp\u00f3lnego z polskim interesem narodowym. W zesz\u0142ym roku Ruch Prze\u0142omu Narodowego stanowczo zaprotestowa\u0142 przeciwko wycofaniu si\u0119 prezydenta z patronatu nad obchodami 65 rocznicy ludob\u00f3jstwa dokonanego przez OUN-UPA na ludno\u015bci polskiej Kres\u00f3w Wschodnich. Protestowa\u0142em te\u017c przeciwko haniebnej decyzji nadania doktoratu honoris causa Wiktorowi Juszczence, kt\u00f3ry kreuje zbrodniarzy z UPA na bohater\u00f3w narodowych.<\/p>\r\n\r\n<p><em><strong>Tymczasem komplikuje si\u0119 sprawa ratyfikacji Traktatu Lizbo\u0144skiego. Irlandczycy wywalczyli sobie bardzo powa\u017cne odst\u0119pstwa od Traktatu przed ponownym referendum w tej sprawie. Wyrok Federalnego Trybuna\u0142u Konstytucyjnego w Karlsruhe uzale\u017cnia ratyfikacj\u0119 Traktatu do wzmocnienia roli parlamentu niemieckiego wobec w\u0142adz UE oraz zmiany ustaw oko\u0142otraktatowych. Co wi\u0119cej, Trybuna\u0142 stwierdzi\u0142, \u017ce Unia nie stanowi pa\u0144stwa europejskiego lecz struktur\u0119 suwerennych pa\u0144stwa. To bardzo wa\u017cne. Po spodziewanym zwyci\u0119stwie konserwatyst\u00f3w w Wielkiej Brytanii, prawdopodobnie odb\u0119dzie si\u0119 w tym kraju referendum, kt\u00f3rego wynik b\u0119dzie bardzo negatywny dla unio-entuzjast\u00f3w. Polski prezydent zachowuje si\u0119 biernie, czekaj\u0105c na wynik referendum w Irlandii, zamiast umacnia\u0107 pozycj\u0119 Polski w Unii. Rz\u0105d z Tuskiem na czele ci\u0105gle domaga si\u0119 od L. Kaczy\u0144skiego podpisania TL bez \u017cadnych zastrze\u017ce\u0144. Co, zdaniem Pana Profesora powinien zrobi\u0107 Prezydent?<\/strong><\/em><\/p>\r\n\r\n<p>&#8211; \u00a0Po prostu nie podpisa\u0107 Traktatu Lizbo\u0144skiego. Gwoli sprawiedliwo\u015bci dodajmy, \u017ce L. Kaczy\u0144ski nawet za t\u0119 bierno\u015b\u0107 jest atakowany przez polityk\u00f3w establishmentu i media lewicowo-liberalne. Ale w\u0142a\u015bnie jak najszersze kr\u0119gi patriotyczne powinny jednoznacznie naciska\u0107 na prezydenta z drugiej strony. Musimy m\u00f3wi\u0107 jednym mocnym g\u0142osem: prezydent nie powinien podpisa\u0107 tego dokumentu. W ka\u017cdym razie b\u0119dzie to dla niego papierek lakmusowy.<\/p>\r\n\r\n<p>Dzi\u0119kuj\u0119 za rozmow\u0119.<\/p>\r\n\r\n<p>Nr 31-32 (2-9.08.2009)<\/p>\r\n\r\n<p>[<em>Wywiad przeprowadzi\u0142 Zbigniew Lipi\u0144ski<\/em>]<\/p>","protected":false},"excerpt":{"rendered":"Panie Profesorze, mamy za sob\u0105 wybory do Parlamentu Europejskiego. Czy niska frekwencja, bo niespe\u0142na 25 proc. \u015bwiadczy o zdrowej czy chorej reakcji Polak\u00f3w? &#8211; Ja bym inaczej uj\u0105\u0142 t\u0119 kwesti\u0119 i m\u00f3wi\u0142 o chorej sytuacji w Polsce. Przecie\u017c Polacy do\u015bwiadczaj\u0105 bez przerwy oszustw kolejnych ekip rz\u0105dz\u0105cych. Bo przecie\u017c nie tylko postkomuni\u015bci oszukiwali, by wspomnie\u0107 cho\u0107by [&hellip;]","protected":false},"author":1,"featured_media":0,"comment_status":"closed","ping_status":"closed","sticky":false,"template":"","format":"standard","meta":{"_acf_changed":false,"_monsterinsights_skip_tracking":false,"_monsterinsights_sitenote_active":false,"_monsterinsights_sitenote_note":"","_monsterinsights_sitenote_category":0,"ngg_post_thumbnail":0,"footnotes":"","_wp_rev_ctl_limit":""},"categories":[9],"tags":[23,98,37],"acf":[],"_links":{"self":[{"href":"https:\/\/www.bibula.com\/index.php?rest_route=\/wp\/v2\/posts\/12419"}],"collection":[{"href":"https:\/\/www.bibula.com\/index.php?rest_route=\/wp\/v2\/posts"}],"about":[{"href":"https:\/\/www.bibula.com\/index.php?rest_route=\/wp\/v2\/types\/post"}],"author":[{"embeddable":true,"href":"https:\/\/www.bibula.com\/index.php?rest_route=\/wp\/v2\/users\/1"}],"replies":[{"embeddable":true,"href":"https:\/\/www.bibula.com\/index.php?rest_route=%2Fwp%2Fv2%2Fcomments&post=12419"}],"version-history":[{"count":0,"href":"https:\/\/www.bibula.com\/index.php?rest_route=\/wp\/v2\/posts\/12419\/revisions"}],"wp:attachment":[{"href":"https:\/\/www.bibula.com\/index.php?rest_route=%2Fwp%2Fv2%2Fmedia&parent=12419"}],"wp:term":[{"taxonomy":"category","embeddable":true,"href":"https:\/\/www.bibula.com\/index.php?rest_route=%2Fwp%2Fv2%2Fcategories&post=12419"},{"taxonomy":"post_tag","embeddable":true,"href":"https:\/\/www.bibula.com\/index.php?rest_route=%2Fwp%2Fv2%2Ftags&post=12419"}],"curies":[{"name":"wp","href":"https:\/\/api.w.org\/{rel}","templated":true}]}}