{"id":124146,"date":"2021-04-09T10:36:59","date_gmt":"2021-04-09T14:36:59","guid":{"rendered":"https:\/\/www.bibula.com\/?p=124146"},"modified":"2021-04-09T10:36:59","modified_gmt":"2021-04-09T14:36:59","slug":"szczepionkowa-pielgrzymka-premiera-morawieckiego-katarzyna-ts","status":"publish","type":"post","link":"https:\/\/www.bibula.com\/?p=124146","title":{"rendered":"Szczepionkowa pielgrzymka premiera Morawieckiego &#8211; <em>Katarzyna TS<\/em>"},"content":{"rendered":"<p>W czwartek (8.04.2021) premier Mateusz Morawiecki uda\u0142 si\u0119 do Skierniewic. To nie by\u0142a zwyk\u0142a wizyta gospodarska. To by\u0142a wizyta z najwy\u017cszej p\u00f3\u0142ki. Jej celem by\u0142 punkt szczepie\u0144 na hali sportowej, gdzie premier wyg\u0142osi\u0142 mow\u0119. Po nim mow\u0119 wyg\u0142osi\u0142 minister Micha\u0142 Dworczyk nadzoruj\u0105cy Narodowy Program Szczepie\u0144. Z owych m\u00f3w dowiedzieli\u015bmy si\u0119, \u017ce rz\u0105d zdecydowa\u0142 si\u0119 na przekazanie dodatkowych \u015brodk\u00f3w na stworzenie Punkt\u00f3w Szczepienia Powszechnego. <em>\u2013 Sale sportowe, o\u015brodki szkolne, remizy stra\u017cackie i wiele innych o\u015brodk\u00f3w, w ka\u017cdym powiecie, jak najbli\u017cej ka\u017cdego obywatela musi by\u0107 dost\u0119pno\u015b\u0107 szczepie\u0144 i zapewnimy to jako rz\u0105d<\/em> \u2013 zapewni\u0142 premier.<\/p>\r\n<p>Jechanie do Skierniewic po to, \u017ceby na hali sportowej, w kt\u00f3rej czekaj\u0105 ch\u0119tni na szczepienie, wyg\u0142osi\u0107 mow\u0119 i odpowiedzie\u0107 na kilka pyta\u0144 dziennikarzy, jest niczym innym, jak zwyczajnym graniem pod publiczk\u0119. Premier na tle kolejki do szczepienia zapewnia, upewnia, obiecuje i apeluje. Premier z ludem, lud z premierem. Czy Morawiecki b\u0119dzie teraz je\u017adzi\u0142 po Polsce i lansowa\u0142 si\u0119 w kolejnych punktach szczepie\u0144? Okazuje si\u0119, \u017ce tak<em>. \u2013 Przez najbli\u017csze tygodnie premier b\u0119dzie je\u017adzi\u0142 po ca\u0142ej Polsce i pilnowa\u0142 tego, jak wygl\u0105da praca punkt\u00f3w szczepie\u0144, \u017ceby wszystko przebieg\u0142o sprawnie<\/em> \u2013 m\u00f3wi cytowany przez \u201eWprost\u201d polityk z otoczenia Morawieckiego.<\/p>\r\n<p>Zastanawiam si\u0119, czego b\u0119dzie pilnowa\u0142 premier. Czy odst\u0119py w kolejce zachowane? Czy krzes\u0142a r\u00f3wno stoj\u0105? Czy ig\u0142y i strzykawki r\u00f3wno le\u017c\u0105? Czy dawki w\u0142a\u015bciwie odmierzone? Czy ankiety przed szczepieniem wype\u0142nione? Czy delikwenci odpowiednio zamaskowani? W jaki spos\u00f3b premier wizytuj\u0105cy punkty szczepie\u0144 usprawni ich prac\u0119? Oczywi\u015bcie w \u017caden. Jedyne, co z tych wizyt wyniknie to dezorganizacja pracy tych punkt\u00f3w. Przecie\u017c taka wizyta musi by\u0107 odpowiednio zabezpieczona i przeprowadzona. Nie jest tak, \u017ce premier wpada gdzie\u015b bez przygotowania, zagl\u0105da komu\u015b przez rami\u0119 i wychodzi. Po co wi\u0119c ta szczepionkowa pielgrzymka Morawieckiego? Oczywi\u015bcie po to, \u017ceby budowa\u0107 pozytywny przekaz propagandowy. Patrzcie, premier uwija si\u0119 jak mr\u00f3weczka, \u017ceby przypilnowa\u0107, czy wszystko gra, bo dobro Polak\u00f3w tak le\u017cy mu na sercu, \u017ce t\u0142ucze si\u0119 po ca\u0142ym kraju walcz\u0105c z pandemi\u0105. Kolejne konferencje prasowe w kolejnych punktach szczepie\u0144 b\u0119d\u0105 dowodem wielkiego sukcesu rz\u0105du w ratowaniu zdrowia i \u017cycia Polak\u00f3w.<\/p>\r\n<p>Jak w rzeczywisto\u015bci wygl\u0105da ten sukces? Jego miar\u0105 jest poni\u017csza grafika pokazuj\u0105ca \u015bredni\u0105 miesi\u0119cznych wzrost\u00f3w \u015bmiertelno\u015bci w okresie marzec 2020 \u2013 stycze\u0144 2021, wyra\u017con\u0105 w procentach wzgl\u0119dem danych z lat 2016-2019.<\/p>\r\n<p><a href=\"https:\/\/wprawo.pl\/wp-content\/uploads\/2021\/04\/nadmiarowe-zgony-marezc-2020-stycze%C5%84-2021.png\"><img fetchpriority=\"high\" decoding=\"async\" class=\"aligncenter wp-image-46616     b-loaded\" src=\"https:\/\/wprawo.pl\/wp-content\/uploads\/2021\/04\/nadmiarowe-zgony-marezc-2020-stycze\u0144-2021.png\" sizes=\"(max-width: 823px) 100vw, 823px\" srcset=\"https:\/\/wprawo.pl\/wp-content\/uploads\/2021\/04\/nadmiarowe-zgony-marezc-2020-stycze\u0144-2021.png 823w, https:\/\/wprawo.pl\/wp-content\/uploads\/2021\/04\/nadmiarowe-zgony-marezc-2020-stycze\u0144-2021-300x291.png 300w, https:\/\/wprawo.pl\/wp-content\/uploads\/2021\/04\/nadmiarowe-zgony-marezc-2020-stycze\u0144-2021-768x744.png 768w\" alt=\"\" width=\"599\" height=\"580\"><\/a><\/p>\r\n<p>Czy wirus jest bardziej zab\u00f3jczy w Polsce ni\u017c w innych krajach? Oczywi\u015bcie, \u017ce nie jest. Przyczyna jest inna. Jaka? W k\u00f3\u0142ko s\u0142yszymy, \u017ce ta hekatomba to wina os\u00f3b, kt\u00f3re lekcewa\u017c\u0105 obostrzenia. Tury\u015bci na Krup\u00f3wkach s\u0105 winni, uczestnicy tajnych imprez w klubach s\u0105 winni, uczestnicy mszy s\u0105 winni i ci, kt\u00f3rzy spotkali si\u0119 z rodzin\u0105 na \u015bwi\u0119ta, te\u017c s\u0105 winni. Najlepiej by\u0142oby tych wszystkich winnych wsadzi\u0107 za kraty, co 27 marca postulowa\u0142 dziennikarz TVP Krzysztof Fausette. <em>\u2013 Ludzie, kt\u00f3rzy nadal lekcewa\u017c\u0105 pandemi\u0119, politycy, ksi\u0119\u017ca, \u201ebiznesmeni\u201d \u2013 powinni siedzie\u0107 w aresztach. Albo chwycimy covid za mord\u0119, albo on chwyci nas. Zero tolerancji dla covidiot\u00f3w. Ostatni dzwonek<\/em> \u2013 napisa\u0142 Fausette na Twitterze.<\/p>\r\n<p>Wszystkich tych, kt\u00f3rzy wierz\u0105, \u017ce \u201echwycimy covid za mord\u0119\u201d trwaj\u0105c w lockdownie, informuj\u0119, i\u017c jest tylko jedna metoda, aby zatrzyma\u0107 dziej\u0105c\u0105 si\u0119 na naszych oczach hekatomb\u0119. TRZEBA PRZYWR\u00d3CI\u0106 NORMALNE FUNKCJONOWANIE S\u0141U\u017bBY ZDROWIA I ZACZ\u0104\u0106 LECZY\u0106! Innej drogi nie ma. Je\u017celi podstawowym sposobem \u201eleczenia\u201d jest teleporada i izolacja chorego od lekarza, to nie ma co si\u0119 dziwi\u0107, \u017ce w kategorii zgon\u00f3w jeste\u015bmy rekordzist\u0105.<\/p>\r\n<p>Po ka\u017cdym apelu o przywr\u00f3cenie normalnego leczenia natychmiast pojawia si\u0119 argument, \u017ce przecie\u017c nie mo\u017cna tego zrobi\u0107, bo jest wirus. Tak, jest wirus. Ale nie jest to pierwszy wirus, kt\u00f3ry atakuje ludzi. Jeszcze niedawno by\u0142o tak: kaszel + gor\u0105czka = wizyta u lekarza i badanie chorego. Teraz jest tak: kaszel + gor\u0105czka = test PCR i izolacja bez kontaktu z lekarzem. Pierwsze badanie odbywa si\u0119 dopiero wtedy, gdy pacjent trafia do szpitala, nierzadko ju\u017c w stanie krytycznym z rozwini\u0119tym zapaleniem p\u0142uc, kt\u00f3re nie by\u0142o w og\u00f3le leczone, poniewa\u017c nie zosta\u0142o rozpoznane. A dlaczego nie zosta\u0142o rozpoznane? Poniewa\u017c chory z pozytywnym wynikiem testu PCR jest pozbawiono kontaktu z lekarzem.<\/p>\r\n<div class=\"code-block code-block-4\">\r\n<p>Jak jest w innych krajach? Oto twitterowy wpis doktora Basiukiewicza dotycz\u0105cy sytuacji w Niemczech: <em>\u2013 M\u00f3j kolega kardiolog Krzysztof Pujdak z DE zwraca uwag\u0119, \u017ce tam NORMALNIE bada si\u0119 chorych. Nie ma lockdownu s\u0142u\u017cby zdrowia. Ja mam codziennie kilka telefon\u00f3w z pro\u015bb\u0105 o wizyt\u0119 w domu, bo chorych si\u0119 nie bada i nie ogl\u0105da. Siedz\u0105 na izolacji i czytaj\u0105 budz\u0105ce l\u0119ki t\u0142ity.<\/em><\/p>\r\n<p>A teraz pytanie za 100 punkt\u00f3w: dlaczego doktor W\u0142odzimierz Bodnar ma tak spektakularne wyniki w leczeniu pacjent\u00f3w z kowidem? Poniewa\u017c normalnie przyjmuje chorych. Poniewa\u017c ich bada i dlatego mo\u017ce szybko wdro\u017cy\u0107 konieczne leczenie. To leczenie nie ogranicza si\u0119 do podania amantadyny. To jest leczenie z wykorzystaniem amantadyny jako \u015brodka do zwalczania wirusa, ale powik\u0142ania wymagaj\u0105 antybiotykoterapii, kt\u00f3ra powinna zosta\u0107 wdro\u017cona jak najszybciej. Co wi\u0119cej, Bodnar wskazuje, \u017ce leczenie antybiotykami doustnymi to za ma\u0142o.<\/p>\r\n<p><em>\u2013 Jako pulmonolog, gdy mam wyra\u017ane zmiany os\u0142uchowe zapalenia p\u0142uc \u2013 nie odwa\u017c\u0119 si\u0119 leczy\u0107 doustnymi antybiotykami, nawet dwoma \u201ebo mo\u017ce si\u0119 uda\u201d. Nawet przy jednoczesnym podawaniu amantadyny to nie gwarantuje sukcesu. Owszem, amantadyna zawsze hamuje wirusa, ale nie zawsze leczenie zapalenia p\u0142uc doustnymi antybiotykami b\u0119dzie skuteczne. Przestrzegam, w tej chorobie nie ma na to czasu! Leczymy dwoma antybiotykami domi\u0119\u015bniowo lub do\u017cylnie poniewa\u017c flora bakteryjna po 40 roku \u017cycia jest mieszana i podanie jednego antybiotyku w niskich dawkach jest ma\u0142o skuteczne<\/em> \u2013 pisze Bodnar na swojej stronie. Jednocze\u015bnie apeluje o bezwzgl\u0119dn\u0105 diagnostyk\u0119 p\u0142uc w 3-4 dobie, przy braku spektakularnego efektu w leczeniu amantadyn\u0105.<\/p>\r\n<p>Apele o normaln\u0105 diagnostyk\u0119 i leczenie to dzi\u015b w Polsce wo\u0142anie na puszczy. Zamiast kontaktu z lekarzem Polacy otrzymuj\u0105 szczepionkow\u0105 pielgrzymk\u0119 premiera, kt\u00f3ry b\u0119dzie wizytowa\u0142 punkty szczepie\u0144 i sprawdza\u0142, czy kotlecik \u0142adnie pachnie. Tymczasem d\u0142ug zdrowotny ro\u015bnie, liczba zgon\u00f3w ro\u015bnie, a Morawiecki z Niedzielskim wciskaj\u0105 Polakom kit, \u017ce lockdown i DDM to skuteczna metoda walki z pandemi\u0105, a je\u015bli jest \u017ale, to jest to wina Polak\u00f3w, kt\u00f3rzy s\u0105 nieodpowiedzialni. Tymczasem za wschodni\u0105 granic\u0105 Polski, na Bia\u0142orusi, gdzie nie ma lockdownu, sytuacja wygl\u0105da zupe\u0142nie inaczej. Mo\u017ce zamiast do punkt\u00f3w szczepie\u0144 premier Morawiecki powinien uda\u0107 si\u0119 z wizyt\u0105 do Mi\u0144ska i zapyta\u0107 prezydenta \u0141ukaszenk\u0119: <em>Jak to robicie, \u017ce u Was kowid nie jest masowym morderc\u0105? Jak to mo\u017cliwe, \u017ce u Was \u015brednia zgon\u00f3w kowidowych z ostatnich 7 dni to 10, a u nas 428? Jak to si\u0119 dzieje, \u017ce u Was nie ma lockdownu i macie najni\u017csz\u0105 \u015bmiertelno\u015b\u0107 od 29 lat, a u nas jest lockdown i mamy najwi\u0119ksz\u0105 liczb\u0119 zgon\u00f3w od II wojny \u015bwiatowej?<\/em><\/p>\r\n<p><a href=\"https:\/\/wprawo.pl\/wp-content\/uploads\/2021\/04\/zgony-na-Bia%C5%82orusi-1024x479.png\"><img decoding=\"async\" class=\"aligncenter wp-image-46617     b-loaded\" src=\"https:\/\/wprawo.pl\/wp-content\/uploads\/2021\/04\/zgony-na-Bia\u0142orusi-1024x479.png\" sizes=\"(max-width: 1024px) 100vw, 1024px\" srcset=\"https:\/\/wprawo.pl\/wp-content\/uploads\/2021\/04\/zgony-na-Bia\u0142orusi-1024x479.png 1024w, https:\/\/wprawo.pl\/wp-content\/uploads\/2021\/04\/zgony-na-Bia\u0142orusi-300x140.png 300w, https:\/\/wprawo.pl\/wp-content\/uploads\/2021\/04\/zgony-na-Bia\u0142orusi-768x360.png 768w, https:\/\/wprawo.pl\/wp-content\/uploads\/2021\/04\/zgony-na-Bia\u0142orusi.png 1192w\" alt=\"\" width=\"599\" height=\"280\"><\/a><\/p>\r\n<p>Oczywi\u015bcie premier&nbsp; Morawiecki nie wybierze si\u0119 z wizyt\u0105 do Mi\u0144ska i nie zada takiego pytania. Premier Morawiecki b\u0119dzie wyg\u0142asza\u0142 kolejne mowy w kolejnych punktach szczepie\u0144, w kt\u00f3rych opowie nam, \u017ce szczepionka to \u015bwiate\u0142ko w tunelu i zaapeluje, \u017ceby\u015bmy wytrzymali jeszcze dwa tygodnie, i kolejne dwa tygodnie, a potem nast\u0119pne dwa tygodnie. A pozbawieni opieki medycznej Polacy b\u0119d\u0105 umiera\u0107. Winni b\u0119d\u0105 tury\u015bci na Krup\u00f3wkach.<\/p>\r\n<p><strong><em>Katarzyna Treter-Sierpi\u0144ska<\/em><\/strong><\/p>\r\n<\/div>","protected":false},"excerpt":{"rendered":"W czwartek (8.04.2021) premier Mateusz Morawiecki uda\u0142 si\u0119 do Skierniewic. To nie by\u0142a zwyk\u0142a wizyta gospodarska. To by\u0142a wizyta z najwy\u017cszej p\u00f3\u0142ki. Jej celem by\u0142 punkt szczepie\u0144 na hali sportowej, gdzie premier wyg\u0142osi\u0142 mow\u0119. Po nim mow\u0119 wyg\u0142osi\u0142 minister Micha\u0142 Dworczyk nadzoruj\u0105cy Narodowy Program Szczepie\u0144. Z owych m\u00f3w dowiedzieli\u015bmy si\u0119, \u017ce rz\u0105d zdecydowa\u0142 si\u0119 na [&hellip;]","protected":false},"author":1,"featured_media":0,"comment_status":"closed","ping_status":"closed","sticky":false,"template":"","format":"standard","meta":{"_acf_changed":false,"_monsterinsights_skip_tracking":false,"_monsterinsights_sitenote_active":false,"_monsterinsights_sitenote_note":"","_monsterinsights_sitenote_category":0,"ngg_post_thumbnail":0,"footnotes":"","_wp_rev_ctl_limit":""},"categories":[451],"tags":[433,98,20,452],"acf":[],"_links":{"self":[{"href":"https:\/\/www.bibula.com\/index.php?rest_route=\/wp\/v2\/posts\/124146"}],"collection":[{"href":"https:\/\/www.bibula.com\/index.php?rest_route=\/wp\/v2\/posts"}],"about":[{"href":"https:\/\/www.bibula.com\/index.php?rest_route=\/wp\/v2\/types\/post"}],"author":[{"embeddable":true,"href":"https:\/\/www.bibula.com\/index.php?rest_route=\/wp\/v2\/users\/1"}],"replies":[{"embeddable":true,"href":"https:\/\/www.bibula.com\/index.php?rest_route=%2Fwp%2Fv2%2Fcomments&post=124146"}],"version-history":[{"count":1,"href":"https:\/\/www.bibula.com\/index.php?rest_route=\/wp\/v2\/posts\/124146\/revisions"}],"predecessor-version":[{"id":124147,"href":"https:\/\/www.bibula.com\/index.php?rest_route=\/wp\/v2\/posts\/124146\/revisions\/124147"}],"wp:attachment":[{"href":"https:\/\/www.bibula.com\/index.php?rest_route=%2Fwp%2Fv2%2Fmedia&parent=124146"}],"wp:term":[{"taxonomy":"category","embeddable":true,"href":"https:\/\/www.bibula.com\/index.php?rest_route=%2Fwp%2Fv2%2Fcategories&post=124146"},{"taxonomy":"post_tag","embeddable":true,"href":"https:\/\/www.bibula.com\/index.php?rest_route=%2Fwp%2Fv2%2Ftags&post=124146"}],"curies":[{"name":"wp","href":"https:\/\/api.w.org\/{rel}","templated":true}]}}