{"id":124143,"date":"2021-04-09T10:24:52","date_gmt":"2021-04-09T14:24:52","guid":{"rendered":"https:\/\/www.bibula.com\/?p=124143"},"modified":"2021-04-09T10:24:52","modified_gmt":"2021-04-09T14:24:52","slug":"kolejny-lewacki-belkot-franciszek-bergoglio-w-liscie-do-globalistycznego-szczytu-finansowego-wzywa-do-globalnego-zarzadzania-i-powszechnych-szczepien","status":"publish","type":"post","link":"https:\/\/www.bibula.com\/?p=124143","title":{"rendered":"Kolejny lewacki be\u0142kot: Franciszek-Bergoglio w li\u015bcie do globalistycznego szczytu finansowego wzywa do \u201eglobalnego zarz\u0105dzania\u201d i \u201epowszechnych szczepie\u0144\u201d"},"content":{"rendered":"<h4>Papie\u017c Franciszek&nbsp;w li\u015bcie do globalistycznego szczytu finansowego wzywa do \u201eglobalnego zarz\u0105dzania\u201d i \u201epowszechnych szczepie\u0144\u201d&nbsp;<\/h4>\r\n<p>WATYKAN, 8 kwietnia 2021 r. (LifeSiteNews) &#8211; Papie\u017c Franciszek zwr\u00f3ci\u0142 si\u0119 do Banku \u015awiatowego i Mi\u0119dzynarodowego Funduszu Walutowego na ich wiosennym spotkaniu, wzywaj\u0105c do \u201eglobalnego zarz\u0105dzania\u201d w \u015bwietle COVID-19, zdecydowanie opowiadaj\u0105c si\u0119 za powszechnymi szczepieniami, jednocze\u015bnie lamentuj\u0105c nad \u201e d\u0142ugiem ekologicznym \u201d, kt\u00f3ry jeste\u015bmy winni \u201esamej naturze\u201d.<\/p>\r\n<p>Jest to ostatnia wypowied\u017a z ca\u0142ego szeregu, w kt\u00f3rych Franciszek sprzymierzy\u0142 si\u0119 z globalnymi korporacjami zaanga\u017cowanymi w antykatolickie programy.<\/p>\r\n<p>List zosta\u0142 dostarczony za po\u015brednictwem Petera kardyna\u0142a Turksona, prefekta Dykasterii Stolicy Apostolskiej ds.Integralnego Rozwoju Ludzkiego, na wiosenne spotkanie Banku \u015awiatowego i Mi\u0119dzynarodowego Funduszu Walutowego (MFW), kt\u00f3re odbywa si\u0119 obecnie w Internecie w dniach 5-11 kwietnia 2021 r.<\/p>\r\n<p>List z 4 kwietnia wspomnia\u0142 o Bogu tylko raz, w ostatniej linijce. Zamiast tego Franciszek skupi\u0142 si\u0119 na wezwaniu do stworzenia systemu globalnego rz\u0105du, kt\u00f3ry wprowadzi\u0142by nowy porz\u0105dek spo\u0142eczny na \u015bwiecie, oparty na polityce zmian klimatycznych i powszechnych szczepieniach.<\/p>\r\n<h4>\u201eGlobalne zarz\u0105dzanie\u201d<\/h4>\r\n<p>Odnosz\u0105c si\u0119 do \u201epandemii Covid-19\u201d, Francis stwierdzi\u0142, \u017ce \u015bwiat zosta\u0142 zmuszony do \u201ezmierzenia si\u0119 z seri\u0105 powa\u017cnych i powi\u0105zanych ze sob\u0105 kryzys\u00f3w spo\u0142eczno-ekonomicznych, ekologicznych i politycznych\u201d.<\/p>\r\n<p>Przypomnia\u0142 Bankowi \u015awiatowemu i MFW te kryzysy w nadziei, \u017ce ich spotkania dadz\u0105 podstaw\u0119 do uporz\u0105dkowania spraw \u015bwiatowych: \u201eMam nadziej\u0119, \u017ce wasze dyskusje przyczyni\u0105 si\u0119 do powstania modelu \u201dzdolnego do tworzenia nowych, bardziej zintegrowanych i zr\u00f3wnowa\u017conych rozwi\u0105za\u0144 wspieraj\u0105cych realn\u0105 gospodark\u0119, wspomagaj\u0105cych jednostki i spo\u0142ecze\u0144stwa w osi\u0105gni\u0119ciu ich najg\u0142\u0119bszych aspiracji i powszechnego dobra wsp\u00f3lnego\u201d.<\/p>\r\n<p>Franciszek po raz kolejny powt\u00f3rzy\u0142; &#8222;COVID udowodni\u0142, \u017ce nikt nie jest zbawiony w samotno\u015bci\u201d, a zatem nale\u017cy opracowa\u0107 \u201enowe i tw\u00f3rcze formy uczestnictwa spo\u0142ecznego, politycznego i gospodarczego\u201d.<\/p>\r\n<p>Cytuj\u0105c swoj\u0105 ostatni\u0105 encyklik\u0119 Fratelli Tutti, kt\u00f3r\u0105 arcybiskup Carlo Maria Vigan\u00f2 okre\u015bli\u0142 jako \u201eblu\u017aniercz\u0105\u201d, Franciszek wspomnia\u0142 o \u201ezaufaniu\u201d jako o \u201ekamieniu w\u0119gielnym wszelkich relacji\u201d, o czym, jak s\u0105dzi, Bank \u015awiatowy i MFW \u201edobrze wiedz\u0105\u201d, poniewa\u017c s\u0105 \u201eekspertami w dziedzinie finans\u00f3w i ekonomii\u201d.<\/p>\r\n<p>Nalega\u0142, aby dwaj giganci finansowi wspierali takie relacje i anga\u017cowali si\u0119 w \u201ebudowanie most\u00f3w i opracowywanie d\u0142ugoterminowych projekt\u00f3w sprzyjaj\u0105cych w\u0142\u0105czeniu spo\u0142ecznemu\u201d.<\/p>\r\n<p>Franciszek ponowi\u0142 r\u00f3wnie\u017c swoje cz\u0119ste wezwanie do zmiany paradygmatu w polityce \u015bwiatowej, m\u00f3wi\u0105c: \u201epozostaje pilna potrzeba stworzenie globalnego planu, kt\u00f3ry mo\u017ce zbudowa\u0107 nowe lub odnowi\u0107 istniej\u0105ce instytucje, szczeg\u00f3lnie te zajmuj\u0105ce si\u0119 globalnym zarz\u0105dzaniem, i pom\u00f3c w budowie nowej sieci stosunk\u00f3w mi\u0119dzynarodowych na rzecz integralnego rozwoju wszystkich narod\u00f3w \u201d.<\/p>\r\n<p>G\u0142\u00f3wnym efektem po\u017c\u0105danego rz\u0105du \u015bwiatowego by\u0142aby redukcja zad\u0142u\u017cenia w celu umo\u017cliwienia \u0142atwego dost\u0119pu przede wszystkim do \u201eszczepionek\u201d, a nast\u0119pnie \u201ezdrowia, edukacji i miejsc pracy\u201d.<\/p>\r\n<h4>\u201eD\u0142ug ekologiczny\u201d wobec \u201esamej natury\u201d<\/h4>\r\n<p>Papie\u017c Franciszek i tym razem nie przegapi\u0142 okazji, aby poinstruowa\u0107 MFW i Bank \u015awiatowy o jednym z jego sta\u0142ych obszar\u00f3w zainteresowania, a mianowicie \u201ezmianach klimatycznych\u201d. Ostrzeg\u0142 przed przeoczeniem \u201ed\u0142ugu ekologicznego\u201d, zjawiska, kt\u00f3re opisa\u0142 jako wp\u0142ywaj\u0105cego na ca\u0142y \u015bwiat i przeciwstawiaj\u0105cego \u201eglobaln\u0105 p\u00f3\u0142noc\u201d \u201epo\u0142udniu\u201d.<\/p>\r\n<p>&#8222;Jeste\u015bmy zad\u0142u\u017ceni wobec samej przyrody, a tak\u017ce ludzi i kraj\u00f3w dotkni\u0119tych degradacj\u0105 ekologiczn\u0105 i utrat\u0105 r\u00f3\u017cnorodno\u015bci biologicznej spowodowanych przez cz\u0142owieka\u201d &#8211; napisa\u0142 Franciszek.<\/p>\r\n<p>\u201eW tym wzgl\u0119dzie wierz\u0119, \u017ce bran\u017ca finansowa, wyr\u00f3\u017cniaj\u0105ca si\u0119 du\u017c\u0105 kreatywno\u015bci\u0105, oka\u017ce si\u0119 zdolna do wypracowania skutecznych mechanizm\u00f3w wyliczania tego d\u0142ugu ekologicznego, tak aby kraje rozwini\u0119te mog\u0142y go sp\u0142aca\u0107, nie tylko poprzez znaczne ograniczenie konsumpcji energii pochodz\u0105cej ze \u017ar\u00f3de\u0142 kopalnych lub pomoc biedniejszym krajom we wdra\u017caniu polityk i program\u00f3w zr\u00f3wnowa\u017conego rozwoju, ale tak\u017ce poprzez pokrycie koszt\u00f3w koniecznych innowacji\u201d.<\/p>\r\n<p>Wydaje si\u0119, \u017ce te s\u0142owa odzwierciedlaj\u0105 nastroje wyra\u017cone przez kluczowego globalist\u0119 i za\u0142o\u017cyciela \u015awiatowego Forum Ekonomicznego, Klausa Schwaba, kt\u00f3rego proponowany antykatolicki \u201eWielki Reset\u201d opiera si\u0119 na programie ekologicznych finans\u00f3w, gdy\u017c wspomina on o \u201ewycofaniu dotacji do paliw kopalnych \u201doraz o nowym systemie finansowym opartym na \u201einwestycjach, kt\u00f3re wspieraj\u0105 r\u00f3wno\u015b\u0107 i zr\u00f3wnowa\u017cony rozw\u00f3j\u201d, oraz budow\u0119 \u201ezielonej \u201dinfrastruktury miejskiej\u201d.<\/p>\r\n<p>Schwab, MFW i dziesi\u0105tki najbardziej wp\u0142ywowych bank\u00f3w na \u015bwiecie (w tym Bank \u015awiatowy) w rzeczywisto\u015bci zobowi\u0105za\u0142y si\u0119 ju\u017c do wprowadzenia zielonego programu Wielkiego Resetu i wygl\u0105da na to \u017ce s\u0105 gotowe, aby przestrzeganie takiej zielonej polityki sta\u0142o si\u0119 w przysz\u0142o\u015bci kryterium dost\u0119pu do finansowania.<\/p>\r\n<p>Franciszek wielokrotnie zasygnalizowa\u0142 swoj\u0105 za\u017cy\u0142o\u015b\u0107 ze Schwabem, wysy\u0142aj\u0105c przem\u00f3wienie do \u015awiatowego Forum Ekonomicznego ju\u017c cztery razy podczas jego o\u015bmioletniego pontyfikatu i zezwalaj\u0105c na doroczne obrady okr\u0105g\u0142ego sto\u0142u w Davos z udzia\u0142em przedstawicieli Watykanu.<\/p>\r\n<h4>Spo\u0142ecze\u0144stwo \u015bwieckie wskaza\u0142o na nowe \u201ewsp\u00f3lne dobro \u201d<\/h4>\r\n<p>Franciszek odwo\u0142ywa\u0142 si\u0119 tak\u017ce kilakrotnie w swoim li\u015bcie do \u201ewsp\u00f3lnego dobra\u201d, kt\u00f3re \u015bci\u015ble powi\u0105za\u0142 z finansami i formu\u0142\u0105 \u015bwieckiego braterstwa, tak\u0105 jak ta opisana w Fratelli Tutti.<\/p>\r\n<p>\u201eWynika z tego, \u017ce \u015brodki publiczne nigdy nie mog\u0105 zosta\u0107 oddzielone od dobra publicznego, a rynki finansowe powinny by\u0107 wspierane przez prawa i regulacje maj\u0105ce na celu zapewnienie, \u017ce naprawd\u0119 dzia\u0142aj\u0105 one na rzecz wsp\u00f3lnego dobra. Zaanga\u017cowanie w solidarno\u015b\u0107 gospodarcz\u0105, finansow\u0105 i spo\u0142eczn\u0105 oznacza zatem znacznie wi\u0119cej ni\u017c tylko anga\u017cowanie si\u0119 w sporadyczne akty hojno\u015bci\u201d.<\/p>\r\n<p>Cele te, wed\u0142ug Franciszka, obejmuj\u0105 \u201esprawiedliwie finansowan\u0105 solidarno\u015b\u0107 szczepionkow\u0105\u201d, kt\u00f3ra, jak powiedzia\u0142, jest cz\u0119\u015bci\u0105 \u201eprawa mi\u0142o\u015bci i zdrowia wszystkich ludzi&#8221;.<\/p>\r\n<p>\u201eW tym miejscu powtarzam moje wezwanie do przyw\u00f3dc\u00f3w rz\u0105d\u00f3w, firm i organizacji mi\u0119dzynarodowych, aby wsp\u00f3\u0142pracowa\u0142y w zakresie dostarczania szczepionek wszystkim, zw\u0142aszcza najbardziej nara\u017conym i potrzebuj\u0105cym\u201d.<\/p>\r\n<p>Ko\u0144cz\u0105c sw\u00f3j list, Franciszek powt\u00f3rzy\u0142 swoje \u017cyczenie, aby \u015bwiat skupia\u0142 si\u0119 na nowym stylu braterstwa, opartym na polityce ekologicznej, wzywaj\u0105c Bank \u015awiatowy i MFW do opracowania rozwi\u0105za\u0144 dla \u201ebardziej kompleksowej i zr\u00f3wnowa\u017conej przysz\u0142o\u015bci\u201d.<\/p>\r\n<p>By\u0142aby to przysz\u0142o\u015b\u0107, \u201ew kt\u00f3rej finanse s\u0142u\u017c\u0105 dobru wsp\u00f3lnemu, w kt\u00f3rej najs\u0142absi i zmarginalizowani s\u0105 w centrum, a ziemia, nasz wsp\u00f3lny dom, jest dobrze zadbana\u201d.<\/p>\r\n<p><strong>W li\u015bcie nie pojawi\u0142y si\u0119 wzmianki ani o Chrystusie, o Ko\u015bciele katolickim ani o nauce katolickiej o wsp\u00f3lnym dobru.<\/strong><\/p>\r\n<h4>Podporz\u0105dkowanie programom globalist\u00f3w<\/h4>\r\n<p>List Papie\u017ca Franciszka nie jest wielkim zaskoczeniem, poniewa\u017c 84-letni Argenty\u0144czyk od dawna znacz\u0105co zacie\u015bnia\u0142 swoje wi\u0119zi z grupami i organizacjami globalistycznymi, takimi jak Organizacja Narod\u00f3w Zjednoczonych (ONZ) i \u015awiatowe Forum Ekonomiczne.<\/p>\r\n<p>Franciszek wezwa\u0142 ostatnio do \u201enowego porz\u0105dku \u015bwiata\u201d, m\u00f3wi\u0105c, \u017ce \u201edramat zmarnowania\u201d \u201ekryzysu\u201d COVID-19 by\u0142by gorszy ni\u017c zam\u0119t spowodowany na ca\u0142ym \u015bwiecie regulacjami anty-covidowymi.<\/p>\r\n<p>R\u00f3wnie\u017c przy tej okazji zaj\u0105\u0142 si\u0119 tematem zbawienia, po raz kolejny traktuj\u0105c je z czysto ziemskim podej\u015bciem i \u0142\u0105cz\u0105c zbawienie z nowym porz\u0105dkiem \u015bwiata i polityk\u0105 ekologiczn\u0105: \u201eDroga do zbawienia ludzko\u015bci wiedzie przez stworzenie nowego modelu rozwoju, kt\u00f3ry bezsprzecznie skoncentruje si\u0119 na wsp\u00f3\u0142istnieniu narod\u00f3w w harmonii ze Stworzeniem\u201d.<\/p>\r\n<p>W tym celu papie\u017c Franciszek wraz z ONZ i korporacjami globalistycznymi zaproponowa\u0142 w\u0142asn\u0105 inicjatyw\u0119 promocji nowego \u201e systemu ekonomicznego\u201d kapitalizmu i osi\u0105gni\u0119cia cel\u00f3w zr\u00f3wnowa\u017conego rozwoju ONZ (SDGs). Opr\u00f3cz innych propozycji, partnerstwo to promuje; \u201ezr\u00f3wnowa\u017cony styl \u017cycia\u201d, \u201er\u00f3wno\u015b\u0107 p\u0142ci\u201d i \u201eglobalne obywatelstwo\u201d, podczas gdy same cele zr\u00f3wnowa\u017conego rozwoju promuj\u0105 \u201eus\u0142ugi w zakresie zdrowia seksualnego i reprodukcyjnego\u201d.<\/p>\r\n<p><em>T\u0142um. S\u0142awomir Soja<\/em><\/p>\r\n<p class=\"zrodlo\">\u0179r\u00f3d\u0142o: <a href=\"https:\/\/www.lifesitenews.com\/news\/pope-francis-calls-for-global-governance-and-universal-vaccines-in-letter-to-globalist-financial-summit\">Lifesitenews (<span class=\"art-date\">Apr 8, 2021<\/span>) &#8211; &#8222;Pope Francis calls for \u2018global governance\u2019 and \u2018universal vaccines\u2019 in letter to globalist financial summit&#8221;<\/a><\/p>","protected":false},"excerpt":{"rendered":"Papie\u017c Franciszek&nbsp;w li\u015bcie do globalistycznego szczytu finansowego wzywa do \u201eglobalnego zarz\u0105dzania\u201d i \u201epowszechnych szczepie\u0144\u201d&nbsp; WATYKAN, 8 kwietnia 2021 r. (LifeSiteNews) &#8211; Papie\u017c Franciszek zwr\u00f3ci\u0142 si\u0119 do Banku \u015awiatowego i Mi\u0119dzynarodowego Funduszu Walutowego na ich wiosennym spotkaniu, wzywaj\u0105c do \u201eglobalnego zarz\u0105dzania\u201d w \u015bwietle COVID-19, zdecydowanie opowiadaj\u0105c si\u0119 za powszechnymi szczepieniami, jednocze\u015bnie lamentuj\u0105c nad \u201e d\u0142ugiem ekologicznym [&hellip;]","protected":false},"author":1,"featured_media":0,"comment_status":"closed","ping_status":"closed","sticky":false,"template":"","format":"standard","meta":{"_acf_changed":false,"_monsterinsights_skip_tracking":false,"_monsterinsights_sitenote_active":false,"_monsterinsights_sitenote_note":"","_monsterinsights_sitenote_category":0,"ngg_post_thumbnail":0,"footnotes":"","_wp_rev_ctl_limit":""},"categories":[3],"tags":[433,414,301,131,106,351,20,452,33],"acf":[],"_links":{"self":[{"href":"https:\/\/www.bibula.com\/index.php?rest_route=\/wp\/v2\/posts\/124143"}],"collection":[{"href":"https:\/\/www.bibula.com\/index.php?rest_route=\/wp\/v2\/posts"}],"about":[{"href":"https:\/\/www.bibula.com\/index.php?rest_route=\/wp\/v2\/types\/post"}],"author":[{"embeddable":true,"href":"https:\/\/www.bibula.com\/index.php?rest_route=\/wp\/v2\/users\/1"}],"replies":[{"embeddable":true,"href":"https:\/\/www.bibula.com\/index.php?rest_route=%2Fwp%2Fv2%2Fcomments&post=124143"}],"version-history":[{"count":1,"href":"https:\/\/www.bibula.com\/index.php?rest_route=\/wp\/v2\/posts\/124143\/revisions"}],"predecessor-version":[{"id":124144,"href":"https:\/\/www.bibula.com\/index.php?rest_route=\/wp\/v2\/posts\/124143\/revisions\/124144"}],"wp:attachment":[{"href":"https:\/\/www.bibula.com\/index.php?rest_route=%2Fwp%2Fv2%2Fmedia&parent=124143"}],"wp:term":[{"taxonomy":"category","embeddable":true,"href":"https:\/\/www.bibula.com\/index.php?rest_route=%2Fwp%2Fv2%2Fcategories&post=124143"},{"taxonomy":"post_tag","embeddable":true,"href":"https:\/\/www.bibula.com\/index.php?rest_route=%2Fwp%2Fv2%2Ftags&post=124143"}],"curies":[{"name":"wp","href":"https:\/\/api.w.org\/{rel}","templated":true}]}}