{"id":124116,"date":"2021-04-07T15:07:14","date_gmt":"2021-04-07T19:07:14","guid":{"rendered":"https:\/\/www.bibula.com\/?p=124116"},"modified":"2021-04-07T15:08:21","modified_gmt":"2021-04-07T19:08:21","slug":"jest-oczywistym-ze-to-co-sie-teraz-dzieje-bylo-planowane-od-dziesiecioleci-zarowno-w-sferze-swieckiej-jak-i-religijnej-wywiad-z-abp-vigano","status":"publish","type":"post","link":"https:\/\/www.bibula.com\/?p=124116","title":{"rendered":"&#8222;Jest oczywistym, \u017ce to, co si\u0119 teraz dzieje, by\u0142o planowane od dziesi\u0119cioleci, zar\u00f3wno w sferze \u015bwieckiej, jak i religijnej&#8221; &#8211; <em>wywiad z abp. Vigan\u00f3<\/em>"},"content":{"rendered":"<p><strong><em>Wywiad Abp. Vigan\u00f3 przeprowadzony przez Aldo Maria Valli<\/em><\/strong><\/p>\r\n<p><strong>Aldo Maria Valli (AMV)<\/strong>: <em>Ekscelencja za pomoc\u0105 r\u00f3\u017cnych, dost\u0119pnych mu \u015brodk\u00f3w przekazu, stara si\u0119 krytykowa\u0107 szerz\u0105c\u0105 si\u0119 w Ko\u015bciele apostazj\u0119 oraz tyrani\u0119 Nowego Porz\u0105dku \u015awiata, kt\u00f3remu hierarchia ko\u015bcielna zdaje si\u0119 ca\u0142kowicie ulega\u0107.<\/em><br>\r\n<em>W odniesieniu do tych temat\u00f3w zauwa\u017calny jest coraz bardziej wyra\u017any podzia\u0142, zar\u00f3wno w rodzinach, jak i w\u015br\u00f3d przyjaci\u00f3\u0142 i znajomych. W odniesieniu do spraw \u015bwiata i Ko\u015bcio\u0142a mamy do czynienia z polaryzacj\u0105, kt\u00f3ra nie pozwala na&nbsp; wzajemne zrozumienie. To tak, jakby wy\u0142oni\u0142y si\u0119 dwie r\u00f3\u017cne kultury, dwie r\u00f3\u017cne antropologie, a nawet dwie r\u00f3\u017cne religie. Jak wi\u0119c powinni\u015bmy post\u0119powa\u0107 w tej sytuacji, je\u015bli chcemy zachowa\u0107 mi\u0142o\u015b\u0107 do prawdy?<\/em><\/p>\r\n<p><strong>Arcybiskup Vigan\u00f3 (AV)<\/strong>: Zgadzam si\u0119. Ustanowienie Nowego Porz\u0105dku, zapocz\u0105tkowane pod pretekstem tak zwanej pandemii, sprawia, \u017ce utrata wewn\u0119trznego spokoju i pogody ducha jest odczuwalna dla wielu; sprawia, \u017ce dostrzegamy z\u0142o, kt\u00f3re nas przyt\u0142acza i wobec kt\u00f3rego czujemy si\u0119 bezsilni; zaostrzaj\u0105 si\u0119 podzia\u0142y i spory mi\u0119dzy cz\u0142onkami rodziny, krewnymi i przyjaci\u00f3\u0142mi. Bardzo cz\u0119sto z przykro\u015bci\u0105 patrzymy, jak k\u0142amstwu udaje si\u0119 przekona\u0107 bliskich nam ludzi, o kt\u00f3rych s\u0105dzili\u015bmy, \u017ce s\u0105 dojrzali i potrafi\u0105 odr\u00f3\u017cni\u0107 dobro od z\u0142a. Wydaje nam si\u0119 niewiarygodne, \u017ce nasi przyjaciele dali si\u0119 oszuka\u0107, wr\u0119cz powiedzia\u0142bym, \u017ce zostali zahipnotyzowani b\u0119bnieniem medi\u00f3w g\u0142\u00f3wnego nurtu. Lekarze, kt\u00f3rych uwa\u017cali\u015bmy za sumiennych, zdaj\u0105 si\u0119 wymazywa\u0107 w\u0142asn\u0105 wiedz\u0119 naukow\u0105, wyrzekaj\u0105c si\u0119 racjonalno\u015bci w imi\u0119 czego\u015b w rodzaju szalonego przes\u0105du. Znajomi, kt\u00f3rzy do wczoraj pot\u0119piali okropno\u015bci nazizmu i komunizmu, nie zdaj\u0105 sobie sprawy, jak bardzo okropno\u015bci tych dyktatur s\u0105 ponownie prezentowane w jeszcze bardziej nieludzkiej i bezwzgl\u0119dnej formie, powielaj\u0105c na szersz\u0105 skal\u0119 eksperymenty z obozami koncentracyjnymi i naruszanie naturalnych praw cz\u0142owieka. Nie mo\u017cemy zrozumie\u0107, jak to mo\u017cliwe, \u017ce nasz proboszcz m\u00f3wi do nas o Covid, jakby to by\u0142a biblijna plaga, \u017ce burmistrz zachowuje si\u0119 jak hierarcha, \u017ce s\u0105siad dzwoni na policj\u0119, bo na tarasie rodzina organizuje grilla. Starsi ludzie, kt\u00f3rzy kiedy\u015b dzielnie walczyli i ryzykowali \u017cycie, s\u0105 teraz dos\u0142ownie terroryzowani wizj\u0105 uleczalnej grypy. Ojcowie rodzin o solidnych zasadach moralnych toleruj\u0105 indoktrynacj\u0119 swoich dzieci zach\u0119caj\u0105c\u0105 do wyst\u0119pku i perwersji, tak jakby to, co zosta\u0142o im przekazane do tej pory, nie mia\u0142o ju\u017c \u017cadnej warto\u015bci. M\u00f3wienie o mi\u0142o\u015bci do w\u0142asnego kraju, obronie granic i suwerenno\u015bci narodowej jest obecnie uwa\u017cane za przejaw postaw faszystowskich. Zadajemy sobie pytanie: gdzie s\u0105 W\u0142ochy, kt\u00f3re kochali\u015bmy? Gdzie jest Ko\u015bci\u00f3\u0142, kt\u00f3ry uczy\u0142 nas wiary i sprawi\u0142, \u017ce wzrastali\u015bmy w \u0142asce Bo\u017cej? Czy to mo\u017cliwe, \u017ce wszystko to zosta\u0142o anulowane w ci\u0105gu zaledwie kilku lat?<\/p>\r\n<p>Jest oczywistym, \u017ce to, co si\u0119 teraz dzieje, by\u0142o planowane od dziesi\u0119cioleci, zar\u00f3wno w sferze \u015bwieckiej, jak i religijnej. Wielu ludzi, bardzo wielu, zosta\u0142o oszukanych: najpierw przekonuj\u0105c ich do przyznania praw tym, kt\u00f3rzy nie podzielaj\u0105 naszej wiary ani naszych warto\u015bci, a nast\u0119pnie sprawiaj\u0105c, \u017ce czuj\u0105 si\u0119 prawie winni tego, \u017ce s\u0105 katolikami, za ich idee, za przesz\u0142o\u015b\u0107. Dzi\u015b doszli\u015bmy do punktu, w kt\u00f3rym ledwo jeste\u015bmy tolerowani jako wstecznicy i fanatycy, podczas gdy s\u0105 te\u017c tacy, kt\u00f3rzy chcieliby uczyni\u0107 przest\u0119pstwem to, co stanowi\u0142o podstaw\u0119 cywilizowanego \u017cycia przez tysi\u0105clecia oraz zadekretowa\u0107 ka\u017cde zachowanie przeciwko Bogu, przeciwko naturze i przeciwko naszej to\u017csamo\u015bci jako nie tylko legalne, ale i obowi\u0105zkowe.<\/p>\r\n<p>W obliczu tego przewrotu, kt\u00f3ry ogarnia ca\u0142e nasze spo\u0142ecze\u0144stwo, podzia\u0142, kt\u00f3ry wy\u0142ania si\u0119 mi\u0119dzy dzie\u0107mi \u015bwiat\u0142o\u015bci a dzie\u0107mi ciemno\u015bci, staje si\u0119 coraz wyra\u017aniejszy. Jest to \u0142aska, kt\u00f3rej udziela nam B\u00f3g, aby\u015bmy dokonali odwa\u017cnego i zdecydowanego wyboru. Przypomnijmy s\u0142owa Naszego Pana: \u201eNie wierzcie, \u017ce przyszed\u0142em przynie\u015b\u0107 pok\u00f3j na ziemi; Nie przyszed\u0142em przynie\u015b\u0107 pokoju, ale miecz \u201d(Mt 10, 34). Pacyfizm, o kt\u00f3rym s\u0142yszymy od dziesi\u0119cioleci, s\u0142u\u017cy jedynie rozbrojeniu dobra i zach\u0119ceniu niegodziwc\u00f3w do wykonywania ich pod\u0142ych uczynk\u00f3w. Dlatego nawet podzia\u0142 i polaryzacja mi\u0119dzy tymi, kt\u00f3rzy nale\u017c\u0105 do Miasta Bo\u017cego, a tymi, kt\u00f3rzy s\u0142u\u017c\u0105 ksi\u0119ciu tego \u015bwiata, s\u0105 po\u017cyteczne, je\u015bli s\u0142u\u017c\u0105 nam do otwarcia oczu. Mi\u0142o\u015b\u0107 do prawdy z konieczno\u015bci poci\u0105ga za sob\u0105 nienawi\u015b\u0107 do k\u0142amstwa, a przekonanie, \u017ce mo\u017cna s\u0142u\u017cy\u0107 dw\u00f3m panom, by\u0142oby nierozwa\u017cne i iluzoryczne. Je\u015bli dzisiaj poproszono by nas o dokonanie wyboru mi\u0119dzy Kr\u00f3lestwem Chrystusa a tyrani\u0105 Nowego Porz\u0105dku \u015awiata, nie mo\u017cemy unikn\u0105\u0107 tego wyboru i musimy go konsekwentnie realizowa\u0107, prosz\u0105c Pana o si\u0142\u0119, by dawa\u0107 o Nim \u015bwiadectwo a\u017c do m\u0119cze\u0144stwa. &#8230; Kto m\u00f3wi nam, \u017ce Ewangeli\u0119 mo\u017cna pogodzi\u0107 z anty-ewangeli\u0105 globalizmu, k\u0142amie, tak jak k\u0142ami\u0105 ci, kt\u00f3rzy oferuj\u0105 nam \u015bwiat bez wojen, w kt\u00f3rym wszystkie religie mog\u0105 \u017cy\u0107 razem w pokoju. Nie ma pokoju poza Kr\u00f3lestwem Chrystusa: <em>pax Christi in regno Christi<\/em>. Oczywi\u015bcie, aby z powodzeniem prowadzi\u0107 nasz\u0105 walk\u0119, powinni\u015bmy m\u00f3c liczy\u0107 na genera\u0142\u00f3w i dow\u00f3dc\u00f3w, kt\u00f3rzy nas poprowadz\u0105. Je\u015bli prawie wszyscy z nich wybrali dezercj\u0119 i zdrad\u0119, mo\u017cemy jednak liczy\u0107 na niezwyci\u0119\u017conego Przyw\u00f3dc\u0119, Naj\u015bwi\u0119tsz\u0105 Dziewic\u0119, wzywaj\u0105c Jej obrony dla Jej dzieci i ca\u0142ego Ko\u015bcio\u0142a. Pod Jej pot\u0119\u017cnym przewodnictwem nie powinni\u015bmy si\u0119 niczego ba\u0107, poniewa\u017c to Ona uderzy w g\u0142ow\u0119 staro\u017cytnego w\u0119\u017ca, przywracaj\u0105c porz\u0105dek, kt\u00f3ry z\u0142ama\u0142a pycha szatana.<\/p>\r\n<p><strong>AMV<\/strong>: <em>Porozmawiajmy o liturgii i Mszy \u015awi\u0119tej. Nie wszyscy wierni katolicy, pomimo dobrych ch\u0119ci , maj\u0105 mo\u017cliwo\u015b\u0107 uczestniczenia we Mszach Vetus Ordo i musz\u0105 \u201ezadowoli\u0107 si\u0119\u201d Mszami sprawowanymi w ich parafiach, cz\u0119sto jest to liturgia niedba\u0142a, je\u015bli nie otwarcie obarczona nadu\u017cyciami. W tych Mszach przyjmuje si\u0119 Komuni\u0119 \u015aw. na stoj\u0105co, odmawia si\u0119 Ojcze Nasz wed\u0142ug nowej formu\u0142y [podczas Mszy odprawianych w j\u0119zyku w\u0142oskim], wierni s\u0105 zaproszeni do wymiany \u201espojrzenia pokoju\u201d [zamiast znaku pokoju ], s\u0142ycha\u0107 kazania zgodne z bergoglianizmem (aby poruszy\u0107 tylko kilka aspekt\u00f3w). W ko\u0144cu wychodz\u0105 z Mszy przygn\u0119bieni, delikatnie m\u00f3wi\u0105c, a nie ze spokojem i pojednani z Bogiem i lud\u017ami. Co wi\u0119c powinni zrobi\u0107?<\/em><\/p>\r\n<p><strong>AV<\/strong>: Najpierw powinni\u015bmy zada\u0107 sobie pytanie, jak to mo\u017cliwe, \u017ce najwy\u017cszy akt kultu, ustanowiony przez naszego Pana, aby bezkrwawo uwiecznia\u0107 na naszych o\u0142tarzach niesko\u0144czone \u0142aski Ofiary Kalwarii, sta\u0142 si\u0119 raczej przeszkod\u0105 w u\u015bwi\u0119ceniu wiernych, ni\u017c okazj\u0105 do duchowego rozwoju i wewn\u0119trznego pokoju. W innych&nbsp; czasach Msza \u015aw. dawa\u0142a przeb\u0142ysk Nieba po\u015br\u00f3d udr\u0119k i chaosu \u015bwiata; dzi\u015b wydaje si\u0119, \u017ce zgie\u0142k \u015bwiata jest nieodzownym narz\u0119dziem eliminacji ciszy, modlitewnej adoracji, poczucia \u015bwi\u0119to\u015bci i obecno\u015bci Boga. Ale je\u015bli w porz\u0105dku naturalnym naszym obowi\u0105zkiem jest od\u017cywianie cia\u0142a zdrow\u0105 \u017cywno\u015bci\u0105 i unikanie tych, kt\u00f3re s\u0105 zatrute lub zafa\u0142szowane, tym bardziej naszym obowi\u0105zkiem w nadprzyrodzonym porz\u0105dku jest karmienie naszych dusz zdrowym po\u017cywieniem, trzymanie si\u0119 z daleka od tego co mo\u017ce nas otru\u0107 duchowo.<\/p>\r\n<p>Oczywi\u015bcie rozumiem trudno\u015bci wiernych w znalezieniu ko\u015bcio\u0142\u00f3w, w kt\u00f3rych sprawowana jest tradycyjna Msza \u015aw., ale my\u015bl\u0119, \u017ce Pan wie r\u00f3wnie\u017c, jak doceni\u0107 dobr\u0105 wol\u0119 tych, kt\u00f3rzy s\u0105 \u015bwiadomi wagi, jak\u0105 \u015awi\u0119ta Ofiara ma dla naszej duszy, zw\u0142aszcza w chwilach wielkiego kryzysu, takich jak te, przez kt\u00f3re przechodzimy i dlatego wiedz\u0105, jak cho\u0107by w niedziele podj\u0105\u0107 niewielki wysi\u0142ek, aby godnie \u015bwi\u0119ci\u0107 Dzie\u0144 Pa\u0144ski. By\u0142y czasy i miejsca, w kt\u00f3rych katolicy byli prze\u015bladowani, a udzia\u0142 we Mszy by\u0142 trudny i niebezpieczny, a jednak wiernym uda\u0142o si\u0119 potajemnie gromadzi\u0107 w lasach, w piwnicach lub na strychach, aby oddawa\u0107 cze\u015b\u0107 Bogu i karmi\u0107 si\u0119 Chlebem Anio\u0142\u00f3w. Mamy obowi\u0105zek by\u0107 godnymi tych naszych braci w wierze, bez wym\u00f3wek i pretekst\u00f3w. Z drugiej strony, Motu Proprio Summorum Pontificum uznaje prawo wiernych &#8211; prawo, a nie przywilej &#8211; do odprawiania tradycyjnej Mszy, a je\u015bli nie zdarza si\u0119 to wsz\u0119dzie, to w du\u017cej mierze dlatego, \u017ce wierni nie wiedz\u0105, jak to zrobi\u0107, nie nalegaj\u0105. Nie jest to kwestia troski o estetyk\u0119, zami\u0142owania do \u0142aciny czy chora\u0142u gregoria\u0144skiego, czy te\u017c formy nostalgii za w\u0142asn\u0105 przesz\u0142o\u015bci\u0105; chodzi tutaj o sedno \u017cycia Ko\u015bcio\u0142a, dusz\u0119 \u017cycia nadprzyrodzonego katolik\u00f3w, samo dobro \u015bwiata.<\/p>\r\n<p>Rozumiem, \u017ce wielu wiernych znajduje si\u0119 w trudnej sytuacji, przynajmniej z ludzkiego punktu widzenia, w momencie, gdy musz\u0105 zdecydowa\u0107, czy porzuci\u0107 \u017cycie swojej parafii, aby szuka\u0107 tradycyjnej Mszy \u015aw. gdzie indziej, nawet w odleg\u0142ych miejscach. Wierni maj\u0105 powa\u017cny obowi\u0105zek moralny przynajmniej ubiegania si\u0119 o Msz\u0119 odprawian\u0105 z godno\u015bci\u0105 i szacunkiem przez pobo\u017cnego kap\u0142ana, kt\u00f3ry udziela Komunii \u015awi\u0119tej na j\u0119zyk.<\/p>\r\n<p>Pandemia da\u0142a pretekst prze\u015bladowaniom czynno\u015bci liturgicznych. Nie bierzmy na siebie odpowiedzialno\u015bci za te nadu\u017cycia naszym milczeniem i rezygnacj\u0105, pozwalaj\u0105c na narzucanie nam nieprzyzwoitych lub \u015bwi\u0119tokradczych Mszy. Boga obra\u017ca tak\u017ce gnu\u015bno\u015b\u0107 i oboj\u0119tno\u015b\u0107, z jak\u0105 odp\u0142acamy za Jego mi\u0142o\u015b\u0107 do nas. Gnu\u015bno\u015b\u0107 coraz bardziej odczuwalna u wiernych, kt\u00f3rzy nawet w Wielk\u0105 Sobot\u0119 pozwalaj\u0105 si\u0119 zaszczepi\u0107 w ko\u015bciele, zast\u0119puj\u0105c medytacj\u0119 o sprawach ostatecznych bezpodstawnym strachem przed \u015bmierci\u0105 fizyczn\u0105. W obliczu tych przejaw\u00f3w zniewolenia duchowie\u0144stwa i hierarchii dyktatem zepsutej i skorumpowanej w\u0142adzy, zdecydowane podniesienie g\u0142osu jest nie tylko obowi\u0105zkiem moralnym, ale tak\u017ce hamulcem dla eksces\u00f3w tych duchownych, kt\u00f3rzy zapomnieli o ich kap\u0142a\u0144stwa i duchu powo\u0142ania. Powinni&nbsp; rozwa\u017cy\u0107, jak powa\u017cna jest ich wsp\u00f3\u0142praca z narracj\u0105 pandemiczn\u0105, przede wszystkim wtedy, gdy pseudonaukowy przes\u0105d zast\u0119puje wiar\u0119, zaw\u0142aszczaj\u0105c symbolik\u0119, leksykon i rytua\u0142 religii. Niech zrozumie, kto ma uszy do s\u0142uchania.<\/p>\r\n<p>Pro\u015bmy zatem naszych kap\u0142an\u00f3w, aby odprawiali Msz\u0119 \u015bw. tak, jakby by\u0142a to pierwsza i ostatnia Msza w ich \u017cyciu, aby pozbyli si\u0119 tych \u015bwiatowych nalecia\u0142o\u015bci i zwr\u00f3cili nam skarb, kt\u00f3ry uparcie trzymaj\u0105 w ukryciu. Nie zapominajmy o pomocy materialnej i duchowej kap\u0142anom, kt\u00f3rzy odwa\u017cnie i konsekwentnie sprawuj\u0105 tradycyjn\u0105 liturgi\u0119, pami\u0119taj\u0105c, \u017ce wkr\u00f3tce to oni odbuduj\u0105 tkank\u0119, kt\u00f3ra tworzy chrze\u015bcija\u0144skie spo\u0142ecze\u0144stwo. A je\u015bli sami nie mo\u017cemy regularnie uczestniczy\u0107 w Naj\u015bwi\u0119tszej Ofierze w obrz\u0119dzie przekazanym nam przez Aposto\u0142\u00f3w, trzymajmy si\u0119 z daleka od tych, kt\u00f3rzy profanuj\u0105 Naj\u015bwi\u0119tszy Sakrament i u\u017cywaj\u0105 ambony do psucia wiary i moralno\u015bci. Chcia\u0142bym jednak powt\u00f3rzy\u0107 z obowi\u0105zku sumienia, \u017ce wsz\u0119dzie tam, gdzie mo\u017cna uczestniczy\u0107 we Mszy trydenckiej bez powa\u017cnych niedogodno\u015bci, z pewno\u015bci\u0105 nale\u017cy dokona\u0107 takiego wyboru zamiast Mszy zreformowanej.<\/p>\r\n<p><strong>AMV<\/strong>: <em>Niew\u0105tpliwie zauwa\u017cy\u0142 Ekscelencja, \u017ce po raz kolejny zosta\u0142a podniesiona kwestia \u201ekto jest papie\u017cem, a kto nie jest papie\u017cem\u201d. S\u0105 tacy, kt\u00f3rzy m\u00f3wi\u0105: bior\u0105c pod uwag\u0119, \u017ce Bergoglio zosta\u0142 wybrany w oparciu o&nbsp; manipulacje mafii z Saint Gallen i by\u0107 mo\u017ce w zwi\u0105zku z nieprawid\u0142owo\u015bciami podczas konklawe, nie jest on papie\u017cem. O Ratzingerze m\u00f3wi si\u0119 za\u015b, \u017ce jest papie\u017cem, poniewa\u017c nie zrzek\u0142 si\u0119 on tronu dobrowolnie, ale raczej dlatego, \u017ce zosta\u0142 zmuszony przez silne naciski oraz rzekomo celowo napisa\u0142 \u0142aci\u0144ski tekst rezygnacji z b\u0142\u0119dami, aby by\u0142 on niewa\u017cny. Czy jest to tylko \u201efantastyka ko\u015bcielna\u201d? Czy jest w tym jaki\u015b element, kt\u00f3ry nale\u017cy wzi\u0105\u0107 pod uwag\u0119?<\/em><\/p>\r\n<p><strong>AV<\/strong>: Wiele przyczyn &#8211; silne i nieuzasadnione naciski zar\u00f3wno zewn\u0119trzne w stosunku do Ko\u015bcio\u0142a, jak i ze strony wybitnych cz\u0142onk\u00f3w hierarchii, a tak\u017ce charakter Josepha Ratzingera &#8211; mia\u0142y sk\u0142oni\u0107 Benedykta XVI do sformu\u0142owania deklaracji rezygnacji w zupe\u0142nie niebywa\u0142y spos\u00f3b, pozostawiaj\u0105c Ko\u015bci\u00f3\u0142 w stanie powa\u017cnej niepewno\u015bci i zam\u0119tu. M\u00f3wi si\u0119, \u017ce machinacje grupy post\u0119powych spiskowc\u00f3w wskaza\u0142y Bergoglio jako kandydata wybranego w trakcie konklawe, co by\u0142o naruszeniem&nbsp; Konstytucji Apostolskiej Universi Dominici Gregis, kt\u00f3ra reguluje wyb\u00f3r Papie\u017ca. M\u00f3wi si\u0119, \u017ce s\u0105 powody do uniewa\u017cnienia abdykacji Ratzingera, uniewa\u017cnienia Konklawe z 2013 r., a tak\u017ce niewa\u017cno\u015bci wyboru nast\u0119pcy Benedykta. Jednak cho\u0107 m\u00f3wi si\u0119 o nich szeroko i otwarcie, elementy te wymagaj\u0105 potwierdzenia, a przede wszystkim deklaracji najwy\u017cszej w\u0142adzy Ko\u015bcio\u0142a. Ka\u017cda deklaracja dokonana przez tych, kt\u00f3rzy nie maj\u0105 do tego uprawnie\u0144, by\u0142aby pochopna. Uwa\u017cam r\u00f3wnie\u017c, \u017ce w obecnej sytuacji sp\u00f3r o to, kto jest panuj\u0105cym Papie\u017cem, s\u0142u\u017cy jedynie os\u0142abieniu ju\u017c rozdrobnionej, zdrowej cz\u0119\u015bci cia\u0142a ko\u015bcielnego, siej\u0105c podzia\u0142 w\u015br\u00f3d dobrych ludzi.<\/p>\r\n<p>M\u00f3dlmy si\u0119 z ufno\u015bci\u0105 do Pana, aby wywi\u00f3d\u0142 prawd\u0119 na \u015bwiat\u0142o dzienne i wskaza\u0142 nam drog\u0119, kt\u00f3r\u0105 nale\u017cy pod\u0105\u017ca\u0107. Na razie, mocni cnot\u0105 Roztropno\u015bci, kt\u00f3ra kieruje \u015brodkami prowadz\u0105cymi ku ostatecznemu celowi, pozosta\u0144my wierni i zazdro\u015bnie strze\u017cmy tego, w co Ko\u015bci\u00f3\u0142 zawsze wierzy\u0142: <em>quod semper, quod ubique, quod ab omnibus creditum est<\/em>.<\/p>\r\n<p><strong>AMV<\/strong>: <em>Jak si\u0119 modli\u0107 w tych czasach pod wieloma wzgl\u0119dami tak skomplikowanych i zagmatwanych? Czy zechcia\u0142by nam Ekscelencja podpowiedzie\u0107, jak zwr\u00f3ci\u0107 si\u0119 do naszego Pana?<\/em><\/p>\r\n<p><strong>AV<\/strong>: To, co dzieje si\u0119 dzisiaj, jest spowodowane publicznymi grzechami narod\u00f3w, grzechami jednostek i &#8211; jakkolwiek okropnie mo\u017ce to zabrzmie\u0107 &#8211; grzechami ludzi Ko\u015bcio\u0142a. Nie mo\u017cemy nic poradzi\u0107 na grzechy narod\u00f3w ani hierarchii, ale mo\u017cemy zacz\u0105\u0107 od pokory i ducha prawdziwego nawr\u00f3cenia, aby naprawi\u0107 nasze w\u0142asne grzechy, nasz\u0105 niewierno\u015b\u0107 i ozi\u0119b\u0142o\u015b\u0107. Tak wi\u0119c, gdy nowi faryzeusze maj\u0105 upodobanie w u\u017cywaniu \u015bwiata, opr\u00f3cz modlitwy o ich nawr\u00f3cenie, musimy prosi\u0107 o mi\u0142osierdzie Pana dla siebie s\u0142owami Ewangelii: \u201eO Bo\u017ce, zmi\u0142uj si\u0119 nade mn\u0105 grzesznym\u201d (\u0141k 18: 13). Spo\u0142ecze\u0144stwo, a tym bardziej Ko\u015bci\u00f3\u0142, odniesie wielkie korzy\u015bci z naszej wierno\u015bci i naszego kroczenia \u015bcie\u017ck\u0105 \u015bwi\u0119to\u015bci, kt\u00f3ra zosta\u0142a dla nas przygotowana, z \u0142ask\u0105 Bo\u017c\u0105 i pod opiek\u0105 Naj\u015bwi\u0119tszej Dziewicy. Nie pozbawiajmy si\u0119 ufnego zwracania si\u0119 do Tej, kt\u00f3r\u0105 nasz Pan da\u0142 nam na krzy\u017cu jako nasz\u0105 Matk\u0119 i kt\u00f3ra jako taka nie odm\u00f3wi nam pomocy w naszych wysi\u0142kach.&nbsp;<\/p>\r\n<p><strong>AMV<\/strong>: <em>Zbli\u017camy si\u0119 do Wielkanocy, mimo wszystko Pan z martwych wstaje. Chcemy znale\u017a\u0107 pow\u00f3d do nadziei. To trudne przedsi\u0119wzi\u0119cie, ale czy mo\u017cemy spr\u00f3bowa\u0107?<\/em><\/p>\r\n<p><strong>AV<\/strong>: Nie tylko mo\u017cemy pr\u00f3bowa\u0107, musimy mie\u0107 wiar\u0119, a tak\u017ce praktykowa\u0107 cnot\u0119 nadziei, zgodnie z kt\u00f3r\u0105 wiemy, \u017ce Pan udziela nam \u0142aski potrzebnej do unikni\u0119cia grzechu, czynienia dobra i zas\u0142u\u017cenia na wieczne szcz\u0119\u015bcie w Niebie. Nie zapominajmy, \u017ce pielgrzymujemy na tym \u0142ez padole, a nasz\u0105 ojczyzn\u0105 jest niebia\u0144skie Jeruzalem, razem z Anio\u0142ami i \u015awi\u0119tymi w chwale Tr\u00f3jcy Przenaj\u015bwi\u0119tszej. S\u0142owa liturgii paschalnej oznajmiaj\u0105: zmartwychwsta\u0142 raz na zawsze, pokonuj\u0105c szatana i zabieraj\u0105c mu cyrograf, kt\u00f3ry Adam podpisa\u0142 grzechem pierworodnym. Obecny dopust Bo\u017cy, strach przed opuszczeniem i samotno\u015bci\u0105 wobec pot\u0119\u017cnego sojuszu, kt\u00f3ry wydaje si\u0119 nas przygniata\u0107 i zwyci\u0119\u017ca\u0107, nie powinien nas przera\u017ca\u0107, ale pobudza\u0107 do odnowienia zaufania do Tego, kt\u00f3ry powiedzia\u0142 o sobie: &#8222;To wam powiedzia\u0142em, aby\u015bcie pok\u00f3j we Mnie mieli. Na \u015bwiecie doznacie ucisku, ale miejcie odwag\u0119: Jam zwyci\u0119\u017cy\u0142 \u015bwiat.&#8221;<\/p>\r\n<p>Niech ta \u015awi\u0119ta Wielkanoc zach\u0119ci nas do powrotu do Boga, ofiarowuj\u0105c nasze trudy i cierpienia w duchu pokuty i zado\u015b\u0107uczynienia za nawr\u00f3cenie grzesznik\u00f3w, aby\u015bmy po tym, jak ju\u017c podzielimy si\u0119 kielichem z Getsemani, mogli sta\u0107 si\u0119 godni chwa\u0142y zmartwychwstania.<\/p>\r\n<p>Wielki CZWARTEK 2021<\/p>\r\n<p><em>T\u0142um. S\u0142awomir Soja<\/em><\/p>\r\n<p class=\"podpis_sz\">\u0179r\u00f3d\u0142o: <a href=\"https:\/\/remnantnewspaper.com\/web\/index.php\/articles\/item\/5342-interview-of-aldo-maria-valli-with-mons-carlo-maria-vigano\">The Remanant &#8211; &#8222;Interview of Aldo Maria Valli with Mons. Carlo Maria Vigan\u00f2&#8221; &#8211; April 5, 2021<\/a><br>\r\n<br>\r\nWywiad pierwotnie ukaza\u0142 si\u0119 po w\u0142osku &#8211; <span style=\"text-decoration: underline;\"><a href=\"https:\/\/www.aldomariavalli.it\/2021\/04\/01\/intervista-carlo-maria-vigano-possa-questa-santa-pasqua-spronarci-a-un-ritorno-a-dio-dobbiamo-avere-fede-ed-esercitare-la-virtu-della-speranza\/\">tutaj<\/a><\/span><\/p>","protected":false},"excerpt":{"rendered":"Wywiad Abp. Vigan\u00f3 przeprowadzony przez Aldo Maria Valli Aldo Maria Valli (AMV): Ekscelencja za pomoc\u0105 r\u00f3\u017cnych, dost\u0119pnych mu \u015brodk\u00f3w przekazu, stara si\u0119 krytykowa\u0107 szerz\u0105c\u0105 si\u0119 w Ko\u015bciele apostazj\u0119 oraz tyrani\u0119 Nowego Porz\u0105dku \u015awiata, kt\u00f3remu hierarchia ko\u015bcielna zdaje si\u0119 ca\u0142kowicie ulega\u0107. W odniesieniu do tych temat\u00f3w zauwa\u017calny jest coraz bardziej wyra\u017any podzia\u0142, zar\u00f3wno w rodzinach, jak [&hellip;]","protected":false},"author":1,"featured_media":0,"comment_status":"closed","ping_status":"closed","sticky":false,"template":"","format":"standard","meta":{"_acf_changed":false,"_monsterinsights_skip_tracking":false,"_monsterinsights_sitenote_active":false,"_monsterinsights_sitenote_note":"","_monsterinsights_sitenote_category":0,"ngg_post_thumbnail":0,"footnotes":"","_wp_rev_ctl_limit":""},"categories":[451],"tags":[455,433,351,20,452,33],"acf":[],"_links":{"self":[{"href":"https:\/\/www.bibula.com\/index.php?rest_route=\/wp\/v2\/posts\/124116"}],"collection":[{"href":"https:\/\/www.bibula.com\/index.php?rest_route=\/wp\/v2\/posts"}],"about":[{"href":"https:\/\/www.bibula.com\/index.php?rest_route=\/wp\/v2\/types\/post"}],"author":[{"embeddable":true,"href":"https:\/\/www.bibula.com\/index.php?rest_route=\/wp\/v2\/users\/1"}],"replies":[{"embeddable":true,"href":"https:\/\/www.bibula.com\/index.php?rest_route=%2Fwp%2Fv2%2Fcomments&post=124116"}],"version-history":[{"count":6,"href":"https:\/\/www.bibula.com\/index.php?rest_route=\/wp\/v2\/posts\/124116\/revisions"}],"predecessor-version":[{"id":124122,"href":"https:\/\/www.bibula.com\/index.php?rest_route=\/wp\/v2\/posts\/124116\/revisions\/124122"}],"wp:attachment":[{"href":"https:\/\/www.bibula.com\/index.php?rest_route=%2Fwp%2Fv2%2Fmedia&parent=124116"}],"wp:term":[{"taxonomy":"category","embeddable":true,"href":"https:\/\/www.bibula.com\/index.php?rest_route=%2Fwp%2Fv2%2Fcategories&post=124116"},{"taxonomy":"post_tag","embeddable":true,"href":"https:\/\/www.bibula.com\/index.php?rest_route=%2Fwp%2Fv2%2Ftags&post=124116"}],"curies":[{"name":"wp","href":"https:\/\/api.w.org\/{rel}","templated":true}]}}